{"id":327639,"date":"2026-08-18T12:25:11","date_gmt":"2026-08-18T12:25:11","guid":{"rendered":"https:\/\/www.europesays.com\/fi\/327639\/"},"modified":"2026-08-18T12:25:11","modified_gmt":"2026-08-18T12:25:11","slug":"eurooppan-helteet-olisivat-voineet-jamahtaa-suomen-ylle","status":"publish","type":"post","link":"https:\/\/www.europesays.com\/fi\/327639\/","title":{"rendered":"Eurooppan helteet olisivat voineet j\u00e4m\u00e4ht\u00e4\u00e4 Suomen ylle"},"content":{"rendered":"<p class=\"sc-e683d47a-0 dzYyoM is-block has-drop-cap is-body-m\">Kes\u00e4n keleist\u00e4 tuli meteorologi <strong>Markus M\u00e4ntykannakselle<\/strong> aivan erityist\u00e4 palautetta.<\/p>\n<p class=\"sc-e683d47a-0 dzYyoM is-block is-body-m\">\u2013 Tuli pari kysymyst\u00e4, ett\u00e4 ettek\u00f6 te saa niit\u00e4 s\u00e4it\u00e4 mitenk\u00e4\u00e4n kohdalleen. Aivan kuin joku olisi oikeasti ajatellut, ett\u00e4 me voimme laittaa tietyn paikkakunnan s\u00e4\u00e4n tietynlaiseksi. En muista, ett\u00e4 aiemmin olisi sellaista tullut, Forecassa ty\u00f6skentelev\u00e4 M\u00e4ntykannas kertoo.<\/p>\n<p class=\"sc-e683d47a-0 dzYyoM is-block is-body-m\">N\u00e4in siit\u00e4 huolimatta, ett\u00e4 kulunut kes\u00e4 on ollut keleilt\u00e4\u00e4n oikeastaan hyvinkin tavallinen suomalainen kes\u00e4.<\/p>\n<p class=\"sc-e683d47a-0 dzYyoM is-block is-body-m\">Vaikkei jokainen kansalainen samaa mielt\u00e4 olekaan, M\u00e4ntykannaksen mielest\u00e4 Suomella oli t\u00e4n\u00e4 kes\u00e4n\u00e4 my\u00f6s hyv\u00e4\u00e4 tuuria kes\u00e4s\u00e4iden suhteen.<\/p>\n<p class=\"sc-e683d47a-0 dzYyoM is-block has-drop-cap is-body-m\">Mutta miksi kes\u00e4n s\u00e4\u00e4 tuntui niin monesta surkealta? Ainakin ihmisen muisti on lyhyt. Vuosien 2025 ja 2024 kesin\u00e4 suomalaiset saivat nauttia \u2013 tai joutuivat k\u00e4rsim\u00e4\u00e4n, riippuu, kenelt\u00e4 kysyy \u2013 pitkist\u00e4 kuumista ja kuivista hellejaksoista.<\/p>\n<p class=\"sc-e683d47a-0 dzYyoM is-block is-body-m\">M\u00e4ntykannas arvelee, ett\u00e4 moni suomalainen odotti samanlaisia t\u00e4n\u00e4 kes\u00e4n\u00e4kin. Mutta suomalaista kes\u00e4s\u00e4\u00e4t\u00e4 on py\u00f6ritt\u00e4nyt l\u00e4hinn\u00e4 sitke\u00e4 matalapaine, joka ei tuo pitki\u00e4 vakaita s\u00e4\u00e4jaksoja.<\/p>\n<p class=\"sc-e683d47a-0 dzYyoM is-block is-body-m\">\u2013 Jos Suomen ymp\u00e4rist\u00f6ss\u00e4 on selke\u00e4piirteinen korkeapaine, s\u00e4\u00e4t\u00e4 on suhteellisen helppo ennustaa. Matalapaine taas tuo p\u00e4iv\u00e4st\u00e4 toiseen vaihtelevaa oikukasta kes\u00e4s\u00e4\u00e4t\u00e4.<\/p>\n<p class=\"sc-e683d47a-0 dzYyoM is-block is-body-m\">Juuri hein\u00e4kuun lomaviikoille sattui viel\u00e4 osumaan koleita ja sateisia p\u00e4ivi\u00e4.<\/p>\n<blockquote class=\"sc-9eb0db37-0 bsczhu\"><p>\u201dKeskiarvo ei kerro sit\u00e4, millainen kes\u00e4 on ollut tietyll\u00e4 paikkakunnalla.\u201d<\/p><\/blockquote>\n<p class=\"sc-e683d47a-0 dzYyoM is-block is-body-m\">Vaikka s\u00e4\u00e4 ei koko Suomen keskiarvojen tasolla ollut mitenk\u00e4\u00e4n erityinen, matalapaineen vallitessa s\u00e4\u00e4 on vaihdellut paljon paikkakunnittain.<\/p>\n<p class=\"sc-e683d47a-0 dzYyoM is-block is-body-m\">\u2013 Koko maan keskiarvo ei siis kerro sit\u00e4, millainen kes\u00e4 on ollut tietyll\u00e4 paikkakunnalla.<\/p>\n<p class=\"sc-e683d47a-0 dzYyoM is-block is-body-m\">Jonnekin on voinut pudota vaikkapa kuurosadetta muutamassa p\u00e4iv\u00e4ss\u00e4 kahta kuukautta vastaava m\u00e4\u00e4r\u00e4 ja samaan aikaan naapuripit\u00e4j\u00e4 on j\u00e4\u00e4nyt k\u00e4yt\u00e4nn\u00f6ss\u00e4 kuivaksi. <\/p>\n<p class=\"sc-e683d47a-0 dzYyoM is-block is-body-m\">M\u00e4ntykannas kertoo, ett\u00e4 n\u00e4in k\u00e4vi hiljattain Etel\u00e4-Pohjanmaalla, kun Sein\u00e4joelle ry\u00f6ppysi yli sata milli\u00e4 sadetta ja naapurikuntiin vain murto-osa.<\/p>\n<p class=\"sc-e683d47a-0 dzYyoM is-block is-body-m\">Tietyiss\u00e4 osissa maata kes\u00e4 on siis hyvinkin voinut olla selv\u00e4sti tavallista sateisempi.<\/p>\n<p class=\"sc-e683d47a-0 dzYyoM is-block has-drop-cap is-body-m\">M\u00e4ntykannas kertoo, ett\u00e4 toisin kuin jutun alussa mainitut pari erikoisyksil\u00f6\u00e4, melkein kaikki ihmiset ymm\u00e4rt\u00e4v\u00e4t, ettei meteorologi s\u00e4\u00e4d\u00e4 s\u00e4it\u00e4. Palautetta tuleekin enimm\u00e4kseen siit\u00e4, ettei ennuste osu kohdalleen. Tai ei ainakaan tunnu osuvan.<\/p>\n<p class=\"sc-e683d47a-0 dzYyoM is-block is-body-m\">Meteorologin ja kansalaisen n\u00e4k\u00f6kulma kun voi olla varsin erilainen, sanoo M\u00e4ntykannas. S\u00e4\u00e4ennusteessa voi olla vaikkapa voimakkaita kuurosateita tietyss\u00e4 maakunnassa tietyll\u00e4 p\u00e4iv\u00e4ll\u00e4. Jos n\u00e4it\u00e4 sateita sitten tulee jossain p\u00e4in maakuntaa, meteorologin mielest\u00e4 ennuste on osunut.<\/p>\n<p class=\"sc-e683d47a-0 dzYyoM is-block is-body-m\">Mutta sen maakunnan asukkaan mielest\u00e4, jonka kotipaikka j\u00e4\u00e4kin kuivaksi, ennuste ei ole sattunut kohdalleen. Kun tilanne on se, ett\u00e4 kuurosateita tulee, sadem\u00e4\u00e4ri\u00e4 on vaikeampi ennustaa kuin l\u00e4mp\u00f6tilaa.<\/p>\n<p class=\"sc-e683d47a-0 dzYyoM is-block is-body-m\">\u2013 S\u00e4\u00e4mallien resoluutio ei riit\u00e4 ennustamaan sit\u00e4, mihin tarkalleen sataa. Kuuropilvet syntyv\u00e4t sattumanvaraisesti, v\u00e4h\u00e4n kuin ilmakuplat kiehuvassa vedess\u00e4.<\/p>\n<p><img decoding=\"async\" src=\"https:\/\/www.europesays.com\/fi\/wp-content\/uploads\/2026\/08\/mantykangas2_R2koy.jpg\" class=\"sc-17bd90d0-1 dztxNs\"\/><img alt=\"Kuvassa meteorologi Markus M\u00e4ntykannas. H\u00e4n pohtii, ett\u00e4 ihmiset odottavat s\u00e4\u00e4ennusteilta sellaista tarkkuutta, johon ei ole mahdollista p\u00e4\u00e4st\u00e4.\" loading=\"lazy\" width=\"1024\" height=\"1024\" decoding=\"async\" data-nimg=\"1\" class=\"sc-17bd90d0-2 UOoFp has-placeholder\" style=\"color:transparent\"   src=\"https:\/\/www.europesays.com\/fi\/wp-content\/uploads\/2026\/08\/1787055911_994_mantykangas2_R2koy.jpg\"\/>Markus M\u00e4ntykannas pohtii, ett\u00e4 ihmiset odottavat s\u00e4\u00e4ennusteilta sellaista tarkkuutta, johon ei ole mahdollista p\u00e4\u00e4st\u00e4.<\/p>\n<p class=\"sc-e683d47a-0 dzYyoM is-block has-drop-cap is-body-m\">M\u00e4ntykannaksen mielest\u00e4 osa ihmisist\u00e4 vaatii s\u00e4\u00e4ennusteilta sellaista, mit\u00e4 niilt\u00e4 ei voi yksinkertaisesti saada. Paikkakuntakohtaisia tarkkoja ennusteita ei nykyisill\u00e4 malleilla voi laatia monen vuorokauden p\u00e4\u00e4h\u00e4n.<\/p>\n<p class=\"sc-e683d47a-0 dzYyoM is-block is-body-m\">\u2013 Tied\u00e4n, ett\u00e4 moni katsoo s\u00e4\u00e4ennusteita sovelluksesta niin, ett\u00e4 katsotaan vain se yksi p\u00e4iv\u00e4kohtainen s\u00e4\u00e4symboli. Siihen symboliin on pakko niputtaa koko p\u00e4iv\u00e4n s\u00e4\u00e4tila, vaikka aamup\u00e4iv\u00e4ll\u00e4 sataisi ja iltap\u00e4iv\u00e4ll\u00e4 paistaisi aurinko.<\/p>\n<p class=\"sc-e683d47a-0 dzYyoM is-block is-body-m\">T\u00e4st\u00e4 syntyy sitten pettymyksi\u00e4, varsinkin loma-aikana, kun odotukset s\u00e4\u00e4n suhteen ovat kovat.<\/p>\n<p class=\"sc-e683d47a-0 dzYyoM is-block is-body-m\">M\u00e4ntykannas sanoo, ett\u00e4 suuren mittakaavan ilmi\u00f6iss\u00e4 ennustemallit toimivat hyvin pidemm\u00e4llekin ajalle. Silloin tarkkuus on kuitenkin sit\u00e4 luokkaa, ett\u00e4 jostain viikosta voidaan ennustaa tulevan tavallista sateisempi.<\/p>\n<p class=\"sc-e683d47a-0 dzYyoM is-block is-body-m\">Paikallisesti parhaan tiedon sateista saa M\u00e4ntykannaksen mukaan nyky\u00e4\u00e4n eri ennustepalveluiden tarjoamista sadetutkista. Niist\u00e4 n\u00e4kee, miten sadealueet ovat liikkuneet, ja lis\u00e4ksi ne tarjoavat ennusteen sateista l\u00e4hitunneille.<\/p>\n<p class=\"sc-e683d47a-0 dzYyoM is-block is-body-m\">S\u00e4\u00e4st\u00e4 ja sen ennustamisesta M\u00e4ntykannas kertoo enemm\u00e4n tuoreessa Koko kansan s\u00e4\u00e4opas -kirjassaan.<\/p>\n<p class=\"sc-e683d47a-0 dzYyoM is-block has-drop-cap is-body-m\">Palataan lopuksi suureen kuvaan ja siihen tuuriin, joka Suomella kes\u00e4s\u00e4iden suhteen on ollut. Muualla Euroopassa on kes\u00e4n aikana koettu paahtavia ja pitki\u00e4 hellejaksoja, jotka ovat johtaneet jokien ja pohjavesien pinnan putoamiseen, maastopaloihin ja tuhansiin ennenaikaisiin kuolemiin.<\/p>\n<p class=\"sc-e683d47a-0 dzYyoM is-block is-body-m\">T\u00e4m\u00e4n kaltaiset l\u00e4mp\u00f6aallot ovat entist\u00e4 todenn\u00e4k\u00f6isempi\u00e4 ilmastonmuutoksen l\u00e4mmitt\u00e4m\u00e4ss\u00e4 Euroopassa. M\u00e4ntykannas arvioi, ett\u00e4 siihen \u2013 kuten my\u00f6s Suomen kes\u00e4s\u00e4\u00e4h\u00e4n \u2013 on vaikuttanut my\u00f6s Tyynell\u00e4merell\u00e4 parhaillaan voimistuva El Ni\u00f1o -ilmi\u00f6.<\/p>\n<p class=\"sc-e683d47a-0 dzYyoM is-block is-body-m\">Sill\u00e4 tarkoitetaan merivirran ajoittaista muutosta, josta seuraa pintaveden l\u00e4mpeneminen Tyynenmeren it\u00e4osassa. Se muuttaa erityisesti Etel\u00e4-Amerikan ja Aasian s\u00e4\u00e4t\u00e4.<\/p>\n<p class=\"sc-e683d47a-0 dzYyoM is-block is-body-m\">\u2013 Olen lukenut tutkimuksia, joiden mukaan se voi aiheuttaa my\u00f6s Euroopassa pitkien korkeapainejaksojen muodostumista ja toisaalta sit\u00e4, ett\u00e4 toisaalla Euroopassa on samaan aikaan pitk\u00e4\u00e4n matalapaine. Silloin l\u00e4mp\u00f6tilaerot ovat suuria. Ja t\u00e4st\u00e4 on saatu nyt esimerkki.<\/p>\n<blockquote class=\"sc-9eb0db37-0 bsczhu\"><p>\u201dNyt saatiin pitk\u00e4\u00e4n kaivattuja sateita, pohjavesitilannekin parani.\u201d<\/p><\/blockquote>\n<p class=\"sc-e683d47a-0 dzYyoM is-block is-body-m\">Nykyisest\u00e4 El Ni\u00f1osta ennustetaan mittaushistorian voimakkainta, joten se voi mahdollisesti vaikuttaa Eurooppaan my\u00f6hemminkin t\u00e4n\u00e4 vuonna ja ensi vuoden alussa.<\/p>\n<p class=\"sc-e683d47a-0 dzYyoM is-block is-body-m\">M\u00e4ntykannas sanoo, ett\u00e4 on aina v\u00e4h\u00e4n sattumankauppaa, mihin kes\u00e4n korkeapaineet sattuvat asettumaan. Euroopan hirmuhelteist\u00e4 ovat saaneet osansa my\u00f6s Tanska ja Etel\u00e4-Ruotsi, joten kovin kaukana ei ollut, ettei my\u00f6s Suomeen olisi tullutkin kuuma ja kuiva kes\u00e4 vaihtelevan peruskes\u00e4n sijaan.<\/p>\n<p class=\"sc-e683d47a-0 dzYyoM is-block is-body-m\">\u2013 Itse olen eritt\u00e4in kiitollinen siit\u00e4, ettei korkeapaine j\u00e4m\u00e4ht\u00e4nyt yht\u00e4\u00e4n pohjoisemmaksi. Meill\u00e4 Suomessa oli taustalla eritt\u00e4in kuiva talvi ja kev\u00e4t. Nyt saatiin t\u00e4nne pitk\u00e4\u00e4n kaivattuja sateita, pohjavesitilannekin parani.<\/p>\n<p class=\"sc-e683d47a-0 dzYyoM is-block is-body-m\">Ehk\u00e4 ihan tavallinen suomalainen kes\u00e4s\u00e4\u00e4 olikin siis juuri sit\u00e4, mit\u00e4 maa kaipasi.<\/p>\n","protected":false},"excerpt":{"rendered":"Kes\u00e4n keleist\u00e4 tuli meteorologi Markus M\u00e4ntykannakselle aivan erityist\u00e4 palautetta. \u2013 Tuli pari kysymyst\u00e4, ett\u00e4 ettek\u00f6 te saa niit\u00e4&hellip;\n","protected":false},"author":2,"featured_media":327640,"comment_status":"","ping_status":"","sticky":false,"template":"","format":"standard","meta":{"footnotes":"","_share_on_mastodon":"0"},"categories":[117],"tags":[33,31,30,795,72,476,118,32,119,477],"class_list":["post-327639","post","type-post","status-publish","format-standard","has-post-thumbnail","category-luonto","tag-fi","tag-finland","tag-finnish","tag-ilmiot","tag-luonto","tag-nature","tag-science","tag-suomi","tag-tiede","tag-wildlife"],"share_on_mastodon":{"url":"https:\/\/pubeurope.com\/@fi\/117116504187232273","error":""},"_links":{"self":[{"href":"https:\/\/www.europesays.com\/fi\/wp-json\/wp\/v2\/posts\/327639","targetHints":{"allow":["GET"]}}],"collection":[{"href":"https:\/\/www.europesays.com\/fi\/wp-json\/wp\/v2\/posts"}],"about":[{"href":"https:\/\/www.europesays.com\/fi\/wp-json\/wp\/v2\/types\/post"}],"author":[{"embeddable":true,"href":"https:\/\/www.europesays.com\/fi\/wp-json\/wp\/v2\/users\/2"}],"replies":[{"embeddable":true,"href":"https:\/\/www.europesays.com\/fi\/wp-json\/wp\/v2\/comments?post=327639"}],"version-history":[{"count":0,"href":"https:\/\/www.europesays.com\/fi\/wp-json\/wp\/v2\/posts\/327639\/revisions"}],"wp:featuredmedia":[{"embeddable":true,"href":"https:\/\/www.europesays.com\/fi\/wp-json\/wp\/v2\/media\/327640"}],"wp:attachment":[{"href":"https:\/\/www.europesays.com\/fi\/wp-json\/wp\/v2\/media?parent=327639"}],"wp:term":[{"taxonomy":"category","embeddable":true,"href":"https:\/\/www.europesays.com\/fi\/wp-json\/wp\/v2\/categories?post=327639"},{"taxonomy":"post_tag","embeddable":true,"href":"https:\/\/www.europesays.com\/fi\/wp-json\/wp\/v2\/tags?post=327639"}],"curies":[{"name":"wp","href":"https:\/\/api.w.org\/{rel}","templated":true}]}}