{"id":327671,"date":"2026-08-18T13:16:14","date_gmt":"2026-08-18T13:16:14","guid":{"rendered":"https:\/\/www.europesays.com\/fi\/327671\/"},"modified":"2026-08-18T13:16:14","modified_gmt":"2026-08-18T13:16:14","slug":"iivo-niskanen-kertoi-iloisen-perheuutisen","status":"publish","type":"post","link":"https:\/\/www.europesays.com\/fi\/327671\/","title":{"rendered":"Iivo Niskanen kertoi iloisen perheuutisen"},"content":{"rendered":"<p>Iivo Niskasesta tulee kolmannen kerran is\u00e4.<\/p>\n<p><img decoding=\"async\" class=\"image image-show image-preview\" src=\"https:\/\/www.europesays.com\/fi\/wp-content\/uploads\/2026\/08\/a0fa4cdc0a2fe8a71ee79045f68fa5b34942e8686910ad715469928a4b576b62.jpg\" alt=\"\"\/><img decoding=\"async\" class=\"image image-show\" src=\"https:\/\/www.europesays.com\/fi\/wp-content\/uploads\/2026\/08\/1787058972_139_a0fa4cdc0a2fe8a71ee79045f68fa5b34942e8686910ad715469928a4b576b62.jpg\" alt=\"\"\/><\/p>\n<p>Iivo ja Saana Niskanen saavat kolmannen lapsen. Jenni G\u00e4stgivar<\/p>\n<p class=\"paragraph\">Hiihtot\u00e4hti <strong>Iivo Niskanen<\/strong> saa puolisonsa <strong>Saana Niskasen<\/strong> kanssa kolmannen lapsen. Pariskunta kertoi ilouutisesta Instagramissa.<\/p>\n<p class=\"paragraph\">Niskasten esikoispoika syntyi vuonna 2022. Tytt\u00e4ren pariskunta sai vuonna 2024. Kolmannen lapsen sukupuolta Niskaset eiv\u00e4t viel\u00e4 paljastaneet.<\/p>\n<p class=\"paragraph\">Iivo ja Saana meniv\u00e4t kihloihin vuonna 2014. Pariskunnan h\u00e4it\u00e4 juhlittiin nelj\u00e4 vuotta my\u00f6hemmin.<\/p>\n<p class=\"paragraph\">34-vuotias hiihtosankari on voittanut urallaan muun muassa kolme olympiakultaa ja yhden MM-kullan.<\/p>\n<p class=\"paragraph\">Aiheesta lis\u00e4\u00e4 hetken kuluttua.<\/p>\n<p class=\"paragraph\">Jos kuvat eiv\u00e4t n\u00e4y laitteellasi, voit katsoa ne <a href=\"https:\/\/www.instagram.com\/p\/DcLi0NOCojK\/?hl=fi&amp;img_index=1\" target=\"_blank\" rel=\"noopener nofollow\">t\u00e4\u00e4lt\u00e4<\/a>.<\/p>\n<p><a href=\"https:\/\/www.iltalehti.fi\/telkku\/?utm_source=iltalehti.fi&amp;utm_medium=almainternal&amp;utm_campaign=urheilu_artikkelibanneri&amp;utm_content=banner_612_a\" rel=\"nofollow noopener\" target=\"_blank\"><img decoding=\"async\" src=\"https:\/\/www.europesays.com\/fi\/wp-content\/uploads\/2026\/08\/1787058974_902_7ef604e47d46ca174b7df4149bd3557dbde56a86d520f8e1b2125548b0a2e03a.png\" alt=\"TV-ohjelmat t\u00e4n\u00e4\u00e4n, TV-opas\"\/><\/a><script async src=\"\/\/www.instagram.com\/embed.js\"><\/script><\/p>\n","protected":false},"excerpt":{"rendered":"Iivo Niskasesta tulee kolmannen kerran is\u00e4. Iivo ja Saana Niskanen saavat kolmannen lapsen. Jenni G\u00e4stgivar Hiihtot\u00e4hti Iivo Niskanen&hellip;\n","protected":false},"author":2,"featured_media":327672,"comment_status":"","ping_status":"","sticky":false,"template":"","format":"standard","meta":{"footnotes":"","_share_on_mastodon":"0"},"categories":[5],"tags":[35,22,23,26,27,33,31,30,17,2096,101,99,100,24,25,28,29,15,18,21,98,32,19,20,16],"class_list":["post-327671","post","type-post","status-publish","format-standard","has-post-thumbnail","category-otsikot","tag-24h","tag-breaking-news","tag-breakingnews","tag-featured-news","tag-featurednews","tag-fi","tag-finland","tag-finnish","tag-headlines","tag-hiihtolajit","tag-ihmissuhteet","tag-lapset","tag-lapset-ja-nuoret","tag-latest-news","tag-latestnews","tag-main-news","tag-mainnews","tag-news","tag-otsikot","tag-paauutiset","tag-perhe","tag-suomi","tag-top-stories","tag-topstories","tag-uutiset"],"share_on_mastodon":{"url":"https:\/\/pubeurope.com\/@fi\/117116704678659445","error":""},"_links":{"self":[{"href":"https:\/\/www.europesays.com\/fi\/wp-json\/wp\/v2\/posts\/327671","targetHints":{"allow":["GET"]}}],"collection":[{"href":"https:\/\/www.europesays.com\/fi\/wp-json\/wp\/v2\/posts"}],"about":[{"href":"https:\/\/www.europesays.com\/fi\/wp-json\/wp\/v2\/types\/post"}],"author":[{"embeddable":true,"href":"https:\/\/www.europesays.com\/fi\/wp-json\/wp\/v2\/users\/2"}],"replies":[{"embeddable":true,"href":"https:\/\/www.europesays.com\/fi\/wp-json\/wp\/v2\/comments?post=327671"}],"version-history":[{"count":0,"href":"https:\/\/www.europesays.com\/fi\/wp-json\/wp\/v2\/posts\/327671\/revisions"}],"wp:featuredmedia":[{"embeddable":true,"href":"https:\/\/www.europesays.com\/fi\/wp-json\/wp\/v2\/media\/327672"}],"wp:attachment":[{"href":"https:\/\/www.europesays.com\/fi\/wp-json\/wp\/v2\/media?parent=327671"}],"wp:term":[{"taxonomy":"category","embeddable":true,"href":"https:\/\/www.europesays.com\/fi\/wp-json\/wp\/v2\/categories?post=327671"},{"taxonomy":"post_tag","embeddable":true,"href":"https:\/\/www.europesays.com\/fi\/wp-json\/wp\/v2\/tags?post=327671"}],"curies":[{"name":"wp","href":"https:\/\/api.w.org\/{rel}","templated":true}]}}