{"id":327693,"date":"2026-08-18T14:08:19","date_gmt":"2026-08-18T14:08:19","guid":{"rendered":"https:\/\/www.europesays.com\/fi\/327693\/"},"modified":"2026-08-18T14:08:19","modified_gmt":"2026-08-18T14:08:19","slug":"disney-ja-abc-haastavat-yhdysvaltain-viestintakomission-oikeuteen-uutisia-lyhyesti","status":"publish","type":"post","link":"https:\/\/www.europesays.com\/fi\/327693\/","title":{"rendered":"Disney ja ABC haastavat Yhdysvaltain viestint\u00e4\u00adkomission oikeuteen | Uutisia lyhyesti"},"content":{"rendered":"<p class=\"aw__sc-1qwuw0s-0 aw__sc-1vg2sqm-0 epAWpq ecELkD yle__article__paragraph\">Trump on painostanut FCC:t\u00e4 peruuttamaan ABC:n toimiluvat<\/p>\n<p><img decoding=\"async\" alt=\"Jimmy Kimmel live kylttej\u00e4 sein\u00e4ll\u00e4, ihmisen siluetti. \" src=\"https:\/\/www.europesays.com\/fi\/wp-content\/uploads\/2026\/08\/1782810991.jpeg\" class=\"aw__sc-dklauk-0 LPzKX\"\/><\/p>\n<p>Avaa kuvien katselu<\/p>\n<p>Presidentti Donald Trump on vaatinut ABC-kanavaa lopettamaan koomikko Jimmy Kimmelin ohjelman. Kuva: Chris Torres \/ EPA<\/p>\n<p class=\"aw__sc-1qwuw0s-0 aw__sc-ngllmo-0 epAWpq fzYpjk yle__article__paragraph\">Disney ja sen omistama televisioyhti\u00f6 ABC nostivat tiistaina kanteen Yhdysvaltain liittovaltion viestint\u00e4komissiota FCC:t\u00e4 vastaan.<\/p>\n<p class=\"aw__sc-1qwuw0s-0 aw__sc-ngllmo-0 epAWpq fzYpjk yle__article__paragraph\">Ne pyrkiv\u00e4t kanteella est\u00e4m\u00e4\u00e4n ABC:n l\u00e4hetyslisenssien ennenaikaisen tarkastelun. Yhti\u00f6 v\u00e4itt\u00e4\u00e4 toimenpiteen olevan presidentti <strong class=\"aw__sc-ngllmo-2 gdRrun yle__article__strong\">Donald Trumpin<\/strong> hallinnon yritys rangaista verkkokanavaa.<\/p>\n<p class=\"aw__sc-1qwuw0s-0 aw__sc-ngllmo-0 epAWpq fzYpjk yle__article__paragraph\">Trump on painostanut FCC:t\u00e4 peruuttamaan ABC:n toimiluvat. H\u00e4n on toistuvasti vaatinut l\u00e4hetystoiminnan harjoittajia lopettamaan komedia- tai uutisohjelmat, joista h\u00e4n ei pid\u00e4 tai jotka ovat olleet h\u00e4nelle kriittisi\u00e4, kuten koomikko <strong class=\"aw__sc-ngllmo-2 gdRrun yle__article__strong\">Jimmy Kimmelin<\/strong> ohjelman ABC:ll\u00e4.<\/p>\n<p class=\"aw__sc-1qwuw0s-0 aw__sc-ngllmo-0 epAWpq fzYpjk yle__article__paragraph\">Kimmel vitsaili huhtikuussa ohjelmassaan ennakkoon kirjeenvaihtajien juhlaillallisesta Washingtonissa ja presidentin puheen sis\u00e4ll\u00f6st\u00e4. H\u00e4n ei voinut tiet\u00e4\u00e4, ett\u00e4 <a class=\"aw__sc-ngllmo-1 bTDnwX yle__article__link\" href=\"https:\/\/yle.fi\/a\/74-20222725\" role=\"link\" rel=\"nofollow noopener\" target=\"_blank\">illallisilla tapahtuisi ampuminen<\/a>.<\/p>\n<p class=\"aw__sc-1qwuw0s-0 aw__sc-ngllmo-0 epAWpq fzYpjk yle__article__paragraph\">Disney totesi Columbian piirikunnan liittovaltion k\u00e4r\u00e4j\u00e4oikeuteen j\u00e4tt\u00e4m\u00e4ss\u00e4\u00e4n kanteessa, ett\u00e4 FCC pyrkii pakottamaan ja kostamaan televisioverkolle, joka kielt\u00e4ytyy taipumasta hallinnon vaatimuksiin.<\/p>\n<p class=\"aw__sc-1qwuw0s-0 aw__sc-ngllmo-0 epAWpq fzYpjk yle__article__paragraph\">L\u00e4hde: Reuters<\/p>\n","protected":false},"excerpt":{"rendered":"Trump on painostanut FCC:t\u00e4 peruuttamaan ABC:n toimiluvat Avaa kuvien katselu Presidentti Donald Trump on vaatinut ABC-kanavaa lopettamaan koomikko&hellip;\n","protected":false},"author":2,"featured_media":327694,"comment_status":"","ping_status":"","sticky":false,"template":"","format":"standard","meta":{"footnotes":"","_share_on_mastodon":"0"},"categories":[14],"tags":[11348,22,23,585,26,27,33,31,30,17,10822,24,25,28,29,1077,15,18,21,32,10540,19,20,56,16,59,60,61,619],"class_list":["post-327693","post","type-post","status-publish","format-standard","has-post-thumbnail","category-ulkomaat","tag-american-broadcasting-company","tag-breaking-news","tag-breakingnews","tag-donald-trump","tag-featured-news","tag-featurednews","tag-fi","tag-finland","tag-finnish","tag-headlines","tag-kanteet","tag-latest-news","tag-latestnews","tag-main-news","tag-mainnews","tag-media","tag-news","tag-otsikot","tag-paauutiset","tag-suomi","tag-the-walt-disney-company","tag-top-stories","tag-topstories","tag-ulkomaat","tag-uutiset","tag-world","tag-world-news","tag-worldnews","tag-yhdysvallat"],"share_on_mastodon":{"url":"https:\/\/pubeurope.com\/@fi\/117116909282839608","error":""},"_links":{"self":[{"href":"https:\/\/www.europesays.com\/fi\/wp-json\/wp\/v2\/posts\/327693","targetHints":{"allow":["GET"]}}],"collection":[{"href":"https:\/\/www.europesays.com\/fi\/wp-json\/wp\/v2\/posts"}],"about":[{"href":"https:\/\/www.europesays.com\/fi\/wp-json\/wp\/v2\/types\/post"}],"author":[{"embeddable":true,"href":"https:\/\/www.europesays.com\/fi\/wp-json\/wp\/v2\/users\/2"}],"replies":[{"embeddable":true,"href":"https:\/\/www.europesays.com\/fi\/wp-json\/wp\/v2\/comments?post=327693"}],"version-history":[{"count":0,"href":"https:\/\/www.europesays.com\/fi\/wp-json\/wp\/v2\/posts\/327693\/revisions"}],"wp:featuredmedia":[{"embeddable":true,"href":"https:\/\/www.europesays.com\/fi\/wp-json\/wp\/v2\/media\/327694"}],"wp:attachment":[{"href":"https:\/\/www.europesays.com\/fi\/wp-json\/wp\/v2\/media?parent=327693"}],"wp:term":[{"taxonomy":"category","embeddable":true,"href":"https:\/\/www.europesays.com\/fi\/wp-json\/wp\/v2\/categories?post=327693"},{"taxonomy":"post_tag","embeddable":true,"href":"https:\/\/www.europesays.com\/fi\/wp-json\/wp\/v2\/tags?post=327693"}],"curies":[{"name":"wp","href":"https:\/\/api.w.org\/{rel}","templated":true}]}}