{"id":327803,"date":"2026-08-18T17:18:15","date_gmt":"2026-08-18T17:18:15","guid":{"rendered":"https:\/\/www.europesays.com\/fi\/327803\/"},"modified":"2026-08-18T17:18:15","modified_gmt":"2026-08-18T17:18:15","slug":"2026-syksy-fysiikka-abitreenit","status":"publish","type":"post","link":"https:\/\/www.europesays.com\/fi\/327803\/","title":{"rendered":"2026 syksy: fysiikka | Abitreenit"},"content":{"rendered":"<p class=\"aw__sc-1qwuw0s-0 aw__sc-1vg2sqm-0 epAWpq ecELkD yle__article__paragraph\">Katso Ylioppilastutkintolautakunnan laatima koe (katseluversio) tai tee Abitreenien harjoittelukoe. T\u00e4lt\u00e4 sivulta l\u00f6yd\u00e4t my\u00f6s hyv\u00e4n vastauksen piirteet.<\/p>\n<p><img decoding=\"async\" alt=\"Fysiikan ainesivu. Musta fontti vaalealla taustalla.\" src=\"https:\/\/www.europesays.com\/fi\/wp-content\/uploads\/2026\/08\/1698303170.jpeg\" class=\"aw__sc-dklauk-0 LPzKX\"\/><\/p>\n<p>Avaa kuvien katselu<\/p>\n<p>Kuva: Janika Koli \/ Yle<\/p>\n<p class=\"aw__sc-1qwuw0s-0 aw__sc-ngllmo-0 epAWpq fzYpjk yle__article__paragraph\">Ylioppilastutkintolautakunnan tekem\u00e4 katseluversio ja hyv\u00e4n vastauksen piirteet julkaistaan yo-koep\u00e4iv\u00e4n\u00e4. N\u00e4k\u00f6vammaisten kokeet l\u00f6yd\u00e4t <a class=\"aw__sc-ngllmo-1 bTDnwX yle__article__link\" href=\"https:\/\/yle.fi\/a\/20-10002314\" role=\"link\" rel=\"nofollow noopener\" target=\"_blank\">omalta sivultaan.<\/a><\/p>\n<p>Katseluversio fysiikan yo-kokeesta<\/p>\n<ul class=\"aw__sc-1yb43iq-0 gFXHv yle__article__list yle__article__list--ul\">\n<li class=\"aw__sc-1yb43iq-1 gVAzbt\">Fysiikan ylioppilaskoe, syksy 2026 (julkaistaan koep\u00e4iv\u00e4n\u00e4)<\/li>\n<\/ul>\n<p class=\"aw__sc-1qwuw0s-0 aw__sc-ngllmo-0 epAWpq fzYpjk yle__article__paragraph\">Yll\u00e4 oleva Ylioppilastutkintolautakunnan yo-koe on pelkk\u00e4 katseluversio, eik\u00e4 omia vastauksia voi tarkistaa tai tallentaa. L\u00f6yd\u00e4t Abitreenien harjoittelukokeen alempaa t\u00e4lt\u00e4 sivulta.<\/p>\n<p>Hyv\u00e4n vastauksen piirteet<\/p>\n<ul class=\"aw__sc-1yb43iq-0 gFXHv yle__article__list yle__article__list--ul\">\n<li class=\"aw__sc-1yb43iq-1 gVAzbt\">Alustavat hyv\u00e4n vastauksen piirteet, fysiikka, syksy 2026 (julkaistaan koep\u00e4iv\u00e4n\u00e4)<\/li>\n<li class=\"aw__sc-1yb43iq-1 gVAzbt\">Lopulliset hyv\u00e4n vastauksen piirteet, fysiikka, syksy 2026 (julkaistaan syyskuussa)<\/li>\n<\/ul>\n<p>Treenaa Abitreenien harjoittelukokeella<\/p>\n<p class=\"aw__sc-1qwuw0s-0 aw__sc-ngllmo-0 epAWpq fzYpjk yle__article__paragraph\">Abitreenien harjoittelukoe perustuu Ylioppilastutkintolautakunnan tekem\u00e4\u00e4n syksyn 2026 ylioppilaskokeeseen. (Julkaistaan toukokuussa)<\/p>\n<p class=\"aw__sc-1qwuw0s-0 aw__sc-ngllmo-0 epAWpq fzYpjk yle__article__paragraph\">Huomioi harjoittelussa, ett\u00e4 vastaukset tallentuvat vain silloin, jos kirjaudut <a class=\"aw__sc-ngllmo-1 bTDnwX yle__article__link\" href=\"https:\/\/yle.fi\/aihe\/yle-tunnus\" role=\"link\" rel=\"nofollow noopener\" target=\"_blank\">Yle Tunnuksella.<\/a> Voit vastauksiesi j\u00e4lkeen verrata omaa vastaustasi Ylioppilastutkintolautakunnan laatimiin hyv\u00e4n vastauksen piirteisiin.<\/p>\n","protected":false},"excerpt":{"rendered":"Katso Ylioppilastutkintolautakunnan laatima koe (katseluversio) tai tee Abitreenien harjoittelukoe. T\u00e4lt\u00e4 sivulta l\u00f6yd\u00e4t my\u00f6s hyv\u00e4n vastauksen piirteet. Avaa kuvien&hellip;\n","protected":false},"author":2,"featured_media":327804,"comment_status":"","ping_status":"","sticky":false,"template":"","format":"standard","meta":{"footnotes":"","_share_on_mastodon":"0"},"categories":[115],"tags":[794,33,31,30,455,793,791,454,118,32,119,792],"class_list":["post-327803","post","type-post","status-publish","format-standard","has-post-thumbnail","category-fysiikka","tag-abitreenit","tag-fi","tag-finland","tag-finnish","tag-fysiikka","tag-lukio","tag-opiskelu","tag-physics","tag-science","tag-suomi","tag-tiede","tag-ylioppilaskirjoitukset"],"share_on_mastodon":{"url":"https:\/\/pubeurope.com\/@fi\/117117656288422208","error":""},"_links":{"self":[{"href":"https:\/\/www.europesays.com\/fi\/wp-json\/wp\/v2\/posts\/327803","targetHints":{"allow":["GET"]}}],"collection":[{"href":"https:\/\/www.europesays.com\/fi\/wp-json\/wp\/v2\/posts"}],"about":[{"href":"https:\/\/www.europesays.com\/fi\/wp-json\/wp\/v2\/types\/post"}],"author":[{"embeddable":true,"href":"https:\/\/www.europesays.com\/fi\/wp-json\/wp\/v2\/users\/2"}],"replies":[{"embeddable":true,"href":"https:\/\/www.europesays.com\/fi\/wp-json\/wp\/v2\/comments?post=327803"}],"version-history":[{"count":0,"href":"https:\/\/www.europesays.com\/fi\/wp-json\/wp\/v2\/posts\/327803\/revisions"}],"wp:featuredmedia":[{"embeddable":true,"href":"https:\/\/www.europesays.com\/fi\/wp-json\/wp\/v2\/media\/327804"}],"wp:attachment":[{"href":"https:\/\/www.europesays.com\/fi\/wp-json\/wp\/v2\/media?parent=327803"}],"wp:term":[{"taxonomy":"category","embeddable":true,"href":"https:\/\/www.europesays.com\/fi\/wp-json\/wp\/v2\/categories?post=327803"},{"taxonomy":"post_tag","embeddable":true,"href":"https:\/\/www.europesays.com\/fi\/wp-json\/wp\/v2\/tags?post=327803"}],"curies":[{"name":"wp","href":"https:\/\/api.w.org\/{rel}","templated":true}]}}