{"id":327819,"date":"2026-08-18T17:45:17","date_gmt":"2026-08-18T17:45:17","guid":{"rendered":"https:\/\/www.europesays.com\/fi\/327819\/"},"modified":"2026-08-18T17:45:17","modified_gmt":"2026-08-18T17:45:17","slug":"mita-oheisohjelmia-on-kaytossa-esimerkiksi-matematiikan-fysiikan-ja-kemian-kokeissa","status":"publish","type":"post","link":"https:\/\/www.europesays.com\/fi\/327819\/","title":{"rendered":"Mit\u00e4 oheisohjelmia on k\u00e4yt\u00f6ss\u00e4 esimerkiksi matematiikan, fysiikan ja kemian kokeissa?"},"content":{"rendered":"<p>Matematiikan, fysiikan ja kemian kokeissa on k\u00e4yt\u00f6ss\u00e4 useita Abitti-koej\u00e4rjestelm\u00e4n tarjoamia oheisohjelmia, jotka toimivat kokeen aikana verkkoselaimessa. T\u00e4m\u00e4 on merkitt\u00e4v\u00e4 muutos Abitti 1 -koej\u00e4rjestelm\u00e4n oheisohjelmiin, jotka olivat Linux-ymp\u00e4rist\u00f6\u00f6n asennettavia ty\u00f6p\u00f6yt\u00e4sovelluksia.<\/p>\n<p>Ohjelmat valitaan sen perusteella, ett\u00e4 ne tukevat lukion opetussuunnitelman tavoitteiden arviointia, mahdollistavat monipuoliset ty\u00f6skentelytavat ja ovat teknisesti yhteensopivia koej\u00e4rjestelm\u00e4n kanssa. <a href=\"https:\/\/www.ylioppilastutkinto.fi\/fi\/tutkinnon-toimeenpano\/kokeen-tekniset-jarjestelyt\/koejarjestelman-oheisohjelmat\" data-entity-type=\"node\" data-entity-uuid=\"7d3ce8aa-82c4-4a21-8330-5ccc8daab547\" data-entity-substitution=\"canonical\" title=\"Koej\u00e4rjestelm\u00e4n oheisohjelmat\" rel=\"nofollow noopener\" target=\"_blank\">K\u00e4ytett\u00e4v\u00e4t ohjelmat voivat muuttua, ja ajantasainen lista julkaistaan Ylioppilastutkintolautakunnan verkkosivuilla.<\/a><\/p>\n","protected":false},"excerpt":{"rendered":"Matematiikan, fysiikan ja kemian kokeissa on k\u00e4yt\u00f6ss\u00e4 useita Abitti-koej\u00e4rjestelm\u00e4n tarjoamia oheisohjelmia, jotka toimivat kokeen aikana verkkoselaimessa. T\u00e4m\u00e4 on&hellip;\n","protected":false},"author":2,"featured_media":327820,"comment_status":"","ping_status":"","sticky":false,"template":"","format":"standard","meta":{"footnotes":"","_share_on_mastodon":"0"},"categories":[115],"tags":[33,31,30,455,454,118,32,119],"class_list":["post-327819","post","type-post","status-publish","format-standard","has-post-thumbnail","category-fysiikka","tag-fi","tag-finland","tag-finnish","tag-fysiikka","tag-physics","tag-science","tag-suomi","tag-tiede"],"share_on_mastodon":{"url":"https:\/\/pubeurope.com\/@fi\/117117762029901387","error":""},"_links":{"self":[{"href":"https:\/\/www.europesays.com\/fi\/wp-json\/wp\/v2\/posts\/327819","targetHints":{"allow":["GET"]}}],"collection":[{"href":"https:\/\/www.europesays.com\/fi\/wp-json\/wp\/v2\/posts"}],"about":[{"href":"https:\/\/www.europesays.com\/fi\/wp-json\/wp\/v2\/types\/post"}],"author":[{"embeddable":true,"href":"https:\/\/www.europesays.com\/fi\/wp-json\/wp\/v2\/users\/2"}],"replies":[{"embeddable":true,"href":"https:\/\/www.europesays.com\/fi\/wp-json\/wp\/v2\/comments?post=327819"}],"version-history":[{"count":0,"href":"https:\/\/www.europesays.com\/fi\/wp-json\/wp\/v2\/posts\/327819\/revisions"}],"wp:featuredmedia":[{"embeddable":true,"href":"https:\/\/www.europesays.com\/fi\/wp-json\/wp\/v2\/media\/327820"}],"wp:attachment":[{"href":"https:\/\/www.europesays.com\/fi\/wp-json\/wp\/v2\/media?parent=327819"}],"wp:term":[{"taxonomy":"category","embeddable":true,"href":"https:\/\/www.europesays.com\/fi\/wp-json\/wp\/v2\/categories?post=327819"},{"taxonomy":"post_tag","embeddable":true,"href":"https:\/\/www.europesays.com\/fi\/wp-json\/wp\/v2\/tags?post=327819"}],"curies":[{"name":"wp","href":"https:\/\/api.w.org\/{rel}","templated":true}]}}