{"id":32838,"date":"2025-09-12T12:03:07","date_gmt":"2025-09-12T12:03:07","guid":{"rendered":"https:\/\/www.europesays.com\/fi\/32838\/"},"modified":"2025-09-12T12:03:07","modified_gmt":"2025-09-12T12:03:07","slug":"suomen-posti-porssiin-ehka-jo-tana-vuonna-sijoittajat-eivat-pida-kovin-houkuttelevana-osakkeena-talous","status":"publish","type":"post","link":"https:\/\/www.europesays.com\/fi\/32838\/","title":{"rendered":"Suomen Posti p\u00f6rssiin ehk\u00e4 jo t\u00e4n\u00e4 vuonna \u2013 Sijoittajat eiv\u00e4t pid\u00e4 kovin houkuttelevana osakkeena | Talous"},"content":{"rendered":"<p class=\"aw-1gybjub aw-5vja16 cmIuaG zKETg yle__article__paragraph\">Valtio aikoo tehd\u00e4 Postista p\u00f6rssiyhti\u00f6n. Uutistoimisto Bloombergin mukaan listautuminen saattaa tapahtua viel\u00e4 t\u00e4n\u00e4 vuonna. Silloin kuka hyv\u00e4ns\u00e4 voisi ostaa firman osakkeita.<\/p>\n<p><img decoding=\"async\" alt=\"J\u00f6rgen Huldin kantaa Postin pakettia Bromarvin kyl\u00e4kauppaan.\" src=\"https:\/\/www.europesays.com\/fi\/wp-content\/uploads\/2025\/09\/39-142199167af1d0fc6ca4.jpeg\" class=\"aw-1l9m598 hKVVvP\"\/><\/p>\n<p>Avaa kuvien katselu<\/p>\n<p>J\u00f6rgen Huldin kuljetti Postin paketteja Bromarvin kyl\u00e4kauppaan. Kuva on helmikuulta. Kuva: Minna Almark \/ Yle<\/p>\n<p class=\"aw-1gybjub aw-1p7kakr cmIuaG fmSRng yle__article__paragraph\">Piensijoittaja saattaa saada pian uuden sijoituskohteen Helsingin p\u00f6rssiss\u00e4. Uutistoimisto Bloomberg uutisoi, ett\u00e4 valtio p\u00e4\u00e4tt\u00e4isi omistamansa <a class=\"aw-iao6s4 iHOxEa yle__article__link\" href=\"https:\/\/yle.fi\/a\/74-20182516\" role=\"link\" rel=\"nofollow noopener\" target=\"_blank\">Postin p\u00f6rssilistautumisesta<\/a> viel\u00e4 t\u00e4m\u00e4n vuoden aikana.<\/p>\n<p class=\"aw-1gybjub aw-1p7kakr cmIuaG fmSRng yle__article__paragraph\">Piensijoittajia edustavat asiantuntijat eiv\u00e4t n\u00e4e Postia tavattoman houkuttelevana sijoituskohteena. Sen maine asiakkaidensa palvelijana on k\u00e4rsinyt.<\/p>\n<p class=\"aw-1gybjub aw-1p7kakr cmIuaG fmSRng yle__article__paragraph\">\u2013 Postista ajatellaan yleisesti kohtuullisen negatiivisesti, Osakes\u00e4\u00e4st\u00e4jien yhdistyksen toimitusjohtaja <strong class=\"aw-ak79eh KyCXm yle__article__strong\">Karri Salmi<\/strong> sanoo.<\/p>\n<p class=\"aw-1gybjub aw-1p7kakr cmIuaG fmSRng yle__article__paragraph\">Esimerkiksi <a class=\"aw-iao6s4 iHOxEa yle__article__link\" href=\"https:\/\/yle.fi\/a\/3-11020167\" role=\"link\" rel=\"nofollow noopener\" target=\"_blank\">kirjeposti ei ole l\u00f6yt\u00e4neet aina perille<\/a>, hinnat ovat nousseet ja luotettavuus heikentynyt.<\/p>\n<p class=\"aw-1gybjub aw-1p7kakr cmIuaG fmSRng yle__article__paragraph\">\u2013 Maine ja luottamus korreloivat sijoittajan k\u00e4ytt\u00e4ytymisen kanssa, Salmi arvelee.<\/p>\n<p>Valtion maine omistajana ep\u00e4ilytt\u00e4\u00e4<\/p>\n<p class=\"aw-1gybjub aw-1p7kakr cmIuaG fmSRng yle__article__paragraph\">Toimitusjohtaja Karri Salmen mukaan my\u00f6s valtion maine p\u00f6rssiyrityksen suuromistajana on kolhiintunut. Erityisesti valtion toiminta Fortumin omistajana on luonut ep\u00e4luottamusta.<\/p>\n<p class=\"aw-1gybjub aw-1p7kakr cmIuaG fmSRng yle__article__paragraph\">\u2013 Fortumin seikkailujen j\u00e4lkeen valtiolla on yh\u00e4 edelleen huono kaiku sijoittajien korvissa, Salmi sanoo.<\/p>\n<p class=\"aw-1gybjub aw-1p7kakr cmIuaG fmSRng yle__article__paragraph\">Postissa on toki my\u00f6s houkutteleva puolensa sijoittajalle.<\/p>\n<p class=\"aw-1gybjub aw-1p7kakr cmIuaG fmSRng yle__article__paragraph\">\u2013 Se tekee t\u00e4ll\u00e4 hetkell\u00e4 kohtuullisen hyv\u00e4\u00e4 tulosta, Salmi analysoi.<\/p>\n<p class=\"aw-1gybjub aw-1p7kakr cmIuaG fmSRng yle__article__paragraph\">Postin liiketulos viime vuodelta oli 5,4 prosenttia liikevaihdosta, mit\u00e4 pidet\u00e4\u00e4n yleisesti hyv\u00e4n\u00e4 suorituksena yritykselle.<\/p>\n<p class=\"aw-1gybjub aw-1p7kakr cmIuaG fmSRng yle__article__paragraph\">Salmi uskoo my\u00f6s paketti- ja verkkokaupan kasvuun.<\/p>\n<p>Kasvun mahdollisuudet ep\u00e4ilytt\u00e4v\u00e4t<\/p>\n<p class=\"aw-1gybjub aw-1p7kakr cmIuaG fmSRng yle__article__paragraph\">Rahoituksen professori <strong class=\"aw-ak79eh KyCXm yle__article__strong\">Timo Rothovius<\/strong> Vaasan yliopistosta n\u00e4kee Postin listaamisessa p\u00f6rssiin hankaluuksia.<\/p>\n<p class=\"aw-1gybjub aw-1p7kakr cmIuaG fmSRng yle__article__paragraph\">\u2013 Postin hinta ei olisi kovin korkea, Rothovius arvioi.<\/p>\n<p class=\"aw-1gybjub aw-1p7kakr cmIuaG fmSRng yle__article__paragraph\">Valtion saama rahasumma saattaisi siis j\u00e4\u00e4d\u00e4 v\u00e4h\u00e4iseksi.<\/p>\n<p class=\"aw-1gybjub aw-1p7kakr cmIuaG fmSRng yle__article__paragraph\">Bloombergin julkaiseman arvion mukaan Postin arvo p\u00f6rssiss\u00e4 voisi olla 300***\u2013***400 miljoonaa euroa. Se olisi jopa samaa luokkaa kuin esimerkiksi j\u00e4tehuoltoyhti\u00f6n Lassila&amp;Tikanojan p\u00f6rssiosakkeiden yhteenlaskettu arvo t\u00e4ll\u00e4 hetkell\u00e4.<\/p>\n<p class=\"aw-1gybjub aw-1p7kakr cmIuaG fmSRng yle__article__paragraph\">\u2013 Postin kasvun\u00e4kym\u00e4t ovat hankalat ja sijoittajaa kiinnostaa yrityksen kasvu, Rothovius pohtii.<\/p>\n<p>Professori laittaisi valtion rahat infraan<\/p>\n<p class=\"aw-1gybjub aw-1p7kakr cmIuaG fmSRng yle__article__paragraph\">Timo Rothovius kannattaa sit\u00e4, ett\u00e4 valtio irrottaa rahansa Postista ja sijoittaa ne toisin.<\/p>\n<p class=\"aw-1gybjub aw-1p7kakr cmIuaG fmSRng yle__article__paragraph\">H\u00e4nen mukaansa yhteiskunnan infrastruktuuri eli fyysiset toimintaedellytykset kaipaavat valtion panostusta.<\/p>\n<p class=\"aw-1gybjub aw-1p7kakr cmIuaG fmSRng yle__article__paragraph\">\u2013 Valtion kannattaisi pit\u00e4\u00e4 yritysten toimintaedellytykset kunnossa.<\/p>\n<p class=\"aw-1gybjub aw-1p7kakr cmIuaG fmSRng yle__article__paragraph\"><a class=\"aw-iao6s4 iHOxEa yle__article__link\" href=\"https:\/\/yle.fi\/a\/3-11020167\" role=\"link\" rel=\"nofollow noopener\" target=\"_blank\">Bloombergin arvion mukaan<\/a> valtio tienaisi Postin listaamisella p\u00f6rssiin 100 &#8211; 150 miljoonaa euroa.<\/p>\n","protected":false},"excerpt":{"rendered":"Valtio aikoo tehd\u00e4 Postista p\u00f6rssiyhti\u00f6n. Uutistoimisto Bloombergin mukaan listautuminen saattaa tapahtua viel\u00e4 t\u00e4n\u00e4 vuonna. Silloin kuka hyv\u00e4ns\u00e4 voisi&hellip;\n","protected":false},"author":2,"featured_media":32839,"comment_status":"","ping_status":"","sticky":false,"template":"","format":"standard","meta":{"footnotes":""},"categories":[76],"tags":[79,77,33,31,30,4045,9542,4465,9541,32,78,1356],"class_list":{"0":"post-32838","1":"post","2":"type-post","3":"status-publish","4":"format-standard","5":"has-post-thumbnail","7":"category-talous","8":"tag-business","9":"tag-economy","10":"tag-fi","11":"tag-finland","12":"tag-finnish","13":"tag-helsingin-porssi","14":"tag-osakesaastaminen","15":"tag-osakkeet-ja-arvopaperit","16":"tag-posti-group-oyj","17":"tag-suomi","18":"tag-talous","19":"tag-yritykset"},"share_on_mastodon":{"url":"","error":""},"_links":{"self":[{"href":"https:\/\/www.europesays.com\/fi\/wp-json\/wp\/v2\/posts\/32838","targetHints":{"allow":["GET"]}}],"collection":[{"href":"https:\/\/www.europesays.com\/fi\/wp-json\/wp\/v2\/posts"}],"about":[{"href":"https:\/\/www.europesays.com\/fi\/wp-json\/wp\/v2\/types\/post"}],"author":[{"embeddable":true,"href":"https:\/\/www.europesays.com\/fi\/wp-json\/wp\/v2\/users\/2"}],"replies":[{"embeddable":true,"href":"https:\/\/www.europesays.com\/fi\/wp-json\/wp\/v2\/comments?post=32838"}],"version-history":[{"count":0,"href":"https:\/\/www.europesays.com\/fi\/wp-json\/wp\/v2\/posts\/32838\/revisions"}],"wp:featuredmedia":[{"embeddable":true,"href":"https:\/\/www.europesays.com\/fi\/wp-json\/wp\/v2\/media\/32839"}],"wp:attachment":[{"href":"https:\/\/www.europesays.com\/fi\/wp-json\/wp\/v2\/media?parent=32838"}],"wp:term":[{"taxonomy":"category","embeddable":true,"href":"https:\/\/www.europesays.com\/fi\/wp-json\/wp\/v2\/categories?post=32838"},{"taxonomy":"post_tag","embeddable":true,"href":"https:\/\/www.europesays.com\/fi\/wp-json\/wp\/v2\/tags?post=32838"}],"curies":[{"name":"wp","href":"https:\/\/api.w.org\/{rel}","templated":true}]}}