{"id":328437,"date":"2026-08-19T12:47:10","date_gmt":"2026-08-19T12:47:10","guid":{"rendered":"https:\/\/www.europesays.com\/fi\/328437\/"},"modified":"2026-08-19T12:47:10","modified_gmt":"2026-08-19T12:47:10","slug":"jari-isometsan-perheelta-yllatysveto-helsinki-marathonissa-paikalliset","status":"publish","type":"post","link":"https:\/\/www.europesays.com\/fi\/328437\/","title":{"rendered":"Jari Isomets\u00e4n perheelt\u00e4 yll\u00e4tysveto Helsinki Marathonissa | Paikalliset"},"content":{"rendered":"<p>Helsingin Meripuistossa j\u00e4rjestett\u00e4v\u00e4 Bj\u00f6rn Borg Helsinki Marathonin maratonviesti saa t\u00e4n\u00e4 vuonna poikkeuksellisen kokoonpanon, kun hiiht\u00e4j\u00e4legenda <strong>Jari Isomets\u00e4<\/strong> osallistuu viestiin yhdess\u00e4 poikansa<strong> Eetu Isomets\u00e4n<\/strong>, tytt\u00e4rens\u00e4 <strong>Aada Isomets\u00e4n<\/strong> sek\u00e4 Eetun puolison <strong>Katariina Longan<\/strong> kanssa. Jokainen joukkueen j\u00e4sen juoksee 10,55 kilometrin osuuden, mik\u00e4 tekee viestist\u00e4 sek\u00e4 yksil\u00f6llisen ett\u00e4 yhteis\u00f6llisen kokemuksen.<\/p>\n<p><strong class=\"diks-storyline__impact\">Isomets\u00e4n<\/strong> perheess\u00e4 urheilu on ollut vahvasti l\u00e4sn\u00e4: Eetu Isomets\u00e4 kilpailee talvisin hiihdossa ja viihtyy kes\u00e4isin golfkentill\u00e4, kun taas Katariina Longa tunnetaan my\u00f6s maastohiiht\u00e4j\u00e4n\u00e4. Aada Isomets\u00e4 puolestaan ty\u00f6skentelee Vartella ymp\u00e4rist\u00f6- ja vastuullisuusasioiden parissa ja on pelannut salibandya jo 14 vuotta, tiedotteessa kerrotaan.<\/p>\n<p>Maratonviesti ja maraton k\u00e4ynnistyv\u00e4t Meripuistosta lauantaina 22. elokuuta kello 8.45. Puolimaratonin juoksijat l\u00e4htev\u00e4t liikkeelle jo kello 8.10.<\/p>\n","protected":false},"excerpt":{"rendered":"Helsingin Meripuistossa j\u00e4rjestett\u00e4v\u00e4 Bj\u00f6rn Borg Helsinki Marathonin maratonviesti saa t\u00e4n\u00e4 vuonna poikkeuksellisen kokoonpanon, kun hiiht\u00e4j\u00e4legenda Jari Isomets\u00e4 osallistuu&hellip;\n","protected":false},"author":2,"featured_media":328438,"comment_status":"","ping_status":"","sticky":false,"template":"","format":"standard","meta":{"footnotes":"","_share_on_mastodon":"0"},"categories":[158],"tags":[29949,33,31,30,3978,104,100,41,98,159,32,160,161],"class_list":["post-328437","post","type-post","status-publish","format-standard","has-post-thumbnail","category-urheilu","tag-ai-uutiset","tag-fi","tag-finland","tag-finnish","tag-golf","tag-helsinki","tag-lapset-ja-nuoret","tag-liikunta-ja-urheilu","tag-perhe","tag-sports","tag-suomi","tag-urheilu","tag-urheilutapahtumat"],"share_on_mastodon":{"url":"https:\/\/pubeurope.com\/@fi\/117122252560425370","error":""},"_links":{"self":[{"href":"https:\/\/www.europesays.com\/fi\/wp-json\/wp\/v2\/posts\/328437","targetHints":{"allow":["GET"]}}],"collection":[{"href":"https:\/\/www.europesays.com\/fi\/wp-json\/wp\/v2\/posts"}],"about":[{"href":"https:\/\/www.europesays.com\/fi\/wp-json\/wp\/v2\/types\/post"}],"author":[{"embeddable":true,"href":"https:\/\/www.europesays.com\/fi\/wp-json\/wp\/v2\/users\/2"}],"replies":[{"embeddable":true,"href":"https:\/\/www.europesays.com\/fi\/wp-json\/wp\/v2\/comments?post=328437"}],"version-history":[{"count":0,"href":"https:\/\/www.europesays.com\/fi\/wp-json\/wp\/v2\/posts\/328437\/revisions"}],"wp:featuredmedia":[{"embeddable":true,"href":"https:\/\/www.europesays.com\/fi\/wp-json\/wp\/v2\/media\/328438"}],"wp:attachment":[{"href":"https:\/\/www.europesays.com\/fi\/wp-json\/wp\/v2\/media?parent=328437"}],"wp:term":[{"taxonomy":"category","embeddable":true,"href":"https:\/\/www.europesays.com\/fi\/wp-json\/wp\/v2\/categories?post=328437"},{"taxonomy":"post_tag","embeddable":true,"href":"https:\/\/www.europesays.com\/fi\/wp-json\/wp\/v2\/tags?post=328437"}],"curies":[{"name":"wp","href":"https:\/\/api.w.org\/{rel}","templated":true}]}}