{"id":328475,"date":"2026-08-19T13:46:12","date_gmt":"2026-08-19T13:46:12","guid":{"rendered":"https:\/\/www.europesays.com\/fi\/328475\/"},"modified":"2026-08-19T13:46:12","modified_gmt":"2026-08-19T13:46:12","slug":"ihmeakkua-lupaillut-donut-lab-osti-nordic-nano-groupin-jolla-on-tarkkaan-vartioitu-tehdas-imatralla-etela-karjala","status":"publish","type":"post","link":"https:\/\/www.europesays.com\/fi\/328475\/","title":{"rendered":"Ihmeakkua lupaillut Donut Lab osti Nordic Nano Groupin, jolla on tarkkaan vartioitu tehdas Imatralla | Etel\u00e4-Karjala"},"content":{"rendered":"<p class=\"aw__sc-1qwuw0s-0 aw__sc-1vg2sqm-0 epAWpq ecELkD yle__article__paragraph\">Osapuolet eiv\u00e4t kerro yrityskaupan kokonaisarvoa julkisuuteen.<\/p>\n<p><img decoding=\"async\" alt=\"Autiotontti ja hyl\u00e4tty teollisuusrakennus kirkkaana kes\u00e4p\u00e4iv\u00e4n\u00e4.\" src=\"https:\/\/www.europesays.com\/fi\/wp-content\/uploads\/2026\/08\/1756806753.jpeg\" class=\"aw__sc-dklauk-0 LPzKX\"\/><\/p>\n<p>Avaa kuvien katselu<\/p>\n<p>Nordic Nanon tehtaat sijaitsevat Imatran Teppanalan kaupunginosassa. Arkistokuva. Kuva: Mikko Savolainen \/ Yle<\/p>\n<p class=\"aw__sc-1qwuw0s-0 aw__sc-ngllmo-0 epAWpq fzYpjk yle__article__paragraph\">Superakun kehitt\u00e4mist\u00e4 lupaillut suomalainen Donut Lab -yhti\u00f6 on ostanut kokonaan Nordic Nano Groupin, kertovat yhti\u00f6t tiedotteessa.<\/p>\n<p class=\"aw__sc-1qwuw0s-0 aw__sc-ngllmo-0 epAWpq fzYpjk yle__article__paragraph\">Yhti\u00f6t ovat jo aiemmin tehneet yhteisty\u00f6t\u00e4.<\/p>\n<p class=\"aw__sc-1qwuw0s-0 aw__sc-ngllmo-0 epAWpq fzYpjk yle__article__paragraph\">Nordic Nanolla on <a class=\"aw__sc-ngllmo-1 bTDnwX yle__article__link\" href=\"https:\/\/yle.fi\/a\/74-20204159\" role=\"link\" rel=\"nofollow noopener\" target=\"_blank\">salaper\u00e4inen tehdas Imatralla<\/a>, jossa sen on tarkoitus aloittaa akkukennojen massatuotanto.<\/p>\n<p class=\"aw__sc-1qwuw0s-0 aw__sc-ngllmo-0 epAWpq fzYpjk yle__article__paragraph\">Teppanalan kaupunginosassa sijaitsevan tehtaan ymp\u00e4rille on kev\u00e4\u00e4ll\u00e4 rakennettu aidat teollisuusvakoilulta suojautumiseksi.<\/p>\n<p class=\"aw__sc-1qwuw0s-0 aw__sc-ngllmo-0 epAWpq fzYpjk yle__article__paragraph\">Yhti\u00f6n toimitusjohtaja <strong class=\"aw__sc-ngllmo-2 gdRrun yle__article__strong\">Esa Parjanen<\/strong> <a class=\"aw__sc-ngllmo-1 bTDnwX yle__article__link\" href=\"https:\/\/yle.fi\/a\/74-20221478\" role=\"link\" rel=\"nofollow noopener\" target=\"_blank\">kertoi kev\u00e4\u00e4ll\u00e4<\/a>, etteiv\u00e4t tehtaan ensimm\u00e4iset testituotteet kuitenkaan ole Donut Labin akkuja.<\/p>\n<p>Kauppasummaa ei kerrota<\/p>\n<p class=\"aw__sc-1qwuw0s-0 aw__sc-ngllmo-0 epAWpq fzYpjk yle__article__paragraph\">Yhti\u00f6iden edustajat totevat tiedotteessa, ettei kaupan kokonaisarvoa kerrota julkisuuteen.<\/p>\n<p class=\"aw__sc-1qwuw0s-0 aw__sc-ngllmo-0 epAWpq fzYpjk yle__article__paragraph\">Yrityskaupan my\u00f6t\u00e4 Nordic Nano Groupin perustajat Esa Parjanen ja <strong class=\"aw__sc-ngllmo-2 gdRrun yle__article__strong\">Jarkko Aro<\/strong> tulevat Donut Labin hallitukseen.<\/p>\n<p class=\"aw__sc-1qwuw0s-0 aw__sc-ngllmo-0 epAWpq fzYpjk yle__article__paragraph\">Yhti\u00f6iden mukaan kauppa syvent\u00e4\u00e4 yhti\u00f6iden pitk\u00e4\u00e4n jatkunutta yhteisty\u00f6t\u00e4 ja yhdist\u00e4\u00e4 tiimien osaamisen saman katon alle.<\/p>\n<p><img decoding=\"async\" alt=\"Hyl\u00e4tty teollisuushalli, jonka sein\u00e4t ovat osittain graffitien peitossa.\" src=\"https:\/\/www.europesays.com\/fi\/wp-content\/uploads\/2026\/08\/1756806744.jpeg\" loading=\"lazy\" class=\"aw__sc-dklauk-0 LPzKX\"\/><\/p>\n<p>Avaa kuvien katselu<\/p>\n<p>Nordic Nanon tiloissa Imatran Teppanalassa oli aiemmin tyhjill\u00e4\u00e4n oleva kauppatila.  Kuva: Mikko Savolainen \/ YleKiistelty ihmeakku<\/p>\n<p class=\"aw__sc-1qwuw0s-0 aw__sc-ngllmo-0 epAWpq fzYpjk yle__article__paragraph\">Donut Labin akkuteknologiasta on k\u00e4yty julkisuudessa kiivasta keskustelua <a class=\"aw__sc-ngllmo-1 bTDnwX yle__article__link\" href=\"https:\/\/yle.fi\/a\/74-20204751\" role=\"link\" rel=\"nofollow noopener\" target=\"_blank\">puolesta ja vastaan.<\/a><\/p>\n<p class=\"aw__sc-1qwuw0s-0 aw__sc-ngllmo-0 epAWpq fzYpjk yle__article__paragraph\">Yhti\u00f6 on kertonut kehitt\u00e4neens\u00e4 akun, joka latautuu viidess\u00e4 minuutissa ja kest\u00e4\u00e4 auton elini\u00e4n. Esimerkiksi Aalto-yliopiston professori on pit\u00e4nyt osaa v\u00e4itteist\u00e4 mahdottomina.<\/p>\n<p class=\"aw__sc-1qwuw0s-0 aw__sc-ngllmo-0 epAWpq fzYpjk yle__article__paragraph\">Keskeinen tiedeyhteis\u00f6\u00e4 h\u00e4mment\u00e4v\u00e4 v\u00e4ite on ollut akun latausnopeus.<\/p>\n<p><img decoding=\"async\" alt=\"Pressbild p\u00e5 Donut Labs batteri.\" src=\"https:\/\/www.europesays.com\/fi\/wp-content\/uploads\/2026\/08\/1768317189.jpeg\" loading=\"lazy\" class=\"aw__sc-dklauk-0 LPzKX\"\/><\/p>\n<p>Avaa kuvien katselu<\/p>\n<p>Donut Labin pressikuvassa kuvataan yhti\u00f6n suunnittelemaa akkua.  Kuva: Donut LabSiilasmaa olisi viel\u00e4 neuvonantaja<\/p>\n<p class=\"aw__sc-1qwuw0s-0 aw__sc-ngllmo-0 epAWpq fzYpjk yle__article__paragraph\">Helsingin Sanomat <a class=\"aw__sc-ngllmo-1 bTDnwX yle__article__link\" href=\"https:\/\/www.hs.fi\/talous\/art-2000012205982.html\" role=\"link\" rel=\"nofollow noopener\" target=\"_blank\">kertoi viime viikolla<\/a>, ett\u00e4 Nokian hallituksen entinen puheenjohtaja ja suursijoittaja <strong class=\"aw__sc-ngllmo-2 gdRrun yle__article__strong\">Risto Siilasmaa<\/strong> on j\u00e4ttanyt Donut Labin taustayhti\u00f6n hallituksen j\u00e4senyyden.<\/p>\n<p class=\"aw__sc-1qwuw0s-0 aw__sc-ngllmo-0 epAWpq fzYpjk yle__article__paragraph\">Donut Lab ja Nordic Nano kertovat t\u00e4n\u00e4\u00e4n tiedotteessa, ett\u00e4 Siilasmaa olisi kuitenkin siirtynyt hallituksen tarkkailijaksi ja neuvonantajaksi.<\/p>\n<p class=\"aw__sc-1qwuw0s-0 aw__sc-ngllmo-0 epAWpq fzYpjk yle__article__paragraph\">\u2013 Olemme kiitollisia siit\u00e4, ett\u00e4 Siilasmaan kokemus ja neuvot ovat edelleen yhti\u00f6mme k\u00e4ytett\u00e4viss\u00e4, toteaa Donut Labin toimitusjohtaja <strong class=\"aw__sc-ngllmo-2 gdRrun yle__article__strong\">Marko Lehtim\u00e4ki<\/strong> tiedotteessa.<\/p>\n<p class=\"aw__sc-1qwuw0s-0 aw__sc-ngllmo-0 epAWpq fzYpjk yle__article__paragraph\">Lehtim\u00e4ki kertoo, ett\u00e4 aurinkoteknologialla tulee olevaan merkitt\u00e4v\u00e4 rooli yhti\u00f6n tulevaisuudessa.<\/p>\n<p class=\"aw__sc-1qwuw0s-0 aw__sc-ngllmo-0 epAWpq fzYpjk yle__article__paragraph\">\u2013 Olemme Nordic Nano Groupissa kehitt\u00e4neet aurinkoteknologiaa pitk\u00e4j\u00e4nteisesti vuosien ajan. On hienoa, ett\u00e4 voimme jatkaa kehitysty\u00f6t\u00e4 osana Donut Labia, toteaa Nordic Nanon toimitusjohtaja <strong class=\"aw__sc-ngllmo-2 gdRrun yle__article__strong\">Esa Parjanen<\/strong>.<\/p>\n","protected":false},"excerpt":{"rendered":"Osapuolet eiv\u00e4t kerro yrityskaupan kokonaisarvoa julkisuuteen. Avaa kuvien katselu Nordic Nanon tehtaat sijaitsevat Imatran Teppanalan kaupunginosassa. Arkistokuva. Kuva:&hellip;\n","protected":false},"author":2,"featured_media":328476,"comment_status":"","ping_status":"","sticky":false,"template":"","format":"standard","meta":{"footnotes":"","_share_on_mastodon":"0"},"categories":[5],"tags":[10583,22,23,1302,26,27,33,31,30,17,736,7648,71,24,25,28,29,15,18,21,32,78,19,20,16,1356,3323,1992],"class_list":["post-328475","post","type-post","status-publish","format-standard","has-post-thumbnail","category-otsikot","tag-aurinkoenergia","tag-breaking-news","tag-breakingnews","tag-etela-karjala","tag-featured-news","tag-featurednews","tag-fi","tag-finland","tag-finnish","tag-headlines","tag-imatra","tag-johtajuus","tag-kotimaa","tag-latest-news","tag-latestnews","tag-main-news","tag-mainnews","tag-news","tag-otsikot","tag-paauutiset","tag-suomi","tag-talous","tag-top-stories","tag-topstories","tag-uutiset","tag-yritykset","tag-yrityskaupat","tag-yritystiedot"],"share_on_mastodon":{"url":"https:\/\/pubeurope.com\/@fi\/117122484745558252","error":""},"_links":{"self":[{"href":"https:\/\/www.europesays.com\/fi\/wp-json\/wp\/v2\/posts\/328475","targetHints":{"allow":["GET"]}}],"collection":[{"href":"https:\/\/www.europesays.com\/fi\/wp-json\/wp\/v2\/posts"}],"about":[{"href":"https:\/\/www.europesays.com\/fi\/wp-json\/wp\/v2\/types\/post"}],"author":[{"embeddable":true,"href":"https:\/\/www.europesays.com\/fi\/wp-json\/wp\/v2\/users\/2"}],"replies":[{"embeddable":true,"href":"https:\/\/www.europesays.com\/fi\/wp-json\/wp\/v2\/comments?post=328475"}],"version-history":[{"count":0,"href":"https:\/\/www.europesays.com\/fi\/wp-json\/wp\/v2\/posts\/328475\/revisions"}],"wp:featuredmedia":[{"embeddable":true,"href":"https:\/\/www.europesays.com\/fi\/wp-json\/wp\/v2\/media\/328476"}],"wp:attachment":[{"href":"https:\/\/www.europesays.com\/fi\/wp-json\/wp\/v2\/media?parent=328475"}],"wp:term":[{"taxonomy":"category","embeddable":true,"href":"https:\/\/www.europesays.com\/fi\/wp-json\/wp\/v2\/categories?post=328475"},{"taxonomy":"post_tag","embeddable":true,"href":"https:\/\/www.europesays.com\/fi\/wp-json\/wp\/v2\/tags?post=328475"}],"curies":[{"name":"wp","href":"https:\/\/api.w.org\/{rel}","templated":true}]}}