{"id":328577,"date":"2026-08-19T16:43:24","date_gmt":"2026-08-19T16:43:24","guid":{"rendered":"https:\/\/www.europesays.com\/fi\/328577\/"},"modified":"2026-08-19T16:43:24","modified_gmt":"2026-08-19T16:43:24","slug":"tiia-aallon-yllattava-elamanmuutos-muuttaa-yhteen-roosaliina-sunikan-kanssa","status":"publish","type":"post","link":"https:\/\/www.europesays.com\/fi\/328577\/","title":{"rendered":"Tiia Aallon yll\u00e4tt\u00e4v\u00e4 el\u00e4m\u00e4nmuutos: Muuttaa yhteen Roosaliina Sunikan kanssa"},"content":{"rendered":"<p>            Timo Korhonen &amp; Instagram\n        <\/p>\n<p class=\"subtitle \">Missi ly\u00f6 hynttyyt yhteen melkoisen kaunottaren kanssa.<\/p>\n<p class=\"article-content article-content-width !bg-background\">Kirkkonummelainen , 26, muistetaan Miss Suomi 2024 -kilpailun 1. perint\u00f6prinsessana.<\/p>\n<p class=\"font-weight-bold m-font-weight-bold article-content article-content-width !bg-background\">Arkistovideolla Tiia Aallon &amp; Elina Gustafssonin avointa kuhertelua:<\/p>\n<p class=\"article-content article-content-width !bg-background\">Tiia on mukana my\u00f6s t\u00e4m\u00e4n syksyn missifinaalissa \u2013 mentorin roolissa. H\u00e4net n\u00e4hd\u00e4\u00e4n viikkoja kest\u00e4v\u00e4ll\u00e4 missikiertueellakin.<\/p>\n<p class=\"article-content article-content-width !bg-background\">\u2013 Vaikken t\u00e4ll\u00e4 kertaa kisaakaan itse, niin j\u00e4nnit\u00e4n ihan yht\u00e4 paljon n\u00e4iden tytt\u00f6jen puolesta, Tiia tuumii Seiskalle missifinalistien julkistustilaisuudessa.<\/p>\n<p class=\"article-content article-content-width !bg-background\">\u2013 T\u00e4ss\u00e4 tulee ihan omat missiajat mieleen.<\/p>\n<p>        <a itemprop=\"url\" href=\"https:\/\/www.seiska.fi\/kotimaa\/tassa-ovat-miss-suomi-finalistit-mukana-julkkiksen-sukulainen\/2236680\" rel=\"nofollow noopener\" target=\"_blank\"><\/p>\n<p>\nMukana julkkiksen sukulainen!\n<\/p>\n<p class=\"section-date\">\n        <strong class=\"article-section\" data-section=\"kotimaa\"><br \/>\n            kotimaa<br \/>\n        <\/strong><br \/>\n        17.8. 14:43\n    <\/p>\n<p>T\u00e4ss\u00e4 ovat Miss Suomi -finalistit \u2013 mukana julkkiksen sukulainen!\n    <\/p>\n<p itemprop=\"description\" class=\"subtitle \">\n    Vuoden 2026 Miss Suomi -kilpailun voittaja selvi\u00e4\u00e4 syyskuussa.\n<\/p>\n<p>        <\/a><\/p>\n<p>                <img decoding=\"async\" src=\"https:\/\/www.europesays.com\/fi\/wp-content\/uploads\/2026\/08\/2238236.webp\" width=\"576\" height=\"720\" alt=\"Miss Suomen 1. perint\u00f6prinsessa vuodelta 2024 Tiia Aalto mentoroi missifinalisteja.\" loading=\"lazy\" \/>            <\/p>\n<p>\n            Miss Suomen 1. perint\u00f6prinsessa vuodelta 2024 Tiia Aalto mentoroi missifinalisteja.<br \/>\n            Timo Korhonen\n        <\/p>\n<p>Sutinahuhuja ex-nyrkkeilij\u00e4\u00e4n<\/p>\n<p class=\"article-content article-content-width !bg-background\">Tiia on yhdistetty sitkeiss\u00e4 romanssihuhuissa ex-nyrkkeilij\u00e4 , 34.<\/p>\n<p class=\"article-content article-content-width !bg-background\">Romanttinen huhumylly k\u00e4ynnistyi kev\u00e4\u00e4ll\u00e4, kun kaksikko bongattiin yhteiselt\u00e4 Amsterdamin-matkalta.<\/p>\n<p class=\"article-content article-content-width !bg-background\">My\u00f6hemmin parivaljakon on n\u00e4hty seuraavan yhdess\u00e4 muun muassa koripallo-ottelua Helsingin Kisahallissa. Onpa takana my\u00f6s muutama ulkomaanreissu.<\/p>\n<p>        <a itemprop=\"url\" href=\"https:\/\/www.seiska.fi\/kotimaa\/suhdehuhut-kiihtyvat-elina-gustafsson-ja-tiia-aalto-yhteisella-lomamatkalla\/2214592\" rel=\"nofollow noopener\" target=\"_blank\"><\/p>\n<p>\nSuhdehuhut kiihtyv\u00e4t\n<\/p>\n<p class=\"section-date\">\n        <strong class=\"article-section\" data-section=\"kotimaa\"><br \/>\n            kotimaa<br \/>\n        <\/strong><br \/>\n        22.7. 18:00\n    <\/p>\n<p>Suhdehuhut kiihtyv\u00e4t! Elina Gustafsson ja Tiia Aalto yhteisell\u00e4 lomamatkalla\n    <\/p>\n<p itemprop=\"description\" class=\"subtitle \">\n    Elina ja Tiia ovat viihtyneet kesken\u00e4\u00e4n jo muutaman kuukauden ajan.\n<\/p>\n<p>        <\/a><\/p>\n<p>                <img decoding=\"async\" src=\"https:\/\/www.europesays.com\/fi\/wp-content\/uploads\/2026\/08\/2238238.webp\" width=\"576\" height=\"720\" alt=\"Tiiaan romanttisesti yhdistetty Elina Gustafsson lopetti nyrkkeilyuransa vuonna 2020.\" loading=\"lazy\" \/>            <\/p>\n<p>\n            Tiiaan romanttisesti yhdistetty Elina Gustafsson lopetti nyrkkeilyuransa vuonna 2020.<br \/>\n            Timo Korhonen\n        <\/p>\n<p>Todellinen j\u00e4ttiyll\u00e4tys<\/p>\n<p class=\"article-content article-content-width !bg-background\">Elinasta kohteliaasti kysytt\u00e4ess\u00e4 Tiia punastui silminn\u00e4hden, muttei halunnut kommentoida siviiliel\u00e4m\u00e4ns\u00e4 saloja.<\/p>\n<p class=\"article-content article-content-width !bg-background\">Paitsi er\u00e4\u00e4n henkil\u00f6n suhteen \u2013 eik\u00e4 h\u00e4n olekaan Ellu Gee.<\/p>\n<p class=\"article-content article-content-width !bg-background\">\u2013 Syyskuussa koittaa el\u00e4m\u00e4nmuutos. Muutan silloin yhteen hyv\u00e4n yst\u00e4v\u00e4ni Roosaliinan kanssa, Tiia yll\u00e4tt\u00e4\u00e4.<\/p>\n<p class=\"article-content article-content-width !bg-background\">\u2013 Muutamme h\u00e4nen kanssaan kahdestaan Kalasatamaan. Olemme hyvin l\u00e4heisi\u00e4 yst\u00e4vi\u00e4.<\/p>\n<p class=\"font-weight-bold m-font-weight-bold article-content article-content-width !bg-background\">Tiian &amp; Roosaliinan pusuvideo:<\/p>\n<p>Muistetaan peppumallina<\/p>\n<p class=\"article-content article-content-width !bg-background\">Tiian tuleva k\u00e4mppis on , joka muistetaan vuoden 2021 Wellnessmallina.<\/p>\n<p>\n            Olemme hyvin l\u00e4heisi\u00e4 yst\u00e4vi\u00e4.\n            <\/p>\n<p class=\"article-content article-content-width !bg-background\">Kokem\u00e4elt\u00e4 kotoisin oleva Roosaliina on my\u00f6s somevaikuttaja ja viel\u00e4p\u00e4 varsin suosittu sellainen.<\/p>\n<p class=\"article-content article-content-width !bg-background\">N\u00e4ytt\u00e4v\u00e4st\u00e4 kropastaan ja toistuvista peppukuvistaan tunnettu Roosaliina on viime vuosina matkustellut ahkerasti ymp\u00e4ri maailmaa.<\/p>\n<p>        <a itemprop=\"url\" href=\"https:\/\/www.seiska.fi\/kotimaa\/wellnessmalli-voittaja-roosaliina-sunikka-kauhutreffeilla-heti-alettiin-laappimaan-ja-koskemaan\/273633\" rel=\"nofollow noopener\" target=\"_blank\"><\/p>\n<p class=\"section-date\">\n        <strong class=\"article-section\" data-section=\"kotimaa\"><br \/>\n            kotimaa<br \/>\n        <\/strong><br \/>\n        14.6.2022 18:00\n    <\/p>\n<p>Wellnessmalli-voittaja Roosaliina Sunikka kauhutreffeill\u00e4:  \u201dHeti alettiin l\u00e4\u00e4ppim\u00e4\u00e4n ja koskemaan\u201d\n    <\/p>\n<p>        <\/a><\/p>\n<p>Ei ole asettunut mihink\u00e4\u00e4n<\/p>\n<p class=\"article-content article-content-width !bg-background\">Mutta matkustellut on my\u00f6s Tiia, joka kuvailee mennytt\u00e4 vuottaan vauhdikkaaksi.<\/p>\n<p>\n            M\u00e4h\u00e4n oon siis Kirkkonummelta ja ihan maalainen.\n            <\/p>\n<p class=\"article-content article-content-width !bg-background\">\u2013 Olen reissannut paljon ja ollut v\u00e4h\u00e4n siell\u00e4 sun t\u00e4\u00e4ll\u00e4. En ole oikein asettunut mihink\u00e4\u00e4n kodiksi, Tiia tunnustaa.<\/p>\n<p class=\"article-content article-content-width !bg-background\">\u2013 Minulla on ollut t\u00e4ss\u00e4 v\u00e4h\u00e4n erilaisia asumismuotoja ja kuvioita. Oikeastaan t\u00e4m\u00e4n vuoden mottoni on ollut vaan el\u00e4\u00e4 ja nauttia.<\/p>\n<p>                <img decoding=\"async\" src=\"https:\/\/www.europesays.com\/fi\/wp-content\/uploads\/2026\/08\/2238246.webp\" width=\"576\" height=\"624\" alt=\"Tiian el\u00e4m\u00e4ss\u00e4 puhaltavat uudet tuulet.\" loading=\"lazy\" \/>            <\/p>\n<p>\n            Tiian el\u00e4m\u00e4ss\u00e4 puhaltavat uudet tuulet.<br \/>\n            Timo Korhonen\n        <\/p>\n<p>Vain v\u00e4liaikainen ratkaisu<\/p>\n<p class=\"article-content article-content-width !bg-background\">Tuleva Kalasataman kimppak\u00e4mpp\u00e4 on Tiialle vain v\u00e4liaikainen asumismuoto.<\/p>\n<p class=\"article-content article-content-width !bg-background\">\u2013 M\u00e4h\u00e4n oon siis Kirkkonummelta ja ihan maalainen. Sin\u00e4ns\u00e4 Kalasatama ei ehk\u00e4 ole ihan mun kutsumuspaikkani, vain t\u00e4llainen v\u00e4liaikainen asumismuoto.<\/p>\n<p class=\"article-content article-content-width !bg-background\">Tiialla on aiempaa kokemusta kimppak\u00e4mp\u00e4ss\u00e4 asumisesta.<\/p>\n<p class=\"article-content article-content-width !bg-background\">\u2013 Se on mulle hyvin luontaista. Olen asunut Espanjassakin sellaisessa talossa, jossa meit\u00e4 oli kuusi mimmi\u00e4!<\/p>\n","protected":false},"excerpt":{"rendered":"Timo Korhonen &amp; Instagram Missi ly\u00f6 hynttyyt yhteen melkoisen kaunottaren kanssa. Kirkkonummelainen , 26, muistetaan Miss Suomi 2024&hellip;\n","protected":false},"author":2,"featured_media":328578,"comment_status":"","ping_status":"","sticky":false,"template":"","format":"standard","meta":{"footnotes":"","_share_on_mastodon":"0"},"categories":[130],"tags":[3096,137,33,31,30,104,33417,14343,3458,41136,3255,41159,651,32,5411,109,17062],"class_list":["post-328577","post","type-post","status-publish","format-standard","has-post-thumbnail","category-viihde","tag-elamanmuutos","tag-entertainment","tag-fi","tag-finland","tag-finnish","tag-helsinki","tag-jattiyllatys","tag-kalasatama","tag-miss-suomi","tag-miss-suomi-2026","tag-muutto","tag-roosaliina-sunikka","tag-suhteet","tag-suomi","tag-tiia-aalto","tag-viihde","tag-yhteenmuutto"],"share_on_mastodon":{"url":"https:\/\/pubeurope.com\/@fi\/117123181327369207","error":""},"_links":{"self":[{"href":"https:\/\/www.europesays.com\/fi\/wp-json\/wp\/v2\/posts\/328577","targetHints":{"allow":["GET"]}}],"collection":[{"href":"https:\/\/www.europesays.com\/fi\/wp-json\/wp\/v2\/posts"}],"about":[{"href":"https:\/\/www.europesays.com\/fi\/wp-json\/wp\/v2\/types\/post"}],"author":[{"embeddable":true,"href":"https:\/\/www.europesays.com\/fi\/wp-json\/wp\/v2\/users\/2"}],"replies":[{"embeddable":true,"href":"https:\/\/www.europesays.com\/fi\/wp-json\/wp\/v2\/comments?post=328577"}],"version-history":[{"count":0,"href":"https:\/\/www.europesays.com\/fi\/wp-json\/wp\/v2\/posts\/328577\/revisions"}],"wp:featuredmedia":[{"embeddable":true,"href":"https:\/\/www.europesays.com\/fi\/wp-json\/wp\/v2\/media\/328578"}],"wp:attachment":[{"href":"https:\/\/www.europesays.com\/fi\/wp-json\/wp\/v2\/media?parent=328577"}],"wp:term":[{"taxonomy":"category","embeddable":true,"href":"https:\/\/www.europesays.com\/fi\/wp-json\/wp\/v2\/categories?post=328577"},{"taxonomy":"post_tag","embeddable":true,"href":"https:\/\/www.europesays.com\/fi\/wp-json\/wp\/v2\/tags?post=328577"}],"curies":[{"name":"wp","href":"https:\/\/api.w.org\/{rel}","templated":true}]}}