{"id":32859,"date":"2025-09-12T12:30:07","date_gmt":"2025-09-12T12:30:07","guid":{"rendered":"https:\/\/www.europesays.com\/fi\/32859\/"},"modified":"2025-09-12T12:30:07","modified_gmt":"2025-09-12T12:30:07","slug":"venajan-keskuspankki-laski-jalleen-ohjauskorkoaan-uutisia-lyhyesti","status":"publish","type":"post","link":"https:\/\/www.europesays.com\/fi\/32859\/","title":{"rendered":"Ven\u00e4j\u00e4n keskuspankki laski j\u00e4lleen ohjauskorkoaan | Uutisia lyhyesti"},"content":{"rendered":"<p class=\"aw-1gybjub aw-1p7kakr cmIuaG fmSRng yle__article__paragraph\">Ven\u00e4j\u00e4n keskuspankki laski perjantaina ohjauskorkonsa 18 prosentista 17 prosenttiin. Ohjauskoron laskun syyn\u00e4 ovat huolet Ven\u00e4j\u00e4n talouden hidastumisesta.<\/p>\n<p class=\"aw-1gybjub aw-1p7kakr cmIuaG fmSRng yle__article__paragraph\">Lehdist\u00f6tiedotteessaan keskuspankki sanoi talouden jatkavan paluuta tasapainoisen kasvun uralle.<\/p>\n<p class=\"aw-1gybjub aw-1p7kakr cmIuaG fmSRng yle__article__paragraph\">Viimeksi hein\u00e4kuussa keskuspankki laski ohjauskorkoaan 20 prosentista 18 prosenttiin. Viime lokakuussa keskuspankki nosti ohjauskoron 21 prosenttiin hillit\u00e4kseen inflaatiota.<\/p>\n<p class=\"aw-1gybjub aw-1p7kakr cmIuaG fmSRng yle__article__paragraph\">Korkeat lainojen korot ovat iskeneet kovaa ven\u00e4l\u00e4isyrityksiin, ja osa maan suuryrityksist\u00e4 onkin painostanut keskuspankkia laskemaan ohjauskorkoa.<\/p>\n","protected":false},"excerpt":{"rendered":"Ven\u00e4j\u00e4n keskuspankki laski perjantaina ohjauskorkonsa 18 prosentista 17 prosenttiin. Ohjauskoron laskun syyn\u00e4 ovat huolet Ven\u00e4j\u00e4n talouden hidastumisesta. Lehdist\u00f6tiedotteessaan&hellip;\n","protected":false},"author":2,"featured_media":74,"comment_status":"","ping_status":"","sticky":false,"template":"","format":"standard","meta":{"footnotes":""},"categories":[14],"tags":[22,23,26,27,33,31,30,17,6474,2458,24,25,28,29,15,18,21,2459,32,78,19,20,56,16,547,9544,59,60,61],"class_list":{"0":"post-32859","1":"post","2":"type-post","3":"status-publish","4":"format-standard","5":"has-post-thumbnail","7":"category-ulkomaat","8":"tag-breaking-news","9":"tag-breakingnews","10":"tag-featured-news","11":"tag-featurednews","12":"tag-fi","13":"tag-finland","14":"tag-finnish","15":"tag-headlines","16":"tag-keskuspankit","17":"tag-korko","18":"tag-latest-news","19":"tag-latestnews","20":"tag-main-news","21":"tag-mainnews","22":"tag-news","23":"tag-otsikot","24":"tag-paauutiset","25":"tag-rahapolitiikka","26":"tag-suomi","27":"tag-talous","28":"tag-top-stories","29":"tag-topstories","30":"tag-ulkomaat","31":"tag-uutiset","32":"tag-venaja","33":"tag-venajan-keskuspankki","34":"tag-world","35":"tag-world-news","36":"tag-worldnews"},"share_on_mastodon":{"url":"","error":""},"_links":{"self":[{"href":"https:\/\/www.europesays.com\/fi\/wp-json\/wp\/v2\/posts\/32859","targetHints":{"allow":["GET"]}}],"collection":[{"href":"https:\/\/www.europesays.com\/fi\/wp-json\/wp\/v2\/posts"}],"about":[{"href":"https:\/\/www.europesays.com\/fi\/wp-json\/wp\/v2\/types\/post"}],"author":[{"embeddable":true,"href":"https:\/\/www.europesays.com\/fi\/wp-json\/wp\/v2\/users\/2"}],"replies":[{"embeddable":true,"href":"https:\/\/www.europesays.com\/fi\/wp-json\/wp\/v2\/comments?post=32859"}],"version-history":[{"count":0,"href":"https:\/\/www.europesays.com\/fi\/wp-json\/wp\/v2\/posts\/32859\/revisions"}],"wp:featuredmedia":[{"embeddable":true,"href":"https:\/\/www.europesays.com\/fi\/wp-json\/wp\/v2\/media\/74"}],"wp:attachment":[{"href":"https:\/\/www.europesays.com\/fi\/wp-json\/wp\/v2\/media?parent=32859"}],"wp:term":[{"taxonomy":"category","embeddable":true,"href":"https:\/\/www.europesays.com\/fi\/wp-json\/wp\/v2\/categories?post=32859"},{"taxonomy":"post_tag","embeddable":true,"href":"https:\/\/www.europesays.com\/fi\/wp-json\/wp\/v2\/tags?post=32859"}],"curies":[{"name":"wp","href":"https:\/\/api.w.org\/{rel}","templated":true}]}}