{"id":32860,"date":"2025-09-12T12:31:08","date_gmt":"2025-09-12T12:31:08","guid":{"rendered":"https:\/\/www.europesays.com\/fi\/32860\/"},"modified":"2025-09-12T12:31:08","modified_gmt":"2025-09-12T12:31:08","slug":"suosittu-koirametsa-lopettaa-pirkanmaalla","status":"publish","type":"post","link":"https:\/\/www.europesays.com\/fi\/32860\/","title":{"rendered":"Suosittu koiramets\u00e4 lopettaa Pirkanmaalla"},"content":{"rendered":"<p>Lemp\u00e4\u00e4l\u00e4\u00e4n vuonna 2020 avattu Pirkanmaan ensimm\u00e4inen koiramets\u00e4 lopettaa toimintansa vuoden\u00advaihteessa. \u201dOn vain niin, ett\u00e4 aikansa kutakin.\u201d<\/p>\n<p class=\"article-body mb-nof-24 px-nof-16\">Aamulehti<\/p>\n<p>Lue tiivistelm\u00e4<\/p>\n<p>Tiivistelm\u00e4 on teko\u00e4lyn tekem\u00e4 ja ihmisen tarkistama.<\/p>\n<p class=\"article-body mb-nof-24 px-nof-16 sndp-summary-bullet-point-font\">Lemp\u00e4\u00e4l\u00e4ss\u00e4 sijaitseva Elomets\u00e4-koiramets\u00e4 lopettaa toimintansa vuodenvaihteessa.<\/p>\n<p class=\"article-body mb-nof-24 px-nof-16 sndp-summary-bullet-point-font\">Yritt\u00e4j\u00e4n mukaan toiminnan p\u00e4\u00e4ttymiseen ei liity mit\u00e4\u00e4n erikoisempaa ja koiramets\u00e4n mets\u00e4npohja on kulunut.<\/p>\n<p class=\"article-body mb-nof-24 px-nof-16 sndp-summary-bullet-point-font\">Elomets\u00e4 oli Pirkanmaan ensimm\u00e4inen koiramets\u00e4 avautuessaan kes\u00e4ll\u00e4 2020, ja se on ollut suosittu.<\/p>\n<p class=\"article-body mb-nof-24 px-nof-16\">Lemp\u00e4\u00e4l\u00e4l\u00e4inen Elomets\u00e4-koiramets\u00e4 lopettaa toimintansa vuoden\u00advaihteessa.<\/p>\n<p class=\"article-body mb-nof-24 px-nof-16\">Yritt\u00e4j\u00e4 <a class=\"article-personlink\" href=\"https:\/\/www.aamulehti.fi\/haku\/?query=Hannele%20Lehtoranta\" rel=\"nofollow noopener\" target=\"_blank\">Hannele Lehtoranta<\/a> kertoo, ett\u00e4 toiminnan p\u00e4\u00e4ttymiseen ei liity mit\u00e4\u00e4n erikoisempaa tai taloudellisia vaikeuksia.<\/p>\n<p class=\"article-body mb-nof-24 px-nof-16\">\u201dOn vain niin, ett\u00e4 aikansa kutakin\u201d, Lehtoranta tiivist\u00e4\u00e4. \u201dOn aika tehd\u00e4 muuta.\u201d<\/p>\n<p class=\"article-body mb-nof-24 px-nof-16\">Toisaalta Lehtorannan mukaan on ollut selv\u00e4\u00e4, ettei toiminta voi jatkua m\u00e4\u00e4r\u00e4\u00e4ns\u00e4 pidemp\u00e4\u00e4n. \u201dKoiramets\u00e4n mets\u00e4npohja on kulunut, joten jo ihan turvallisuussyist\u00e4 on ollut koko ajan selv\u00e4\u00e4, ettei toiminta voi kauhean kauaa jatkua.\u201d<\/p>\n<p class=\"article-body mb-nof-24 px-nof-16\">Lopettamisen vuoksi uusien vuorojen ja korttien ostot koiramets\u00e4\u00e4n sulkeutuvat syyskuun lopussa. Jo ostetuille sarjakorteille ja lahjakorteille voi kuitenkin varata normaalisti vuoden\u00advaihteeseen asti.<\/p>\n<p>Ensimm\u00e4inen Pirkanmaalla<\/p>\n<p class=\"article-body mb-nof-24 px-nof-16\">Kun Elomets\u00e4 avattiin kes\u00e4ll\u00e4 2020, se oli Pirkanmaan ensimm\u00e4inen koiramets\u00e4. Pian avaamisen j\u00e4lkeen Aamulehti kertoi, ett\u00e4 koiramets\u00e4\u00e4n tuli koiria ja niiden ulkoiluttajia y\u00f6t\u00e4 p\u00e4iv\u00e4\u00e4.<\/p>\n<p class=\"article-body mb-nof-24 px-nof-16\">Lehtoranta kuvailee Elomets\u00e4n vuosien menneen hyvin ja olleen mielenkiintoisia.<\/p>\n<p class=\"article-body mb-nof-24 px-nof-16\">\u201dOn ollut hieno n\u00e4hd\u00e4, ett\u00e4 t\u00e4st\u00e4 on tavallaan tullut uusi normi koiraihmisten el\u00e4m\u00e4\u00e4n. Aluksi koiramets\u00e4 oli erikoinenkin ajatus, mutta nyt on ihan normaalia, ett\u00e4 koirat voivat t\u00e4llaista k\u00e4ytt\u00e4\u00e4.\u201d<\/p>\n<p class=\"article-body mb-nof-24 px-nof-16\">Elomets\u00e4n aloittamisen j\u00e4lkeen Pirkanmaalle on avattu useampia muita koirametsi\u00e4. Koiramets\u00e4t ovat aidattuja mets\u00e4alueita, joita voi vuokrata yksityiseen k\u00e4ytt\u00f6\u00f6n ja joissa koirat voivat juosta vapaina.<\/p>\n<p class=\"article-body mb-nof-24 px-nof-16\">Lemp\u00e4\u00e4l\u00e4n Elomets\u00e4 on kooltaan 1,1 hehtaaria ja ollut auki vuorokauden ymp\u00e4ri.<\/p>\n","protected":false},"excerpt":{"rendered":"Lemp\u00e4\u00e4l\u00e4\u00e4n vuonna 2020 avattu Pirkanmaan ensimm\u00e4inen koiramets\u00e4 lopettaa toimintansa vuoden\u00advaihteessa. \u201dOn vain niin, ett\u00e4 aikansa kutakin.\u201d Aamulehti Lue&hellip;\n","protected":false},"author":2,"featured_media":32861,"comment_status":"","ping_status":"","sticky":false,"template":"","format":"standard","meta":{"footnotes":""},"categories":[12],"tags":[157,22,23,26,27,33,31,30,17,24,25,28,29,15,18,21,32,19,20,16],"class_list":{"0":"post-32860","1":"post","2":"type-post","3":"status-publish","4":"format-standard","5":"has-post-thumbnail","7":"category-suomi","8":"tag-aamulehti","9":"tag-breaking-news","10":"tag-breakingnews","11":"tag-featured-news","12":"tag-featurednews","13":"tag-fi","14":"tag-finland","15":"tag-finnish","16":"tag-headlines","17":"tag-latest-news","18":"tag-latestnews","19":"tag-main-news","20":"tag-mainnews","21":"tag-news","22":"tag-otsikot","23":"tag-paauutiset","24":"tag-suomi","25":"tag-top-stories","26":"tag-topstories","27":"tag-uutiset"},"share_on_mastodon":{"url":"","error":""},"_links":{"self":[{"href":"https:\/\/www.europesays.com\/fi\/wp-json\/wp\/v2\/posts\/32860","targetHints":{"allow":["GET"]}}],"collection":[{"href":"https:\/\/www.europesays.com\/fi\/wp-json\/wp\/v2\/posts"}],"about":[{"href":"https:\/\/www.europesays.com\/fi\/wp-json\/wp\/v2\/types\/post"}],"author":[{"embeddable":true,"href":"https:\/\/www.europesays.com\/fi\/wp-json\/wp\/v2\/users\/2"}],"replies":[{"embeddable":true,"href":"https:\/\/www.europesays.com\/fi\/wp-json\/wp\/v2\/comments?post=32860"}],"version-history":[{"count":0,"href":"https:\/\/www.europesays.com\/fi\/wp-json\/wp\/v2\/posts\/32860\/revisions"}],"wp:featuredmedia":[{"embeddable":true,"href":"https:\/\/www.europesays.com\/fi\/wp-json\/wp\/v2\/media\/32861"}],"wp:attachment":[{"href":"https:\/\/www.europesays.com\/fi\/wp-json\/wp\/v2\/media?parent=32860"}],"wp:term":[{"taxonomy":"category","embeddable":true,"href":"https:\/\/www.europesays.com\/fi\/wp-json\/wp\/v2\/categories?post=32860"},{"taxonomy":"post_tag","embeddable":true,"href":"https:\/\/www.europesays.com\/fi\/wp-json\/wp\/v2\/tags?post=32860"}],"curies":[{"name":"wp","href":"https:\/\/api.w.org\/{rel}","templated":true}]}}