{"id":328845,"date":"2026-08-20T00:37:15","date_gmt":"2026-08-20T00:37:15","guid":{"rendered":"https:\/\/www.europesays.com\/fi\/328845\/"},"modified":"2026-08-20T00:37:15","modified_gmt":"2026-08-20T00:37:15","slug":"esapekka-lappi-ajaa-chilen-rallin-toyota-viidella-autolla-kisaan-urheilu","status":"publish","type":"post","link":"https:\/\/www.europesays.com\/fi\/328845\/","title":{"rendered":"Esapekka Lappi ajaa Chilen rallin \u2013 Toyota viidell\u00e4 autolla kisaan | Urheilu"},"content":{"rendered":"<p class=\"aw__sc-1qwuw0s-0 aw__sc-1vg2sqm-0 epAWpq ecELkD yle__article__paragraph\">Ralliautoilun MM-sarjakauden kolmanneksi viimeisess\u00e4 kisassa, 11.-13. syyskuuta ajettavassa Chilen rallissa n\u00e4hd\u00e4\u00e4n Rally1-luokassa kaksi suomalaiskuljettajaa.<\/p>\n<p><img decoding=\"async\" alt=\"Esapekka Lappi Chilen MM-rallissa 2024.\" src=\"https:\/\/www.europesays.com\/fi\/wp-content\/uploads\/2026\/08\/1727650592.jpeg\" class=\"aw__sc-dklauk-0 LPzKX\"\/><\/p>\n<p>Avaa kuvien katselu<\/p>\n<p>Esapekka Lappi Chilen MM-rallissa vuonna 2024. Kuva: All Over Press<\/p>\n<p class=\"aw__sc-1qwuw0s-0 aw__sc-ngllmo-0 epAWpq fzYpjk yle__article__paragraph\">Mestaruuskamppailijan, Toyotaa ajavan <strong class=\"aw__sc-ngllmo-2 gdRrun yle__article__strong\">Sami Pajarin<\/strong> ohella mukana on Hyundain <strong class=\"aw__sc-ngllmo-2 gdRrun yle__article__strong\">Esapekka Lappi<\/strong>, MM-sarja kertoi keskiviikkona.<\/p>\n<p class=\"aw__sc-1qwuw0s-0 aw__sc-ngllmo-0 epAWpq fzYpjk yle__article__paragraph\">Lappi on ajanut t\u00e4ll\u00e4 kaudella nelj\u00e4 kauden kymmenest\u00e4 kisasta, parhaana sijoituksenaan nelj\u00e4s maaliskuisesta Safari-rallista.<\/p>\n<p class=\"aw__sc-1qwuw0s-0 aw__sc-ngllmo-0 epAWpq fzYpjk yle__article__paragraph\">H\u00e4n oli mukana hein\u00e4-elokuun vaihteen Suomen rallissa, mutta joutui keskeytt\u00e4m\u00e4\u00e4n ajettuaan ulos.<\/p>\n<p class=\"aw__sc-1qwuw0s-0 aw__sc-ngllmo-0 epAWpq fzYpjk yle__article__paragraph\">Hyundain muut kuljettajat Chiless\u00e4 ovat <strong class=\"aw__sc-ngllmo-2 gdRrun yle__article__strong\">Adrien Fourmaux<\/strong> ja <strong class=\"aw__sc-ngllmo-2 gdRrun yle__article__strong\">Thierry Neuville<\/strong>.<\/p>\n<p class=\"aw__sc-1qwuw0s-0 aw__sc-ngllmo-0 epAWpq fzYpjk yle__article__paragraph\">Toyota on j\u00e4lleen mukana viidell\u00e4 autolla. Pajarin ohella Toyotaa pilotoivat <strong class=\"aw__sc-ngllmo-2 gdRrun yle__article__strong\">Elfyn Evans, Takamoto Katsuta, Oliver Solberg<\/strong> ja <strong class=\"aw__sc-ngllmo-2 gdRrun yle__article__strong\">Sebastien Ogier<\/strong>.<\/p>\n<p class=\"aw__sc-1qwuw0s-0 aw__sc-ngllmo-0 epAWpq fzYpjk yle__article__paragraph\">MM-sarjassa ajetaan Chilen rallia ennen Paraguayssa ensi viikon viikonloppuna. Evans johtaa MM-sarjaa 30 pisteen erolla Pajariin ja 41 pisteen erolla Katsutaan.<\/p>\n","protected":false},"excerpt":{"rendered":"Ralliautoilun MM-sarjakauden kolmanneksi viimeisess\u00e4 kisassa, 11.-13. syyskuuta ajettavassa Chilen rallissa n\u00e4hd\u00e4\u00e4n Rally1-luokassa kaksi suomalaiskuljettajaa. Avaa kuvien katselu Esapekka&hellip;\n","protected":false},"author":2,"featured_media":328846,"comment_status":"","ping_status":"","sticky":false,"template":"","format":"standard","meta":{"footnotes":"","_share_on_mastodon":"0"},"categories":[158],"tags":[13348,3600,33,31,30,83,3241,3540,5803,159,32,160],"class_list":["post-328845","post","type-post","status-publish","format-standard","has-post-thumbnail","category-urheilu","tag-chile","tag-esapekka-lappi","tag-fi","tag-finland","tag-finnish","tag-moottoriurheilu","tag-ralliautoilu","tag-rallin-mm-sarja","tag-sami-pajari","tag-sports","tag-suomi","tag-urheilu"],"share_on_mastodon":{"url":"https:\/\/pubeurope.com\/@fi\/117125044638798025","error":""},"_links":{"self":[{"href":"https:\/\/www.europesays.com\/fi\/wp-json\/wp\/v2\/posts\/328845","targetHints":{"allow":["GET"]}}],"collection":[{"href":"https:\/\/www.europesays.com\/fi\/wp-json\/wp\/v2\/posts"}],"about":[{"href":"https:\/\/www.europesays.com\/fi\/wp-json\/wp\/v2\/types\/post"}],"author":[{"embeddable":true,"href":"https:\/\/www.europesays.com\/fi\/wp-json\/wp\/v2\/users\/2"}],"replies":[{"embeddable":true,"href":"https:\/\/www.europesays.com\/fi\/wp-json\/wp\/v2\/comments?post=328845"}],"version-history":[{"count":0,"href":"https:\/\/www.europesays.com\/fi\/wp-json\/wp\/v2\/posts\/328845\/revisions"}],"wp:featuredmedia":[{"embeddable":true,"href":"https:\/\/www.europesays.com\/fi\/wp-json\/wp\/v2\/media\/328846"}],"wp:attachment":[{"href":"https:\/\/www.europesays.com\/fi\/wp-json\/wp\/v2\/media?parent=328845"}],"wp:term":[{"taxonomy":"category","embeddable":true,"href":"https:\/\/www.europesays.com\/fi\/wp-json\/wp\/v2\/categories?post=328845"},{"taxonomy":"post_tag","embeddable":true,"href":"https:\/\/www.europesays.com\/fi\/wp-json\/wp\/v2\/tags?post=328845"}],"curies":[{"name":"wp","href":"https:\/\/api.w.org\/{rel}","templated":true}]}}