{"id":328891,"date":"2026-08-20T02:00:14","date_gmt":"2026-08-20T02:00:14","guid":{"rendered":"https:\/\/www.europesays.com\/fi\/328891\/"},"modified":"2026-08-20T02:00:14","modified_gmt":"2026-08-20T02:00:14","slug":"kahdeksan-kertaa-teloitukselta-saastynyt-francis-smith-on-kuollut","status":"publish","type":"post","link":"https:\/\/www.europesays.com\/fi\/328891\/","title":{"rendered":"Kahdeksan kertaa teloitukselta s\u00e4\u00e4stynyt Francis Smith on kuollut"},"content":{"rendered":"<p>Vuonna 1954 Francis Smithin kuolemantuomio muutettiin elinkautiseksi.<\/p>\n<p><img decoding=\"async\" class=\"image image-show image-preview\" src=\"https:\/\/www.europesays.com\/fi\/wp-content\/uploads\/2026\/08\/4e9d00590b272dbca78e834082342821d197f6d3d2e57731ec4016d6d958b044.jpg\" alt=\"\"\/><img decoding=\"async\" class=\"image image-show\" src=\"https:\/\/www.europesays.com\/fi\/wp-content\/uploads\/2026\/08\/1787191214_42_4e9d00590b272dbca78e834082342821d197f6d3d2e57731ec4016d6d958b044.jpg\" alt=\"\"\/><\/p>\n<p>Smithin tapaus nostaa esiin my\u00f6s Yhdysvaltain vankiloiden ik\u00e4\u00e4ntyv\u00e4n v\u00e4est\u00f6n ongelman. Kuva ei liity tapaukseen. EPA\/AOP<\/p>\n<p class=\"paragraph\">Yhdysvaltain pisimp\u00e4\u00e4n tuomiotaan suorittanut vanki <strong>Francis Clifford Smith<\/strong> on kuollut 101-vuotiaana, kertoo <a href=\"https:\/\/www.bbc.com\/news\/articles\/c98vr7ql2vdo\" target=\"_blank\" rel=\"noopener nofollow\">BBC<\/a>. Smith tuomittiin vuonna 1950 murhasta kuolemaan, mutta teloitus lykk\u00e4\u00e4ntyi kahdeksan kertaa.<\/p>\n<p class=\"paragraph\">Smith vakuutti koko vankeutensa ajan syytt\u00f6myytt\u00e4\u00e4n. H\u00e4nen tapauksestaan nousi vuosien mittaan esiin my\u00f6s merkitt\u00e4vi\u00e4 ep\u00e4ilyksi\u00e4. Todistajia perui lausuntojaan, toinen vanki tunnusti my\u00f6hemmin murhan, ja yksi tapauksen tutkintaan osallistunut poliisi kertoi uskovansa Smithin olevan syyt\u00f6n.<\/p>\n<p class=\"paragraph\">N\u00e4m\u00e4 ep\u00e4ilyt toivat h\u00e4nelle lykk\u00e4yst\u00e4 h\u00e4nen moniin suunniteltuihin teloituksiinsa.<\/p>\n<p class=\"paragraph\">Vuonna 1954 Smithin kuolemantuomio muutettiin elinkautiseksi. H\u00e4n vietti vankilassa yli 70 vuotta lukuun ottamatta muutamia lyhyit\u00e4 vapausjaksoja. Smith my\u00f6s pakeni vankilasta vuonna 1967 mutta j\u00e4i kiinni 12 p\u00e4iv\u00e4\u00e4 my\u00f6hemmin.<\/p>\n<p class=\"paragraph\">Vankilassa Smith tunnettiin lintujen ruokkijana ja sai lempinimen \u201dOsbornin lintumies\u201d. H\u00e4n kuljetti vaatteissaan leip\u00e4\u00e4 ruokkiakseen vankilan ymp\u00e4rill\u00e4 olevia lintuja.<\/p>\n<p class=\"paragraph\">\u2013 Kaikki ik\u00e4\u00e4n kuin katsoivat sit\u00e4 sormien l\u00e4pi, Connecticutin rangaistuslaitoksen tiedottaja <strong>Andrius Banevicius<\/strong> kertoi.<\/p>\n<p class=\"paragraph\">Vuonna 2020 Smith p\u00e4\u00e4si valvottuun ehdonalaiseen vapauteen ja muutti ik\u00e4\u00e4ntyneille vangeille tarkoitettuun hoitolaitokseen. H\u00e4n kuoli siell\u00e4 kes\u00e4kuussa.<\/p>\n<p class=\"paragraph\">Smith oli nuori pikkurikollinen, kun h\u00e4nt\u00e4 syytettiin vuonna 1949 <strong>Grover Hartin<\/strong>, connecticutilaisen pursiseuran y\u00f6vartijan, murhasta. H\u00e4n oli toinen kahdesta surmasta pid\u00e4tetyst\u00e4 miehest\u00e4, mutta toinen teki syytesopimuksen ja todisti Smithi\u00e4 vastaan.<\/p>\n<p class=\"paragraph\">Smithin tapaus nostaa esiin my\u00f6s Yhdysvaltain vankiloiden ik\u00e4\u00e4ntyv\u00e4n v\u00e4est\u00f6n ongelman. Yli 55-vuotiaiden vankien m\u00e4\u00e4r\u00e4 kasvoi l\u00e4hes 400 prosenttia vuosina 1991\u20132021. Asiantuntijoiden mukaan ik\u00e4\u00e4ntyneiden vankien m\u00e4\u00e4r\u00e4 kasvaa edelleen nopeasti ja lis\u00e4\u00e4 paineita vankiloiden terveydenhuoltoon.<\/p>\n","protected":false},"excerpt":{"rendered":"Vuonna 1954 Francis Smithin kuolemantuomio muutettiin elinkautiseksi. Smithin tapaus nostaa esiin my\u00f6s Yhdysvaltain vankiloiden ik\u00e4\u00e4ntyv\u00e4n v\u00e4est\u00f6n ongelman. Kuva&hellip;\n","protected":false},"author":2,"featured_media":328892,"comment_status":"","ping_status":"","sticky":false,"template":"","format":"standard","meta":{"footnotes":"","_share_on_mastodon":"0"},"categories":[14],"tags":[35,22,23,26,27,33,31,30,17,53,24,25,28,29,15,977,976,18,21,38,32,19,20,56,16,8170,59,60,61],"class_list":["post-328891","post","type-post","status-publish","format-standard","has-post-thumbnail","category-ulkomaat","tag-24h","tag-breaking-news","tag-breakingnews","tag-featured-news","tag-featurednews","tag-fi","tag-finland","tag-finnish","tag-headlines","tag-laki-oikeus-ja-rikos","tag-latest-news","tag-latestnews","tag-main-news","tag-mainnews","tag-news","tag-oikeusistuimet","tag-oikeusprosessit","tag-otsikot","tag-paauutiset","tag-rikos","tag-suomi","tag-top-stories","tag-topstories","tag-ulkomaat","tag-uutiset","tag-vankeus","tag-world","tag-world-news","tag-worldnews"],"share_on_mastodon":{"url":"https:\/\/pubeurope.com\/@fi\/117125371321031123","error":""},"_links":{"self":[{"href":"https:\/\/www.europesays.com\/fi\/wp-json\/wp\/v2\/posts\/328891","targetHints":{"allow":["GET"]}}],"collection":[{"href":"https:\/\/www.europesays.com\/fi\/wp-json\/wp\/v2\/posts"}],"about":[{"href":"https:\/\/www.europesays.com\/fi\/wp-json\/wp\/v2\/types\/post"}],"author":[{"embeddable":true,"href":"https:\/\/www.europesays.com\/fi\/wp-json\/wp\/v2\/users\/2"}],"replies":[{"embeddable":true,"href":"https:\/\/www.europesays.com\/fi\/wp-json\/wp\/v2\/comments?post=328891"}],"version-history":[{"count":0,"href":"https:\/\/www.europesays.com\/fi\/wp-json\/wp\/v2\/posts\/328891\/revisions"}],"wp:featuredmedia":[{"embeddable":true,"href":"https:\/\/www.europesays.com\/fi\/wp-json\/wp\/v2\/media\/328892"}],"wp:attachment":[{"href":"https:\/\/www.europesays.com\/fi\/wp-json\/wp\/v2\/media?parent=328891"}],"wp:term":[{"taxonomy":"category","embeddable":true,"href":"https:\/\/www.europesays.com\/fi\/wp-json\/wp\/v2\/categories?post=328891"},{"taxonomy":"post_tag","embeddable":true,"href":"https:\/\/www.europesays.com\/fi\/wp-json\/wp\/v2\/tags?post=328891"}],"curies":[{"name":"wp","href":"https:\/\/api.w.org\/{rel}","templated":true}]}}