{"id":328917,"date":"2026-08-20T02:52:17","date_gmt":"2026-08-20T02:52:17","guid":{"rendered":"https:\/\/www.europesays.com\/fi\/328917\/"},"modified":"2026-08-20T02:52:17","modified_gmt":"2026-08-20T02:52:17","slug":"postin-tyontekijat-marssivat-ulos-kirjeet-ja-paketit-voivat-viivastya-uutisia-lyhyesti","status":"publish","type":"post","link":"https:\/\/www.europesays.com\/fi\/328917\/","title":{"rendered":"Postin ty\u00f6ntekij\u00e4t marssivat ulos \u2013 kirjeet ja paketit voivat viiv\u00e4sty\u00e4 | Uutisia lyhyesti"},"content":{"rendered":"<p class=\"aw__sc-1qwuw0s-0 aw__sc-1vg2sqm-0 epAWpq ecELkD yle__article__paragraph\">Ulosmarssin syyn\u00e4 ovat Postin toiset muutos\u00adneuvottelut puolen vuoden sis\u00e4ll\u00e4.<\/p>\n<p><img decoding=\"async\" alt=\"Postinkantaja py\u00f6r\u00e4ll\u00e4 liikennevaloissa.\" src=\"https:\/\/www.europesays.com\/fi\/wp-content\/uploads\/2026\/08\/1754651717.jpeg\" class=\"aw__sc-dklauk-0 LPzKX\"\/><\/p>\n<p>Avaa kuvien katselu<\/p>\n<p>Neuvottelujen piiriss\u00e4 on noin 600 ty\u00f6ntekij\u00e4\u00e4. Arkistokuva. Kuva: Henrietta Hassinen \/ Yle<\/p>\n<p>19.8. 21:57\u2022P\u00e4ivitetty 19.8. 22:00<\/p>\n<p class=\"aw__sc-1qwuw0s-0 aw__sc-ngllmo-0 epAWpq fzYpjk yle__article__paragraph\">Helsingin Pasilan Postikeskuksessa on j\u00e4rjestetty keskiviikkoiltana ulosmarssi.<\/p>\n<p class=\"aw__sc-1qwuw0s-0 aw__sc-ngllmo-0 epAWpq fzYpjk yle__article__paragraph\">Ulosmarssi vaikuttaa postin kulkuun torstaina merkitt\u00e4v\u00e4sti, sanoo Posti- ja logistiikka-alan unionin PAU:n Pasilan osaston p\u00e4\u00e4puheenjohtaja <strong class=\"aw__sc-ngllmo-2 gdRrun yle__article__strong\">Filip Djordjevic<\/strong>.<\/p>\n<p class=\"aw__sc-1qwuw0s-0 aw__sc-ngllmo-0 epAWpq fzYpjk yle__article__paragraph\">Kirjekulku hidastuu ja kotiin jaettavat pikkupaketit viiv\u00e4styv\u00e4t, Djordjevic kertoo. Vaikutukset n\u00e4kyv\u00e4t jakelussa paitsi Helsingiss\u00e4, my\u00f6s laajemmin maassa.<\/p>\n<p class=\"aw__sc-1qwuw0s-0 aw__sc-ngllmo-0 epAWpq fzYpjk yle__article__paragraph\">Puheenjohtajan mukaan mielenilmaukseen osallistuu yli 80 prosenttia Postikeskuksen iltavuorolaisista.<\/p>\n<p class=\"aw__sc-1qwuw0s-0 aw__sc-ngllmo-0 epAWpq fzYpjk yle__article__paragraph\">Djordjevic pahoittelee ulosmarssin vaikutuksia kuluttajille. Suma pyrit\u00e4\u00e4n purkamaan niin, ett\u00e4 kirjeet p\u00e4\u00e4sisiv\u00e4t perille viimeist\u00e4\u00e4n maanantaina.<\/p>\n<p>Toiset muutosneuvottelut puolen vuoden sis\u00e4\u00e4n<\/p>\n<p class=\"aw__sc-1qwuw0s-0 aw__sc-ngllmo-0 epAWpq fzYpjk yle__article__paragraph\">Ulosmarssin syyn\u00e4 ovat Postin muutosneuvottelut.<\/p>\n<p class=\"aw__sc-1qwuw0s-0 aw__sc-ngllmo-0 epAWpq fzYpjk yle__article__paragraph\">Muutosneuvottelut koskevat Helsingin postikeskuksen lajittelua sek\u00e4 p\u00e4iv\u00e4jakelua eri puolilla Suomea.<\/p>\n<p class=\"aw__sc-1qwuw0s-0 aw__sc-ngllmo-0 epAWpq fzYpjk yle__article__paragraph\">Neuvottelujen piiriss\u00e4 on yhteens\u00e4 637 postity\u00f6ntekij\u00e4\u00e4. Suunnitellut muutokset voivat PAU:n mukaan johtaa arviolta enint\u00e4\u00e4n 50 ty\u00f6ntekij\u00e4n v\u00e4hent\u00e4mistarpeeseen.<\/p>\n<p class=\"aw__sc-1qwuw0s-0 aw__sc-ngllmo-0 epAWpq fzYpjk yle__article__paragraph\">Kyseess\u00e4 ovat toiset muutosneuvottelut puolen vuoden sis\u00e4\u00e4n, Djordjevic kertoo.<\/p>\n<p class=\"aw__sc-1qwuw0s-0 aw__sc-ngllmo-0 epAWpq fzYpjk yle__article__paragraph\">\u2013 T\u00e4m\u00e4 on ylitt\u00e4nyt ty\u00f6ntekij\u00f6iden rajan ja kohdistuu suoraan tuloksen tehneeseen henkil\u00f6st\u00f6\u00f6n.<\/p>\n<p>Postin tulos kasvoi<\/p>\n<p class=\"aw__sc-1qwuw0s-0 aw__sc-ngllmo-0 epAWpq fzYpjk yle__article__paragraph\">Ty\u00f6ntekij\u00f6it\u00e4 edustava PAU ihmettelee <a class=\"aw__sc-ngllmo-1 bTDnwX yle__article__link\" href=\"https:\/\/www.pau.fi\/viestinta\/ajankohtaista\/posti-kaynnistaa-positiivisen-tuloksen-peraan-massiiviset-muutosneuvottelut.html\" role=\"link\" rel=\"nofollow noopener\" target=\"_blank\">tiedotteessaan<\/a>, miksi muutosneuvottelut k\u00e4ynnistettiin heti sen per\u00e4\u00e4n, kun Posti <a class=\"aw__sc-ngllmo-1 bTDnwX yle__article__link\" href=\"https:\/\/www.posti.com\/porssitiedote-3779683\" role=\"link\" rel=\"nofollow noopener\" target=\"_blank\">ilmoitti<\/a> viime viikolla liikevaihdon ja liiketuloksen kasvusta tuoreessa puolivuotiskatsauksessaan.<\/p>\n<p class=\"aw__sc-1qwuw0s-0 aw__sc-ngllmo-0 epAWpq fzYpjk yle__article__paragraph\">Postin tuotantojohtaja <strong class=\"aw__sc-ngllmo-2 gdRrun yle__article__strong\">Mikko Hoikkala<\/strong> perustelee muutosneuvotteluja toimintaymp\u00e4rist\u00f6n muuttumisella ja paperisen postin m\u00e4\u00e4r\u00e4n v\u00e4hentymisell\u00e4.<\/p>\n<p class=\"aw__sc-1qwuw0s-0 aw__sc-ngllmo-0 epAWpq fzYpjk yle__article__paragraph\">Hoikkalan mukaan sopeuttamistoimet kohdistuvat paperisen postin k\u00e4sittelyyn liittyviin ty\u00f6teht\u00e4viin, joissa ty\u00f6m\u00e4\u00e4r\u00e4 on v\u00e4hentynyt.<\/p>\n<p class=\"aw__sc-1qwuw0s-0 aw__sc-ngllmo-0 epAWpq fzYpjk yle__article__paragraph\">\u2013 Pyrimme siihen, ett\u00e4 mahdollisimman moni muutosneuvotteluiden piiriss\u00e4 oleva ty\u00f6llistyisi muualle Postiin ja irtisanomiset j\u00e4isiv\u00e4t mahdollisimman v\u00e4h\u00e4isiksi, Hoikkala kertoo s\u00e4hk\u00f6postitse.<\/p>\n","protected":false},"excerpt":{"rendered":"Ulosmarssin syyn\u00e4 ovat Postin toiset muutos\u00adneuvottelut puolen vuoden sis\u00e4ll\u00e4. Avaa kuvien katselu Neuvottelujen piiriss\u00e4 on noin 600 ty\u00f6ntekij\u00e4\u00e4.&hellip;\n","protected":false},"author":2,"featured_media":328918,"comment_status":"","ping_status":"","sticky":false,"template":"","format":"standard","meta":{"footnotes":"","_share_on_mastodon":"0"},"categories":[76],"tags":[79,77,33,31,30,3514,7657,41172,32,78,2247,41171],"class_list":["post-328917","post","type-post","status-publish","format-standard","has-post-thumbnail","category-talous","tag-business","tag-economy","tag-fi","tag-finland","tag-finnish","tag-muutosneuvottelut","tag-posti","tag-posti-ja-logistiikka-alan-unioni","tag-suomi","tag-talous","tag-tyomarkkinat","tag-ulosmarssi"],"share_on_mastodon":{"url":"https:\/\/pubeurope.com\/@fi\/117125575558995710","error":""},"_links":{"self":[{"href":"https:\/\/www.europesays.com\/fi\/wp-json\/wp\/v2\/posts\/328917","targetHints":{"allow":["GET"]}}],"collection":[{"href":"https:\/\/www.europesays.com\/fi\/wp-json\/wp\/v2\/posts"}],"about":[{"href":"https:\/\/www.europesays.com\/fi\/wp-json\/wp\/v2\/types\/post"}],"author":[{"embeddable":true,"href":"https:\/\/www.europesays.com\/fi\/wp-json\/wp\/v2\/users\/2"}],"replies":[{"embeddable":true,"href":"https:\/\/www.europesays.com\/fi\/wp-json\/wp\/v2\/comments?post=328917"}],"version-history":[{"count":0,"href":"https:\/\/www.europesays.com\/fi\/wp-json\/wp\/v2\/posts\/328917\/revisions"}],"wp:featuredmedia":[{"embeddable":true,"href":"https:\/\/www.europesays.com\/fi\/wp-json\/wp\/v2\/media\/328918"}],"wp:attachment":[{"href":"https:\/\/www.europesays.com\/fi\/wp-json\/wp\/v2\/media?parent=328917"}],"wp:term":[{"taxonomy":"category","embeddable":true,"href":"https:\/\/www.europesays.com\/fi\/wp-json\/wp\/v2\/categories?post=328917"},{"taxonomy":"post_tag","embeddable":true,"href":"https:\/\/www.europesays.com\/fi\/wp-json\/wp\/v2\/tags?post=328917"}],"curies":[{"name":"wp","href":"https:\/\/api.w.org\/{rel}","templated":true}]}}