{"id":329005,"date":"2026-08-20T05:33:14","date_gmt":"2026-08-20T05:33:14","guid":{"rendered":"https:\/\/www.europesays.com\/fi\/329005\/"},"modified":"2026-08-20T05:33:14","modified_gmt":"2026-08-20T05:33:14","slug":"alko-laajentaa-aukioloaikojaan-iltalehti","status":"publish","type":"post","link":"https:\/\/www.europesays.com\/fi\/329005\/","title":{"rendered":"Alko laajentaa aukioloaikojaan &#8211; Iltalehti"},"content":{"rendered":"<ol>\n<li><a href=\"https:\/\/news.google.com\/rss\/articles\/CBMie0FVX3lxTE0yempRTnZpX2M2bU9yZ2d5azJnbnRDdmJQUklOczlUd1VXRUgxYW5EeTRhclQzRnZ2dlVpWlduS2l0c3l2LU9adHdJTVJrNXFMMW1pUTBsRDJ6cldycmw1Q0F1Rk1LaUcydFVIRHNKTFBhRUFLQ2tiY0gyUQ?oc=5\" target=\"_blank\" rel=\"nofollow noopener\">Alko laajentaa aukioloaikojaan<\/a>&nbsp;&nbsp;Iltalehti<\/li>\n<li><a href=\"https:\/\/news.google.com\/rss\/articles\/CBMiQkFVX3lxTE44eVlOX3RoMXJGV09sN0hGOXhnNjYwckZSeHJ0MEktOVBhODE1WUhxQ1oxVFo4S0FhdlNXeUVwbEgwZw?oc=5\" target=\"_blank\" rel=\"nofollow noopener\">Alko lis\u00e4\u00e4 sunnuntaisin auki olevien myym\u00e4l\u00f6iden m\u00e4\u00e4r\u00e4\u00e4<\/a>&nbsp;&nbsp;Yle<\/li>\n<li><a href=\"https:\/\/news.google.com\/rss\/articles\/CBMiYEFVX3lxTE0yQ2dZYUN3R0dPSG5JLWM1ZEw0bVhaejBqRE93eTk1RUZrSDRkLXdrekt6eTFsM1JQZ29sa1NMb3piWUtWcGY2aHp0UHFHWjZBSzJjUXBObVVGZWZiR1JYTA?oc=5\" target=\"_blank\" rel=\"nofollow noopener\">Alkolta yll\u00e4tys! Aukioloaikoja laajennetaan j\u00e4lleen<\/a>&nbsp;&nbsp;Helsingin Uutiset<\/li>\n<li><a href=\"https:\/\/news.google.com\/rss\/articles\/CBMiyAFBVV95cUxPX3lBZmFfMEE3MHZra00zUEt4TXNuVlZBNzdTazhqSFUwdTllZ2htTU5ubE5jNmZNQlZSV3RKckRJckNqOWt5cERQSnhZWFZKVmRLOVFvT0ZWM3NVTS1lczNrdE54b3RuLWhJVzU5akdxNnZ4d081amZuazBwQ05UYzVMeC03MFlKRlZIYzdtLURRZVRfbWdMQWo0UmEyQ3ZJTXlTbWVQQ2dJM1p6NzVXN2wyaV80TUxBNkFKLWVDMGhWNWFUVG5tdg?oc=5\" target=\"_blank\" rel=\"nofollow noopener\">Alko tekee taas ison muutoksen aukioloihin \u2013 n\u00e4m\u00e4 myym\u00e4l\u00e4t auki jopa juhlapyhin\u00e4<\/a>&nbsp;&nbsp;mtvuutiset.fi<\/li>\n<li><a href=\"https:\/\/news.google.com\/rss\/articles\/CBMivAFBVV95cUxQamxzQkhZXzNNSHZ3Vm03YUJ0LUpDaWI4UzVtTkZUaDN3dktNMG1Kc2IxRlg0WVdNcFdfeVZpTXhDYkJiV3hiZ0ZxTURuWWlsdlRnMHpmTURoRTRJV3hyMXp1N3ZTUjdVdTdoMmpxdkpWYlR1dllqLWRIY25EVzNMRjJFWE1POFNZam40bkJqT2JJcW52TjNRWGR2Q1Z4RW1KU1VaY3NtSTN6eEY0ZEs5ZlhhZDZXU2I0V1hzZg?oc=5\" target=\"_blank\" rel=\"nofollow noopener\">Alko laajentaa sunnuntai- ja juhlapyh\u00e4aukioloja syksyll\u00e4<\/a>&nbsp;&nbsp;STT Info<\/li>\n<\/ol>\n","protected":false},"excerpt":{"rendered":"Alko laajentaa aukioloaikojaan&nbsp;&nbsp;Iltalehti Alko lis\u00e4\u00e4 sunnuntaisin auki olevien myym\u00e4l\u00f6iden m\u00e4\u00e4r\u00e4\u00e4&nbsp;&nbsp;Yle Alkolta yll\u00e4tys! Aukioloaikoja laajennetaan j\u00e4lleen&nbsp;&nbsp;Helsingin Uutiset Alko tekee&hellip;\n","protected":false},"author":2,"featured_media":329006,"comment_status":"","ping_status":"","sticky":false,"template":"","format":"standard","meta":{"footnotes":"","_share_on_mastodon":"0"},"categories":[5],"tags":[35,3039,22,23,2199,26,27,33,31,30,17,695,898,24,25,28,29,15,18,21,35126,32,19,20,16],"class_list":["post-329005","post","type-post","status-publish","format-standard","has-post-thumbnail","category-otsikot","tag-24h","tag-alkoholijuomat","tag-breaking-news","tag-breakingnews","tag-elintarvikekauppa-ja-supermarketit","tag-featured-news","tag-featurednews","tag-fi","tag-finland","tag-finnish","tag-headlines","tag-juomat","tag-kulutustavarat","tag-latest-news","tag-latestnews","tag-main-news","tag-mainnews","tag-news","tag-otsikot","tag-paauutiset","tag-ruokakesko","tag-suomi","tag-top-stories","tag-topstories","tag-uutiset"],"share_on_mastodon":{"url":"https:\/\/pubeurope.com\/@fi\/117126208311586299","error":""},"_links":{"self":[{"href":"https:\/\/www.europesays.com\/fi\/wp-json\/wp\/v2\/posts\/329005","targetHints":{"allow":["GET"]}}],"collection":[{"href":"https:\/\/www.europesays.com\/fi\/wp-json\/wp\/v2\/posts"}],"about":[{"href":"https:\/\/www.europesays.com\/fi\/wp-json\/wp\/v2\/types\/post"}],"author":[{"embeddable":true,"href":"https:\/\/www.europesays.com\/fi\/wp-json\/wp\/v2\/users\/2"}],"replies":[{"embeddable":true,"href":"https:\/\/www.europesays.com\/fi\/wp-json\/wp\/v2\/comments?post=329005"}],"version-history":[{"count":0,"href":"https:\/\/www.europesays.com\/fi\/wp-json\/wp\/v2\/posts\/329005\/revisions"}],"wp:featuredmedia":[{"embeddable":true,"href":"https:\/\/www.europesays.com\/fi\/wp-json\/wp\/v2\/media\/329006"}],"wp:attachment":[{"href":"https:\/\/www.europesays.com\/fi\/wp-json\/wp\/v2\/media?parent=329005"}],"wp:term":[{"taxonomy":"category","embeddable":true,"href":"https:\/\/www.europesays.com\/fi\/wp-json\/wp\/v2\/categories?post=329005"},{"taxonomy":"post_tag","embeddable":true,"href":"https:\/\/www.europesays.com\/fi\/wp-json\/wp\/v2\/tags?post=329005"}],"curies":[{"name":"wp","href":"https:\/\/api.w.org\/{rel}","templated":true}]}}