{"id":329111,"date":"2026-08-20T08:52:11","date_gmt":"2026-08-20T08:52:11","guid":{"rendered":"https:\/\/www.europesays.com\/fi\/329111\/"},"modified":"2026-08-20T08:52:11","modified_gmt":"2026-08-20T08:52:11","slug":"yle-esittaa-animaatiosarjan-satanistiperheesta-katso","status":"publish","type":"post","link":"https:\/\/www.europesays.com\/fi\/329111\/","title":{"rendered":"Yle esitt\u00e4\u00e4 animaatiosarjan satanistiperheest\u00e4 | Katso"},"content":{"rendered":"<p>            Yle\n        <\/p>\n<p class=\"subtitle \">Animaatiosarja perustuu JP Ahosen samannimiseen hittisarjakuvaan,<\/p>\n<p class=\"article-content article-content-width !bg-background\">Yle Areenassa alkaa 24. syyskuuta animaatiosarja Belzebubs, joka kertoo black metal -b\u00e4ndist\u00e4 ja satanistiperheest\u00e4. Sarja perustuu tamperelaisen  samannimiseen hittisarjakuvaan, jolla on satoja tuhansia faneja netiss\u00e4. Esimerkiksi Belzebubsin <a href=\"https:\/\/www.instagram.com\/belzebubsofficial\/\" target=\"_blank\" rel=\"nofollow noopener\">Instagram-tilill\u00e4<\/a> on yli 85 000 seuraajaa.<\/p>\n<p class=\"font-weight-bold m-font-weight-bold article-content article-content-width !bg-background\">Video: Mist\u00e4 Arja Saijonmaa on kiitollinen?<\/p>\n<p class=\"article-content article-content-width !bg-background\">13-osaisessa animaatio-komediassa perheenis\u00e4 Sl\u00f8th (\u00e4\u00e4nin\u00e4yttelij\u00e4n\u00e4 ) yritt\u00e4\u00e4 luotsata b\u00e4ndi\u00e4\u00e4n kohti mainetta ja menestyst\u00e4 aina kun ehtii koti-is\u00e4n velvollisuuksiltaan.<\/p>\n<p>        <a itemprop=\"url\" href=\"https:\/\/www.seiska.fi\/katso\/liana-kaarina-elokuvauransa-alusta-meilla-oli-elukan-elama\/2237430\" rel=\"nofollow noopener\" target=\"_blank\"><\/p>\n<p>\nSeksisymboli Liana Kaarina\n<\/p>\n<p class=\"section-date\">\n        <strong class=\"article-section\" data-section=\"katso\"><br \/>\n            katso<br \/>\n        <\/strong><br \/>\n        19.8. 11:15\n    <\/p>\n<p>Liana Kaarina elokuvauransa alusta: &#8221;Meill\u00e4 oli elukan el\u00e4m\u00e4&#8221;\n    <\/p>\n<p itemprop=\"description\" class=\"subtitle \">\n    Ep\u00e4varmasta helsinkil\u00e4istyt\u00f6st\u00e4 tuli 1960-luvulla valkokankaan vamppi.\n<\/p>\n<p>        <\/a><\/p>\n<p class=\"article-content article-content-width !bg-background\">Tulisieluinen \u00e4iti Lucy () kipuilee uravalintojensa kanssa ja teini-i\u00e4n hormonimyrskyiss\u00e4 riutuva tyt\u00e4r Lilith () ihastuu pakkomielteisesti luokkatoveriinsa Samiin (). Leviathan () on perheen herttainen ja hyv\u00e4ntahtoinen kuopus.<\/p>\n<p>                <img decoding=\"async\" src=\"https:\/\/www.europesays.com\/fi\/wp-content\/uploads\/2026\/08\/2238842.webp\" width=\"576\" height=\"274\" alt=\"Sarjakuvataiteilija JP Ahonen luomiensa Belzebubs-pirroshahmojen ymp\u00e4r\u00f6im\u00e4n\u00e4.\" loading=\"lazy\" \/>            <\/p>\n<p>\n            Sarjakuvataiteilija JP Ahonen luomiensa Belzebubs-pirroshahmojen ymp\u00e4r\u00f6im\u00e4n\u00e4.<br \/>\n            Marjaana Malkam\u00e4ki, JP Ahonen, Yle\n        <\/p>\n<p class=\"article-content article-content-width !bg-background\">Satanistiperheen arkea v\u00e4ritt\u00e4v\u00e4t rahahuolet, satunnaiset kulttimenot, lapsenkasvatukselliset haasteet, r\u00e4v\u00e4kk\u00e4 mummi (), ep\u00e4kuollut vaari () ja muut tyypilliset ruuhkavuosien tilanteet.<\/p>\n<p class=\"article-content article-content-width !bg-background\">Belzebubsin pohjalta on perustettu my\u00f6s tosiel\u00e4m\u00e4n b\u00e4ndi, jonka keulakuvina ovat sarjakuvan hahmot. B\u00e4ndin musiikkivideoilla on Youtubessa miljoonia n\u00e4ytt\u00f6kertoja.<\/p>\n<p class=\"font-weight-bold m-font-weight-bold article-content article-content-width !bg-background\">Belzebubs: Cathedrals Of Mourning -musiikkivideo.<\/p>\n<p>        <a itemprop=\"url\" href=\"https:\/\/www.seiska.fi\/katso\/nayttelija-pirjo-heikkila-sekoilee-ruotsissa-video\/2237287\" rel=\"nofollow noopener\" target=\"_blank\"><\/p>\n<p>\nPirjo Heikkil\u00e4:\n<\/p>\n<p class=\"section-date\">\n        <strong class=\"article-section\" data-section=\"katso\"><br \/>\n            katso<br \/>\n        <\/strong><br \/>\n        18.8. 16:15\n    <\/p>\n<p>N\u00e4yttelij\u00e4 Pirjo Heikkil\u00e4 sekoilee Ruotsissa \u2013 video\n    <\/p>\n<p itemprop=\"description\" class=\"subtitle \">\n    Pian kansa saa todistaa Pirjon sekoilua Ruotsissa.\n<\/p>\n<p>        <\/a><\/p>\n<p class=\"article-content article-content-width !bg-background\">Animaatiosarjan ohella julkaistaan neliosainen dokumenttisarja Pirullista piirtoa, joka seuraa Belzebubs-sarjakuvan ja JP Ahosen tarinaa terapiaprojektista ilmi\u00f6ksi.<\/p>\n<p class=\"italic m-italic article-content article-content-width !bg-background\">Belzebubs Yle Areenassa 24. syyskuuta alkaen, TV2:lla 1.10. kello 21.50 alkaen.<\/p>\n<p><script async src=\"\/\/www.instagram.com\/embed.js\"><\/script><\/p>\n","protected":false},"excerpt":{"rendered":"Yle Animaatiosarja perustuu JP Ahosen samannimiseen hittisarjakuvaan, Yle Areenassa alkaa 24. syyskuuta animaatiosarja Belzebubs, joka kertoo black metal&hellip;\n","protected":false},"author":2,"featured_media":329112,"comment_status":"","ping_status":"","sticky":false,"template":"","format":"standard","meta":{"footnotes":"","_share_on_mastodon":"0"},"categories":[133],"tags":[28058,41189,1877,137,33,31,30,41187,41188,32,206,156,109,1149],"class_list":["post-329111","post","type-post","status-publish","format-standard","has-post-thumbnail","category-televisiot","tag-animaatiosarja","tag-belzebubs","tag-black-metal","tag-entertainment","tag-fi","tag-finland","tag-finnish","tag-jp-ahonen","tag-satanistiperhe","tag-suomi","tag-televisiot","tag-tv","tag-viihde","tag-yle"],"share_on_mastodon":{"url":"https:\/\/pubeurope.com\/@fi\/117126991457170535","error":""},"_links":{"self":[{"href":"https:\/\/www.europesays.com\/fi\/wp-json\/wp\/v2\/posts\/329111","targetHints":{"allow":["GET"]}}],"collection":[{"href":"https:\/\/www.europesays.com\/fi\/wp-json\/wp\/v2\/posts"}],"about":[{"href":"https:\/\/www.europesays.com\/fi\/wp-json\/wp\/v2\/types\/post"}],"author":[{"embeddable":true,"href":"https:\/\/www.europesays.com\/fi\/wp-json\/wp\/v2\/users\/2"}],"replies":[{"embeddable":true,"href":"https:\/\/www.europesays.com\/fi\/wp-json\/wp\/v2\/comments?post=329111"}],"version-history":[{"count":0,"href":"https:\/\/www.europesays.com\/fi\/wp-json\/wp\/v2\/posts\/329111\/revisions"}],"wp:featuredmedia":[{"embeddable":true,"href":"https:\/\/www.europesays.com\/fi\/wp-json\/wp\/v2\/media\/329112"}],"wp:attachment":[{"href":"https:\/\/www.europesays.com\/fi\/wp-json\/wp\/v2\/media?parent=329111"}],"wp:term":[{"taxonomy":"category","embeddable":true,"href":"https:\/\/www.europesays.com\/fi\/wp-json\/wp\/v2\/categories?post=329111"},{"taxonomy":"post_tag","embeddable":true,"href":"https:\/\/www.europesays.com\/fi\/wp-json\/wp\/v2\/tags?post=329111"}],"curies":[{"name":"wp","href":"https:\/\/api.w.org\/{rel}","templated":true}]}}