{"id":329183,"date":"2026-08-20T10:47:10","date_gmt":"2026-08-20T10:47:10","guid":{"rendered":"https:\/\/www.europesays.com\/fi\/329183\/"},"modified":"2026-08-20T10:47:10","modified_gmt":"2026-08-20T10:47:10","slug":"ampumahiihtaja-arttu-heikkisen-ampumaksi-tullut-kummiseta-heikkisella-oli-kova-halu-saada-saalista-kainuu","status":"publish","type":"post","link":"https:\/\/www.europesays.com\/fi\/329183\/","title":{"rendered":"Ampumahiiht\u00e4j\u00e4 Arttu Heikkisen ampumaksi tullut kummiset\u00e4: Heikkisell\u00e4 oli kova halu saada saalista | Kainuu"},"content":{"rendered":"<p class=\"aw__sc-1qwuw0s-0 aw__sc-ngllmo-0 epAWpq fzYpjk yle__article__paragraph\">Rovaniemen hovioikeus k\u00e4sittelee parhaillaan ampumahiiht\u00e4j\u00e4 <strong class=\"aw__sc-ngllmo-2 gdRrun yle__article__strong\">Arttu Heikkisen<\/strong> mets\u00e4stysonnettomuuteen liittyv\u00e4\u00e4 tuomiota.<\/p>\n<p class=\"aw__sc-1qwuw0s-0 aw__sc-ngllmo-0 epAWpq fzYpjk yle__article__paragraph\">Yle seuraa k\u00e4sittely\u00e4 paikan p\u00e4\u00e4ll\u00e4 Kajaanissa.<\/p>\n<p class=\"aw__sc-1qwuw0s-0 aw__sc-ngllmo-0 epAWpq fzYpjk yle__article__paragraph\">Heikkinen ampui vahingossa mets\u00e4styskaveriaan haulikolla lintumets\u00e4ll\u00e4 syyskuussa 2024. Haulisuihku osui miehen yl\u00e4vartaloon ja p\u00e4\u00e4h\u00e4n, ja t\u00e4m\u00e4 menetti n\u00e4\u00f6n toisesta silm\u00e4st\u00e4\u00e4n. Onnettomuus tapahtui Kainuun Hyrynsalmella.<\/p>\n<p class=\"aw__sc-1qwuw0s-0 aw__sc-ngllmo-0 epAWpq fzYpjk yle__article__paragraph\"><a class=\"aw__sc-ngllmo-1 bTDnwX yle__article__link\" href=\"https:\/\/yle.fi\/a\/74-20179364\" role=\"link\" rel=\"nofollow noopener\" target=\"_blank\">Kainuun k\u00e4r\u00e4j\u00e4oikeus antoi Heikkiselle sakkotuomion<\/a> t\u00f6rke\u00e4st\u00e4 vammantuottamuksesta ja mets\u00e4stysrikoksesta viime vuoden elokuussa.<\/p>\n<p class=\"aw__sc-1qwuw0s-0 aw__sc-ngllmo-0 epAWpq fzYpjk yle__article__paragraph\">K\u00e4r\u00e4j\u00e4oikeus tuomitsi rangaistukseksi 70 p\u00e4iv\u00e4sakkoa, joista j\u00e4\u00e4 Heikkisen tuloilla maksettavaa 420 euroa. Lis\u00e4ksi oikeus m\u00e4\u00e4r\u00e4si Heikkisen maksamaan miehelle vahingonkorvauksia 6 800 euroa.<\/p>\n<p class=\"aw__sc-1qwuw0s-0 aw__sc-ngllmo-0 epAWpq fzYpjk yle__article__paragraph\">K\u00e4r\u00e4j\u00e4oikeudessa Heikkinen kiisti syytteet ja vetosi siihen, ett\u00e4 kyse oli onnettomuudesta. Heikkisen mukaan mets\u00e4styskaveri oli poistunut sovitulta reitilt\u00e4 ja oli puiden takana n\u00e4kym\u00e4tt\u00f6miss\u00e4.<\/p>\n<p class=\"aw__sc-1qwuw0s-0 aw__sc-ngllmo-0 epAWpq fzYpjk yle__article__paragraph\">K\u00e4r\u00e4j\u00e4oikeuden mukaan Heikkisen olisi kuitenkin pit\u00e4nyt olla tilanteessa huolellisempi.<\/p>\n<p class=\"aw__sc-1qwuw0s-0 aw__sc-ngllmo-0 epAWpq fzYpjk yle__article__paragraph\"><a class=\"aw__sc-ngllmo-1 bTDnwX yle__article__link\" href=\"https:\/\/yle.fi\/a\/74-20187288\" role=\"link\" rel=\"nofollow noopener\" target=\"_blank\">Heikkinen valitti tuomiosta hovioikeuteen<\/a> ja vaatii tuomion kumoamista ja rahallisten korvausten hylk\u00e4\u00e4mist\u00e4.<\/p>\n<p class=\"aw__sc-1qwuw0s-0 aw__sc-ngllmo-0 epAWpq fzYpjk yle__article__paragraph\">Asian k\u00e4sittely alkoi kello yhdeks\u00e4lt\u00e4 aamulla. 22-vuotias Heikkinen saapui paikalle avustajansa varatuomari <strong class=\"aw__sc-ngllmo-2 gdRrun yle__article__strong\">Mauri Tuomisen<\/strong> kanssa.<\/p>\n<p>Mets\u00e4styskavereita jo 10 vuoden ajan<\/p>\n<p class=\"aw__sc-1qwuw0s-0 aw__sc-ngllmo-0 epAWpq fzYpjk yle__article__paragraph\">Hovioikeudessa asianomistaja kertoi olevansa Heikkisen kummiset\u00e4, kuten Heikkinenkin on aiemmin julkisuudessa kertonut. Asianomistajan mukaan he eiv\u00e4t kuitenkaan ole sukua.<\/p>\n<p class=\"aw__sc-1qwuw0s-0 aw__sc-ngllmo-0 epAWpq fzYpjk yle__article__paragraph\">Kummised\u00e4n mukaan h\u00e4n, Heikkinen ja kolmas mets\u00e4st\u00e4j\u00e4 l\u00e4htiv\u00e4t onnettomuusaamuna yhdess\u00e4 pomppulintujahtiin. Pomppulintujahdilla tarkoitetaan mets\u00e4stystapaa, jossa ammutaan maasta lentoon nousevia lintuja.<\/p>\n<p class=\"aw__sc-1qwuw0s-0 aw__sc-ngllmo-0 epAWpq fzYpjk yle__article__paragraph\">Kummised\u00e4n kertoman mukaan onnettomuusaamuna Heikkisell\u00e4 oli kova halu saada saalista.<\/p>\n<p class=\"aw__sc-1qwuw0s-0 aw__sc-ngllmo-0 epAWpq fzYpjk yle__article__paragraph\">H\u00e4n kertoo, ett\u00e4 aiemmin samana aamuna Heikkinen oli ollut n\u00e4kevin\u00e4\u00e4n linnun ja vaihtaneensa aseeseensa pidemm\u00e4n kantaman ammukset. Heikkinen kuitenkin totesi, ettei kyseess\u00e4 ollut lintu eik\u00e4 ampunut.<\/p>\n<p class=\"aw__sc-1qwuw0s-0 aw__sc-ngllmo-0 epAWpq fzYpjk yle__article__paragraph\">Asianomistajan mukaan my\u00f6hemmin Heikkinen on ilmeisesti vaihtanut panokset v\u00e4hemm\u00e4n vaarallisiin.<\/p>\n<p class=\"aw__sc-1qwuw0s-0 aw__sc-ngllmo-0 epAWpq fzYpjk yle__article__paragraph\">\u2013 Jos h\u00e4n niit\u00e4 ei olisi vaihtanut, niin en istuisi t\u00e4ss\u00e4 nyt, kummiset\u00e4 sanoi k\u00e4sittelyss\u00e4.<\/p>\n<p class=\"aw__sc-1qwuw0s-0 aw__sc-ngllmo-0 epAWpq fzYpjk yle__article__paragraph\">Kummiset\u00e4 kertoo, ett\u00e4 h\u00e4n on mets\u00e4st\u00e4nyt Heikkisen kanssa noin 10 vuoden ajan. H\u00e4nen mukaansa yhteisen mets\u00e4styskokemuksen vuoksi turvallisuusohjeita ei k\u00e4yty l\u00e4pi kyseisen\u00e4 p\u00e4iv\u00e4n\u00e4, kun mets\u00e4lle l\u00e4hdettiin.<\/p>\n<p class=\"aw__sc-1qwuw0s-0 aw__sc-ngllmo-0 epAWpq fzYpjk yle__article__paragraph\">Heikkinen on kertonut aiemmin mets\u00e4st\u00e4neens\u00e4 10-vuotiaasta asti.<\/p>\n<p>Kummised\u00e4n mukaan Heikkinen h\u00e4tik\u00f6i<\/p>\n<p class=\"aw__sc-1qwuw0s-0 aw__sc-ngllmo-0 epAWpq fzYpjk yle__article__paragraph\">Mets\u00e4st\u00e4j\u00e4t olivat sopineet k\u00e4velev\u00e4ns\u00e4 mets\u00e4ss\u00e4 kulkevan uran tai mets\u00e4autotien pohjan suuntaisesti.<\/p>\n<p class=\"aw__sc-1qwuw0s-0 aw__sc-ngllmo-0 epAWpq fzYpjk yle__article__paragraph\">Asianomistajan n\u00e4kemyksen mukaan Heikkinen ei jatkanut sovitusti uran mukaisesti ja ampui kulkusuuntaansa n\u00e4hden oikealle, vaikka tiesi, ett\u00e4 asianomistaja kulki h\u00e4nen oikealla puolellaan.<\/p>\n<p class=\"aw__sc-1qwuw0s-0 aw__sc-ngllmo-0 epAWpq fzYpjk yle__article__paragraph\">Heikkisen mukaan kummiset\u00e4 olisi poikennut heid\u00e4n yhdess\u00e4 sopimaltaan kulkulinjalta.<\/p>\n<p class=\"aw__sc-1qwuw0s-0 aw__sc-ngllmo-0 epAWpq fzYpjk yle__article__paragraph\">Kummiset\u00e4 kiist\u00e4\u00e4, ett\u00e4 h\u00e4nen k\u00e4velytahtinsa olisi muuttunut etenemisen aikana. H\u00e4nen mukaansa Heikkinen olisi kuitenkin k\u00e4vellyt normaalia hitaammin ja j\u00e4\u00e4nyt t\u00e4m\u00e4n takia j\u00e4lkeen.<\/p>\n<p class=\"aw__sc-1qwuw0s-0 aw__sc-ngllmo-0 epAWpq fzYpjk yle__article__paragraph\">Asianomistaja katsoo, ettei Heikkisen olisi tullut ampua, jos h\u00e4n ei n\u00e4hnyt muita mets\u00e4st\u00e4ji\u00e4. H\u00e4nen n\u00e4kemyksens\u00e4 mukaan Heikkinen teki tilanteessa harkintavirheen ja toimi liian h\u00e4tik\u00f6idysti.<\/p>\n<p class=\"aw__sc-1qwuw0s-0 aw__sc-ngllmo-0 epAWpq fzYpjk yle__article__paragraph\">Istunnossa keskusteltiin Heikkisen ampumasta vaakalaukauksesta. Asianomistajan mukaan Heikkinen ei olisi osunut h\u00e4neen, jos t\u00e4m\u00e4 olisi ampunut edes hieman yl\u00e4viistoon.<\/p>\n<p><img decoding=\"async\" alt=\"Ampumahiiht\u00e4j\u00e4 Arttu Heikkinen Rovaniemen hovioikeuden istunnossa Kajaanissa.\" src=\"https:\/\/www.europesays.com\/fi\/wp-content\/uploads\/2026\/08\/1787208380.jpeg\" loading=\"lazy\" class=\"aw__sc-dklauk-0 LPzKX\"\/><\/p>\n<p>Avaa kuvien katselu<\/p>\n<p>Ampumahiiht\u00e4j\u00e4 Arttu Heikkinen saapui hovioikeuden k\u00e4sittelyyn yhdess\u00e4 avustajansa varatuomari Mauri Tuomisen kanssa. Kuva: Timo SihvonenHiihtoura vaakalaudalla<\/p>\n<p class=\"aw__sc-1qwuw0s-0 aw__sc-ngllmo-0 epAWpq fzYpjk yle__article__paragraph\">Jos tuomio pysyy voimassa, Heikkinen voi menett\u00e4\u00e4 aselupansa.<\/p>\n<p class=\"aw__sc-1qwuw0s-0 aw__sc-ngllmo-0 epAWpq fzYpjk yle__article__paragraph\"><a class=\"aw__sc-ngllmo-1 bTDnwX yle__article__link\" href=\"https:\/\/poliisi.fi\/ampuma-aselupakaytantojen-yhtenaistaminen-liite-2-perusteet-luvan-peruuttamiselle\" role=\"link\" rel=\"nofollow noopener\" target=\"_blank\">Poliisin verkkosivujen mukaan<\/a> lainvoimainen tuomio t\u00f6rke\u00e4st\u00e4 vammantuottamuksesta johtaa aina aselupien perumiseen. Lainvoimainen tuomio perusmuotoisesta mets\u00e4stysrikoksesta j\u00e4tt\u00e4\u00e4 poliisille asiassa harkinnanvaraa, mutta sekin voi johtaa aselupien perumiseen.<\/p>\n<p class=\"aw__sc-1qwuw0s-0 aw__sc-ngllmo-0 epAWpq fzYpjk yle__article__paragraph\">Aselupien menett\u00e4minen tekisi uran ampumahiiht\u00e4j\u00e4n\u00e4 mahdottomaksi. Heikkinen ei ole viel\u00e4 menett\u00e4nyt aselupiaan, koska tuomio ei ole lainvoimainen.<\/p>\n<p class=\"aw__sc-1qwuw0s-0 aw__sc-ngllmo-0 epAWpq fzYpjk yle__article__paragraph\">Nuori ampumahiiht\u00e4j\u00e4 <a class=\"aw__sc-ngllmo-1 bTDnwX yle__article__link\" href=\"https:\/\/yle.fi\/a\/74-20190325\" role=\"link\" rel=\"nofollow noopener\" target=\"_blank\">j\u00e4tti aiemmin tapahtuneesta valituskirjelm\u00e4n<\/a> Rovaniemen hovioikeudelle.<\/p>\n<p class=\"aw__sc-1qwuw0s-0 aw__sc-ngllmo-0 epAWpq fzYpjk yle__article__paragraph\">Kirjeess\u00e4 todetaan, ett\u00e4 Heikkisen toimeentulo perustuu t\u00e4ysin urheilusta saataviin tuloihin ja jos tuomio j\u00e4\u00e4 voimaan, Heikkisen urheilu-ura on ohi.<\/p>\n<p class=\"aw__sc-1qwuw0s-0 aw__sc-ngllmo-0 epAWpq fzYpjk yle__article__paragraph\">Kirjeen mukaan tuomio ja aselupien peruminen kaataisivat my\u00f6s Heikkisen suunnitelmat toimia urheilualiupseerina Puolustusvoimissa.<\/p>\n<p class=\"aw__sc-1qwuw0s-0 aw__sc-ngllmo-0 epAWpq fzYpjk yle__article__paragraph\">Heikkinen on yksi Suomen lupaavimmista ampumahiiht\u00e4jist\u00e4. H\u00e4n on edustanut Suomea ampumahiihdon MM-kilpailuissa ja voittanut nuorten maailmanmestaruuden ja kaksi nuorten MM-pronssia.<\/p>\n<p class=\"aw__sc-1qwuw0s-0 aw__sc-ngllmo-0 epAWpq fzYpjk yle__article__paragraph\">Uutinen p\u00e4ivittyy.<\/p>\n","protected":false},"excerpt":{"rendered":"Rovaniemen hovioikeus k\u00e4sittelee parhaillaan ampumahiiht\u00e4j\u00e4 Arttu Heikkisen mets\u00e4stysonnettomuuteen liittyv\u00e4\u00e4 tuomiota. Yle seuraa k\u00e4sittely\u00e4 paikan p\u00e4\u00e4ll\u00e4 Kajaanissa. Heikkinen ampui&hellip;\n","protected":false},"author":2,"featured_media":329184,"comment_status":"","ping_status":"","sticky":false,"template":"","format":"standard","meta":{"footnotes":"","_share_on_mastodon":"0"},"categories":[12],"tags":[2094,22,23,26,27,33,31,30,17,723,71,24,25,28,29,15,2098,18,21,1136,32,19,20,16],"class_list":["post-329183","post","type-post","status-publish","format-standard","has-post-thumbnail","category-suomi","tag-ampumahiihto","tag-breaking-news","tag-breakingnews","tag-featured-news","tag-featurednews","tag-fi","tag-finland","tag-finnish","tag-headlines","tag-kainuu","tag-kotimaa","tag-latest-news","tag-latestnews","tag-main-news","tag-mainnews","tag-news","tag-oikeudenkaynnit","tag-otsikot","tag-paauutiset","tag-pohjois-savo","tag-suomi","tag-top-stories","tag-topstories","tag-uutiset"],"share_on_mastodon":{"url":"https:\/\/pubeurope.com\/@fi\/117127443561538828","error":""},"_links":{"self":[{"href":"https:\/\/www.europesays.com\/fi\/wp-json\/wp\/v2\/posts\/329183","targetHints":{"allow":["GET"]}}],"collection":[{"href":"https:\/\/www.europesays.com\/fi\/wp-json\/wp\/v2\/posts"}],"about":[{"href":"https:\/\/www.europesays.com\/fi\/wp-json\/wp\/v2\/types\/post"}],"author":[{"embeddable":true,"href":"https:\/\/www.europesays.com\/fi\/wp-json\/wp\/v2\/users\/2"}],"replies":[{"embeddable":true,"href":"https:\/\/www.europesays.com\/fi\/wp-json\/wp\/v2\/comments?post=329183"}],"version-history":[{"count":0,"href":"https:\/\/www.europesays.com\/fi\/wp-json\/wp\/v2\/posts\/329183\/revisions"}],"wp:featuredmedia":[{"embeddable":true,"href":"https:\/\/www.europesays.com\/fi\/wp-json\/wp\/v2\/media\/329184"}],"wp:attachment":[{"href":"https:\/\/www.europesays.com\/fi\/wp-json\/wp\/v2\/media?parent=329183"}],"wp:term":[{"taxonomy":"category","embeddable":true,"href":"https:\/\/www.europesays.com\/fi\/wp-json\/wp\/v2\/categories?post=329183"},{"taxonomy":"post_tag","embeddable":true,"href":"https:\/\/www.europesays.com\/fi\/wp-json\/wp\/v2\/tags?post=329183"}],"curies":[{"name":"wp","href":"https:\/\/api.w.org\/{rel}","templated":true}]}}