{"id":329372,"date":"2026-08-20T15:59:09","date_gmt":"2026-08-20T15:59:09","guid":{"rendered":"https:\/\/www.europesays.com\/fi\/329372\/"},"modified":"2026-08-20T15:59:09","modified_gmt":"2026-08-20T15:59:09","slug":"kohuyhtio-donut-lab-osti-nordic-nanon-kysyimme-mita-siihen-sanovat-miljoonia-euroja-likoon-laittaneet-rahoittajat-paikalliset","status":"publish","type":"post","link":"https:\/\/www.europesays.com\/fi\/329372\/","title":{"rendered":"Kohuyhti\u00f6 Donut Lab osti Nordic Nanon\u2009\u2013 Kysyimme, mit\u00e4 siihen sanovat miljoonia euroja likoon laittaneet rahoittajat | Paikalliset"},"content":{"rendered":"<p>Elinvoimakeskus, Business Finland ja Mitra Management kertovat, muuttuuko jokin yrityksen omistuspohjan vaihtuessa.<\/p>\n<p>Keskiviikkona uutisoitiin, ett\u00e4 mullistavaa superakkua markkinoille lupaillut Donut Lab <a href=\"https:\/\/www.esaimaa.fi\/paikalliset\/9713818\" rel=\"nofollow noopener\" target=\"_blank\">on ostanut<\/a> Imatralla toimivan Nordic Nano Groupin koko osakekannan.<\/p>\n<p>Etel\u00e4-Saimaan tavoittaman Nordic Nanon toimitusjohtajan <strong>Esa Parjasen<\/strong> mukaan yhdistyminen nopeuttaa teknologian testausta ja kehitt\u00e4mist\u00e4, eik\u00e4 vaikuta Imatran tuotantolaitoksen toimintaan tai suunnitelmiin.<\/p>\n<p>T\u00e4ss\u00e4 jutussa \u00e4\u00e4neen p\u00e4\u00e4sev\u00e4t Imatran tehdashankkeen rahoittajat. Nanoteknologiaratkaisuja aurinkoenergiaan, energian varastointiin ja vedyn tuotantoon kehitt\u00e4v\u00e4 Nordic Nano on onnistunut ker\u00e4\u00e4m\u00e4\u00e4n miljoonakaupalla julkista rahoitusta.<\/p>\n<p>Miten n\u00e4iss\u00e4 piireiss\u00e4 yrityskauppaa kommentoidaan? Ent\u00e4 miten asiaa l\u00e4hestyy Imatran kaupungin yritystilayhti\u00f6 Mitra Management, toinen Nordic Nanon vuokranantajista?<\/p>\n","protected":false},"excerpt":{"rendered":"Elinvoimakeskus, Business Finland ja Mitra Management kertovat, muuttuuko jokin yrityksen omistuspohjan vaihtuessa. Keskiviikkona uutisoitiin, ett\u00e4 mullistavaa superakkua markkinoille&hellip;\n","protected":false},"author":2,"featured_media":329373,"comment_status":"","ping_status":"","sticky":false,"template":"","format":"standard","meta":{"footnotes":"","_share_on_mastodon":"0"},"categories":[76],"tags":[79,77,2267,33,31,30,736,781,25460,25459,637,2375,32,78],"class_list":["post-329372","post","type-post","status-publish","format-standard","has-post-thumbnail","category-talous","tag-business","tag-economy","tag-eurooppa","tag-fi","tag-finland","tag-finnish","tag-imatra","tag-imatran-kaupunki","tag-nordic-nano","tag-nordic-nano-group","tag-politiikka","tag-saimaa-jarvi","tag-suomi","tag-talous"],"share_on_mastodon":{"url":"https:\/\/pubeurope.com\/@fi\/117128669701972626","error":""},"_links":{"self":[{"href":"https:\/\/www.europesays.com\/fi\/wp-json\/wp\/v2\/posts\/329372","targetHints":{"allow":["GET"]}}],"collection":[{"href":"https:\/\/www.europesays.com\/fi\/wp-json\/wp\/v2\/posts"}],"about":[{"href":"https:\/\/www.europesays.com\/fi\/wp-json\/wp\/v2\/types\/post"}],"author":[{"embeddable":true,"href":"https:\/\/www.europesays.com\/fi\/wp-json\/wp\/v2\/users\/2"}],"replies":[{"embeddable":true,"href":"https:\/\/www.europesays.com\/fi\/wp-json\/wp\/v2\/comments?post=329372"}],"version-history":[{"count":0,"href":"https:\/\/www.europesays.com\/fi\/wp-json\/wp\/v2\/posts\/329372\/revisions"}],"wp:featuredmedia":[{"embeddable":true,"href":"https:\/\/www.europesays.com\/fi\/wp-json\/wp\/v2\/media\/329373"}],"wp:attachment":[{"href":"https:\/\/www.europesays.com\/fi\/wp-json\/wp\/v2\/media?parent=329372"}],"wp:term":[{"taxonomy":"category","embeddable":true,"href":"https:\/\/www.europesays.com\/fi\/wp-json\/wp\/v2\/categories?post=329372"},{"taxonomy":"post_tag","embeddable":true,"href":"https:\/\/www.europesays.com\/fi\/wp-json\/wp\/v2\/tags?post=329372"}],"curies":[{"name":"wp","href":"https:\/\/api.w.org\/{rel}","templated":true}]}}