{"id":329404,"date":"2026-08-20T16:51:07","date_gmt":"2026-08-20T16:51:07","guid":{"rendered":"https:\/\/www.europesays.com\/fi\/329404\/"},"modified":"2026-08-20T16:51:07","modified_gmt":"2026-08-20T16:51:07","slug":"kohuyhtio-donut-lab-osti-nordic-nanon-kysyimme-mita-siihen-sanovat-miljoonia-euroja-likoon-laittaneet-rahoittajat-uutisvuoksi","status":"publish","type":"post","link":"https:\/\/www.europesays.com\/fi\/329404\/","title":{"rendered":"Kohuyhti\u00f6 Donut Lab osti Nordic Nanon \u2013 Kysyimme, mit\u00e4 siihen sanovat miljoonia euroja likoon laittaneet rahoittajat &#8211; Uutisvuoksi"},"content":{"rendered":"<ol>\n<li><a href=\"https:\/\/news.google.com\/rss\/articles\/CBMiWkFVX3lxTE9oUUVsTXdYRmdiSjlnMlcyNWtOcFBVaFBrR096MGw2ZlQ4YXRFUlhmZnJwaHpTdXh5aUMzZVowb3ZmR0p5eEc1NjJLN1dlb28tZXp5VmFYYTRDdw?oc=5\" target=\"_blank\" rel=\"nofollow noopener\">Kohuyhti\u00f6 Donut Lab osti Nordic Nanon \u2013 Kysyimme, mit\u00e4 siihen sanovat miljoonia euroja likoon laittaneet rahoittajat<\/a>&nbsp;&nbsp;Uutisvuoksi<\/li>\n<li><a href=\"https:\/\/news.google.com\/rss\/articles\/CBMiQkFVX3lxTE8wYjlzZDM4SVlXdXk5LUhfN0pJamhVSVVtbXl5THg4WG1GZEI4cW5xT0UzZktESDlrN2VFN1hrajNQdw?oc=5\" target=\"_blank\" rel=\"nofollow noopener\">Ihmeakkua lupaillut Donut Lab osti Nordic Nano Groupin, jolla on tarkkaan vartioitu tehdas Imatralla<\/a>&nbsp;&nbsp;Yle<\/li>\n<li><a href=\"https:\/\/news.google.com\/rss\/articles\/CBMifkFVX3lxTE8xQ09SVW1Yc296WnQ4LW0zNWdtby1kX1ZEWG9EakpRdDRsT2tGME4xckRBZnZCVDZxMkp3eFhNMzFSejBxc3dZcnZlUnQyc1ZHWkRwVjIwZ1YwRFJ4RVVlTUlGemdLLTN3dWRxalRLbmpDaGo4djRVZzNiWHdlZw?oc=5\" target=\"_blank\" rel=\"nofollow noopener\">Talousel\u00e4m\u00e4 selvitti: Risto Siilasmaa ei ole ainoa l\u00e4htenyt \u2013 Ovi k\u00e4y nyt Donut Labissa<\/a>&nbsp;&nbsp;Talousel\u00e4m\u00e4<\/li>\n<li><a href=\"https:\/\/news.google.com\/rss\/articles\/CBMiVEFVX3lxTE93aDVYMGxnaWRzMGxRMTBhaGloTWpmeWxMbE5zMmhTZzlrcGF6M1ppMDBzX0k0bkxPQUU2NmVWblI3a1RWamhUTVhOd20ybTdHRS1ZYg?oc=5\" target=\"_blank\" rel=\"nofollow noopener\">Donut Lab on ostanut Nordic Nanon \u2013 Parjanen: Ei vaikuta toimintaan tai suunnitelmiin Imatralla<\/a>&nbsp;&nbsp;Etel\u00e4-Saimaa<\/li>\n<li><a href=\"https:\/\/news.google.com\/rss\/articles\/CBMiWkFVX3lxTE5fUUxkZzBtOUx6MnhtU3RhbV9pV0JXRkZEbDBILVR4RE92cEwteEVwT2ptMVdONFM3WUhqLVZRdlVadFFYaHhHV0hITGhNeG5SbXBSUlJ1eVZGUQ?oc=5\" target=\"_blank\" rel=\"nofollow noopener\">Kauppalehti: Nordic Nanon toimitusjohtaja Esa Parjanen Donut Labin hallitukseen, Risto Siilasmaa j\u00e4tti kohuyhti\u00f6n<\/a>&nbsp;&nbsp;Uutisvuoksi<\/li>\n<\/ol>\n","protected":false},"excerpt":{"rendered":"Kohuyhti\u00f6 Donut Lab osti Nordic Nanon \u2013 Kysyimme, mit\u00e4 siihen sanovat miljoonia euroja likoon laittaneet rahoittajat&nbsp;&nbsp;Uutisvuoksi Ihmeakkua lupaillut&hellip;\n","protected":false},"author":2,"featured_media":329405,"comment_status":"","ping_status":"","sticky":false,"template":"","format":"standard","meta":{"footnotes":"","_share_on_mastodon":"0"},"categories":[76],"tags":[79,77,33,31,30,736,781,25460,25459,721,32,78,3592,4004],"class_list":["post-329404","post","type-post","status-publish","format-standard","has-post-thumbnail","category-talous","tag-business","tag-economy","tag-fi","tag-finland","tag-finnish","tag-imatra","tag-imatran-kaupunki","tag-nordic-nano","tag-nordic-nano-group","tag-rahoitus","tag-suomi","tag-talous","tag-toimitusjohtaja-paajohtaja","tag-yrittajyys"],"share_on_mastodon":{"url":"https:\/\/pubeurope.com\/@fi\/117128874333849205","error":""},"_links":{"self":[{"href":"https:\/\/www.europesays.com\/fi\/wp-json\/wp\/v2\/posts\/329404","targetHints":{"allow":["GET"]}}],"collection":[{"href":"https:\/\/www.europesays.com\/fi\/wp-json\/wp\/v2\/posts"}],"about":[{"href":"https:\/\/www.europesays.com\/fi\/wp-json\/wp\/v2\/types\/post"}],"author":[{"embeddable":true,"href":"https:\/\/www.europesays.com\/fi\/wp-json\/wp\/v2\/users\/2"}],"replies":[{"embeddable":true,"href":"https:\/\/www.europesays.com\/fi\/wp-json\/wp\/v2\/comments?post=329404"}],"version-history":[{"count":0,"href":"https:\/\/www.europesays.com\/fi\/wp-json\/wp\/v2\/posts\/329404\/revisions"}],"wp:featuredmedia":[{"embeddable":true,"href":"https:\/\/www.europesays.com\/fi\/wp-json\/wp\/v2\/media\/329405"}],"wp:attachment":[{"href":"https:\/\/www.europesays.com\/fi\/wp-json\/wp\/v2\/media?parent=329404"}],"wp:term":[{"taxonomy":"category","embeddable":true,"href":"https:\/\/www.europesays.com\/fi\/wp-json\/wp\/v2\/categories?post=329404"},{"taxonomy":"post_tag","embeddable":true,"href":"https:\/\/www.europesays.com\/fi\/wp-json\/wp\/v2\/tags?post=329404"}],"curies":[{"name":"wp","href":"https:\/\/api.w.org\/{rel}","templated":true}]}}