{"id":32954,"date":"2025-09-12T14:43:09","date_gmt":"2025-09-12T14:43:09","guid":{"rendered":"https:\/\/www.europesays.com\/fi\/32954\/"},"modified":"2025-09-12T14:43:09","modified_gmt":"2025-09-12T14:43:09","slug":"jarvet-lahtivat-lampenemaan-uudestaan-koko-suomessa-asiantuntija-ei-muista-vastavaa-luonto","status":"publish","type":"post","link":"https:\/\/www.europesays.com\/fi\/32954\/","title":{"rendered":"J\u00e4rvet l\u00e4htiv\u00e4t l\u00e4mpenem\u00e4\u00e4n uudestaan koko Suomessa \u2013 asiantuntija ei muista vastavaa | Luonto"},"content":{"rendered":"<p class=\"aw-1gybjub aw-5vja16 cmIuaG zKETg yle__article__paragraph\">Poikkeuksellisen ilmi\u00f6st\u00e4 tekee sen laajuus. J\u00e4rvet ovat l\u00e4mmenneet syyskuussa Etel\u00e4-Suomesta aina Kilpisj\u00e4rvelle saakka.<\/p>\n<p>Lappeenrannassa Saimaan l\u00e4mp\u00f6tila on ollut t\u00e4ll\u00e4 viikolla noin 18 astetta. Uimaritkin ovat huomanneet l\u00e4mpim\u00e4n veden. Video: Mikko Savolainen \/ YleJuttu tiivistettyn\u00e4<\/p>\n<ul class=\"aw-1jjocuh iJTSwP yle__article__list yle__article__list--ul\">\n<li class=\"aw-1j7gwms kUeLji\">Suomessa vesist\u00f6t ovat alkaneet l\u00e4mmet\u00e4 syyskuussa, mik\u00e4 on poikkeuksellista, sanoo Ymp\u00e4rist\u00f6keskuksen Jari Uusikivi.<\/li>\n<li class=\"aw-1j7gwms kUeLji\">Pintaveden l\u00e4mp\u00f6tilat ovat nousseet 2-3 astetta, jopa Kilpisj\u00e4rvell\u00e4, mik\u00e4 harvinaista n\u00e4in laajasti.<\/li>\n<li class=\"aw-1j7gwms kUeLji\">L\u00e4mmin alkusyksy ja v\u00e4h\u00e4tuulinen s\u00e4\u00e4 vaikuttavat veden l\u00e4mp\u00f6tilaan, est\u00e4en sekoittumista kylmien kerrosten kanssa.<\/li>\n<li class=\"aw-1j7gwms kUeLji\">Sateet ja tuuli viilent\u00e4v\u00e4t pian vesist\u00f6j\u00e4, mutta l\u00e4mpim\u00e4t vedet voivat vaikuttaa j\u00e4\u00e4n muodostumiseen talvella.<\/li>\n<\/ul>\n<p class=\"aw-1gybjub aw-1p7kakr cmIuaG fmSRng yle__article__paragraph\">T\u00e4m\u00e4 on teko\u00e4lyn avulla tuotettu, toimittajan tarkistama tiivistelm\u00e4.<\/p>\n<p class=\"aw-1gybjub aw-1p7kakr cmIuaG fmSRng yle__article__paragraph\">Suomessa vesist\u00f6t ovat l\u00e4hteneet l\u00e4mpenem\u00e4\u00e4n syyskuussa. Ymp\u00e4rist\u00f6keskuksen ryhm\u00e4p\u00e4\u00e4llikk\u00f6 <strong class=\"aw-ak79eh KyCXm yle__article__strong\">Jari Uusikiven<\/strong> mukaan tilanne on ep\u00e4tavallinen.<\/p>\n<p class=\"aw-1gybjub aw-1p7kakr cmIuaG fmSRng yle__article__paragraph\">\u2013 On hyvin poikkeuksellista, ett\u00e4 jo j\u00e4\u00e4htym\u00e4\u00e4n l\u00e4hteneet pintavedet alkavat l\u00e4mmet\u00e4 uudestaan, Uusikivi toteaa.<\/p>\n<p class=\"aw-1gybjub aw-1p7kakr cmIuaG fmSRng yle__article__paragraph\">Erityist\u00e4 ilmi\u00f6ss\u00e4 on sen laajuus. J\u00e4rvien ja meriveden pintal\u00e4mp\u00f6tilat ovat nousseet l\u00e4hes koko Suomessa. Jopa Kilpisj\u00e4rvell\u00e4 pintaveden l\u00e4mp\u00f6tila on l\u00e4htenyt uudelleen nousuun.<\/p>\n<p class=\"aw-1gybjub aw-1p7kakr cmIuaG fmSRng yle__article__paragraph\">\u2013 N\u00e4in laajasti j\u00e4rvivesien l\u00e4mpenemist\u00e4 uudestaan ei kovin usein tapahdu. Suoraan sanottuna en edes muista, ett\u00e4 n\u00e4in laajasti olisi t\u00e4llaista ilmi\u00f6t\u00e4 tapahtunut, ainakaan l\u00e4hihistoriassa, Uusikivi kertoo.<\/p>\n<p><img decoding=\"async\" alt=\"Syyskuun pintaveden keskil\u00e4mp\u00f6tilat Suomessa 11.9.2025. L\u00e4hde: SYKE.\" src=\"https:\/\/www.europesays.com\/fi\/wp-content\/uploads\/2025\/09\/39-152166368c3ed63837a4.jpeg\" loading=\"lazy\" class=\"aw-1l9m598 hKVVvP\"\/><\/p>\n<p>Avaa kuvien katselu<\/p>\n<p>J\u00e4rvien pintavedet ovat kolme, nelj\u00e4 astetta l\u00e4mpim\u00e4mpi\u00e4 verrattuna ajankohdan keskiarvoon. Kuva: Mikko Savolainen \/ Yle, Mapcreator, OpenStreetMapL\u00e4mmin syksy l\u00e4mmitt\u00e4nyt vedet uudestaan<\/p>\n<p class=\"aw-1gybjub aw-1p7kakr cmIuaG fmSRng yle__article__paragraph\">Syyskuussa j\u00e4rvien pintavesien l\u00e4mp\u00f6tilat ovat nousseet noin kahdesta kolmeen astetta. Syyn\u00e4 poikkeukselliseen ilmi\u00f6\u00f6n on l\u00e4mmin alkusyksy.<\/p>\n<p class=\"aw-1gybjub aw-1p7kakr cmIuaG fmSRng yle__article__paragraph\">\u2013 Mielest\u00e4ni t\u00e4m\u00e4 on merkki siit\u00e4, ett\u00e4 syksyt ovat muuttuneet Suomessa erilaisimmiksi kuin aikaisempina vuosikymmenin\u00e4, toteaa Jari Uusikivi Ymp\u00e4rist\u00f6keskuksesta.<\/p>\n<p class=\"aw-1gybjub aw-1p7kakr cmIuaG fmSRng yle__article__paragraph\">My\u00f6s alkusyksyn v\u00e4h\u00e4tuulinen s\u00e4\u00e4 on vaikuttanut veden l\u00e4mp\u00f6tilaan, etenkin isoilla j\u00e4rvill\u00e4.<\/p>\n<p class=\"aw-1gybjub aw-1p7kakr cmIuaG fmSRng yle__article__paragraph\">\u2013 Se on yksi selke\u00e4 tekij\u00e4, ettei tuuli ole sekoittanut l\u00e4mmennytt\u00e4 pintavett\u00e4 syvemm\u00e4ll\u00e4 olevien, kylmempien vesikerrosten kanssa, perustelee Uuskivi.<\/p>\n<p><img decoding=\"async\" alt=\"Nainen nauttii virkist\u00e4v\u00e4st\u00e4 uinnista j\u00e4rvess\u00e4.\" src=\"https:\/\/www.europesays.com\/fi\/wp-content\/uploads\/2025\/09\/39-152145068c3c5932675a.jpeg\" loading=\"lazy\" class=\"aw-1l9m598 hKVVvP\"\/><\/p>\n<p>Avaa kuvien katselu<\/p>\n<p>Saimaaseen p\u00e4ivitt\u00e4in pulahtalava Jannika Paananen kertoo, ett\u00e4 vesi ei ole viel\u00e4 niin kylm\u00e4\u00e4, ett\u00e4 se pistelisi ihoa. Kuva: Mikko Savolainen \/ YleVesi on viel\u00e4 l\u00e4mmint\u00e4<\/p>\n<p class=\"aw-1gybjub aw-1p7kakr cmIuaG fmSRng yle__article__paragraph\">Lappeenrantalainen <strong class=\"aw-ak79eh KyCXm yle__article__strong\">Jannika Paananen<\/strong> pulahtaa Saimaaseen. H\u00e4n k\u00e4y p\u00e4ivitt\u00e4in uimassa luonnon vesiss\u00e4 \u2013 kes\u00e4isin parhaimmillaan nelj\u00e4 kertaa p\u00e4iv\u00e4ss\u00e4, talvisin v\u00e4hint\u00e4\u00e4n kerran p\u00e4iv\u00e4ss\u00e4.<\/p>\n<p class=\"aw-1gybjub aw-1p7kakr cmIuaG fmSRng yle__article__paragraph\">\u2013 Nyt vesi tuntui l\u00e4mpim\u00e4lt\u00e4 verrattuna ilmaan, toteaa Paananen aamu-uinnin j\u00e4lkeen.<\/p>\n<p class=\"aw-1gybjub aw-1p7kakr cmIuaG fmSRng yle__article__paragraph\">Laiturin mittari n\u00e4ytt\u00e4\u00e4, ett\u00e4 Saimaan pintaveden l\u00e4mp\u00f6tila on 18 astetta.<\/p>\n<p class=\"aw-1gybjub aw-1p7kakr cmIuaG fmSRng yle__article__paragraph\">\u2013 Se oli viel\u00e4 viikko sitten 16 astetta t\u00e4ll\u00e4 samaisella laiturilla, Paananen kertoo.<\/p>\n<p><img decoding=\"async\" alt=\"Ilmakuva Kilpisj\u00e4rven tullista ja sen taustalla h\u00e4\u00e4m\u00f6tt\u00e4v\u00e4st\u00e4 maisemasta.\" src=\"https:\/\/www.europesays.com\/fi\/wp-content\/uploads\/2025\/09\/39-151591868b6aa7b2502b.jpeg\" loading=\"lazy\" class=\"aw-1l9m598 hKVVvP\"\/><\/p>\n<p>Avaa kuvien katselu<\/p>\n<p>Kilpisj\u00e4rven l\u00e4mp\u00f6tila on 11,5 astetta 12. syyskuuta. Kuva: Juuso Stoor \/ YleVeden l\u00e4mp\u00f6tila on usein sama kuin y\u00f6l\u00e4mp\u00f6tila<\/p>\n<p class=\"aw-1gybjub aw-1p7kakr cmIuaG fmSRng yle__article__paragraph\">Suomen ymp\u00e4rist\u00f6keskuksen ryhm\u00e4p\u00e4\u00e4llikk\u00f6 Jari Uusikivi kertoo, ett\u00e4 pintaveden l\u00e4mp\u00f6tila on usein sama kuin vuorokauden alin l\u00e4mp\u00f6tila.<\/p>\n<p class=\"aw-1gybjub aw-1p7kakr cmIuaG fmSRng yle__article__paragraph\">\u2013 Jos y\u00f6t ovat kylmi\u00e4, my\u00f6s pintavedet j\u00e4\u00e4htyv\u00e4t. Jos taas y\u00f6t ovat l\u00e4mp\u00f6isi\u00e4 ja p\u00e4ivisinkin on viel\u00e4 l\u00e4mp\u00f6isemp\u00e4\u00e4, vedet eiv\u00e4t juurikaan j\u00e4\u00e4hdy tai l\u00e4htev\u00e4t suorastaan l\u00e4mpi\u00e4m\u00e4\u00e4n uudestaan.<\/p>\n<p class=\"aw-1gybjub aw-1p7kakr cmIuaG fmSRng yle__article__paragraph\">Esimerkiksi Lappeenrannassa Lauritsalan mittauspisteell\u00e4 Saimaan pintaveden l\u00e4mp\u00f6tila alkoi laskea hein\u00e4kuun lopussa. Se kerkesi laskea 26,2 asteen huippulukemista liki 10 astetta, kunnes l\u00e4mp\u00f6tila l\u00e4hti uudestaan nousuun syyskuun alkupuolella.<\/p>\n<p><img decoding=\"async\" alt=\"Rauhallinen hiekkaranta j\u00e4rven rannalla, taustalla vehre\u00e4\u00e4 mets\u00e4\u00e4.\" src=\"https:\/\/www.europesays.com\/fi\/wp-content\/uploads\/2025\/09\/39-1492013686f920f9d2b7.jpeg\" loading=\"lazy\" class=\"aw-1l9m598 hKVVvP\"\/><\/p>\n<p>Avaa kuvien katselu<\/p>\n<p>Saimaalla Lappeenrannassa pintaveden l\u00e4mp\u00f6tila nousi t\u00e4n\u00e4 vuonna yli 26 asteen lukemaan. Kuva: Mikko Savolainen \/ YleHivotaan enn\u00e4tyslukemia<\/p>\n<p class=\"aw-1gybjub aw-1p7kakr cmIuaG fmSRng yle__article__paragraph\">T\u00e4ll\u00e4 hetkell\u00e4 j\u00e4rvien pintavedet ovat kolme, nelj\u00e4 astetta l\u00e4mpim\u00e4mpi\u00e4 verrattuna ajankohdan keskiarvoon.<\/p>\n<p class=\"aw-1gybjub aw-1p7kakr cmIuaG fmSRng yle__article__paragraph\">\u2013 Monin paikoin ollaan ajankohtaan n\u00e4hden l\u00e4hell\u00e4 enn\u00e4tysl\u00e4mp\u00f6isi\u00e4 pintavesi\u00e4, mutta miss\u00e4\u00e4n ei ole viel\u00e4 enn\u00e4tyst\u00e4 syntynyt, sanoo Uusikivi.<\/p>\n<p class=\"aw-1gybjub aw-1p7kakr cmIuaG fmSRng yle__article__paragraph\">Esimerkiksi Lappeenrannassa Saimaalla pintaveden l\u00e4mp\u00f6enn\u00e4tys <a class=\"aw-iao6s4 iHOxEa yle__article__link\" href=\"https:\/\/yle.fi\/a\/74-20174629\" role=\"link\" rel=\"nofollow noopener\" target=\"_blank\">mitattiiin vuoden 2021 kes\u00e4ll\u00e4<\/a>, syksyn enn\u00e4tyslukema on puolestaan viime vuodelta. N\u00e4ist\u00e4 enn\u00e4tyksist\u00e4 j\u00e4\u00e4tiin t\u00e4n\u00e4 vuonna vain asteen kymmenyksell\u00e4.<\/p>\n<p class=\"aw-1gybjub aw-1p7kakr cmIuaG fmSRng yle__article__paragraph\">\u2013 T\u00e4m\u00e4 voi olla selv\u00e4 indikaatio siit\u00e4, ett\u00e4 syksyt ovat l\u00e4mmenneet Suomessa.<\/p>\n<p class=\"aw-1gybjub aw-1p7kakr cmIuaG fmSRng yle__article__paragraph\">Suomen ymp\u00e4rist\u00f6keskuksen ryhm\u00e4p\u00e4\u00e4llikk\u00f6 Jari Uusikiven mukaan uimavedet alkavat kylmet\u00e4 piakkoin, sill\u00e4 Suomeen on rantautumassa l\u00e4hip\u00e4ivin\u00e4 sateista, tuulista sek\u00e4 viilenev\u00e4\u00e4 s\u00e4\u00e4t\u00e4. Silti l\u00e4mmenneiden pintavesien vaikutukset voivat n\u00e4ky\u00e4 viel\u00e4 talvellakin.<\/p>\n<p class=\"aw-1gybjub aw-1p7kakr cmIuaG fmSRng yle__article__paragraph\">\u2013 L\u00e4mp\u00f6inen j\u00e4rvivesi voi hidastuttaa loppusyksyst\u00e4 j\u00e4\u00e4n muodostumista. Lis\u00e4ksi koko talven voi olla v\u00e4h\u00e4n l\u00e4mp\u00f6isemm\u00e4t vedet j\u00e4rvien syvemmiss\u00e4 kerroksissa, kertoo ryhm\u00e4p\u00e4\u00e4llikk\u00f6 Jari Uusikivi Suomen ymp\u00e4rist\u00f6keskuksesta.<\/p>\n","protected":false},"excerpt":{"rendered":"Poikkeuksellisen ilmi\u00f6st\u00e4 tekee sen laajuus. J\u00e4rvet ovat l\u00e4mmenneet syyskuussa Etel\u00e4-Suomesta aina Kilpisj\u00e4rvelle saakka. Lappeenrannassa Saimaan l\u00e4mp\u00f6tila on ollut&hellip;\n","protected":false},"author":2,"featured_media":32955,"comment_status":"","ping_status":"","sticky":false,"template":"","format":"standard","meta":{"footnotes":""},"categories":[117],"tags":[1302,33,31,30,6012,71,1423,1446,72,4077,476,710,1002,118,32,119,9564,872,477],"class_list":{"0":"post-32954","1":"post","2":"type-post","3":"status-publish","4":"format-standard","5":"has-post-thumbnail","7":"category-luonto","8":"tag-etela-karjala","9":"tag-fi","10":"tag-finland","11":"tag-finnish","12":"tag-jarvet","13":"tag-kotimaa","14":"tag-lampotila","15":"tag-lappeenranta","16":"tag-luonto","17":"tag-meret","18":"tag-nature","19":"tag-saa","20":"tag-saimaa","21":"tag-science","22":"tag-suomi","23":"tag-tiede","24":"tag-veden-lampotila","25":"tag-vesistot","26":"tag-wildlife"},"share_on_mastodon":{"url":"","error":""},"_links":{"self":[{"href":"https:\/\/www.europesays.com\/fi\/wp-json\/wp\/v2\/posts\/32954","targetHints":{"allow":["GET"]}}],"collection":[{"href":"https:\/\/www.europesays.com\/fi\/wp-json\/wp\/v2\/posts"}],"about":[{"href":"https:\/\/www.europesays.com\/fi\/wp-json\/wp\/v2\/types\/post"}],"author":[{"embeddable":true,"href":"https:\/\/www.europesays.com\/fi\/wp-json\/wp\/v2\/users\/2"}],"replies":[{"embeddable":true,"href":"https:\/\/www.europesays.com\/fi\/wp-json\/wp\/v2\/comments?post=32954"}],"version-history":[{"count":0,"href":"https:\/\/www.europesays.com\/fi\/wp-json\/wp\/v2\/posts\/32954\/revisions"}],"wp:featuredmedia":[{"embeddable":true,"href":"https:\/\/www.europesays.com\/fi\/wp-json\/wp\/v2\/media\/32955"}],"wp:attachment":[{"href":"https:\/\/www.europesays.com\/fi\/wp-json\/wp\/v2\/media?parent=32954"}],"wp:term":[{"taxonomy":"category","embeddable":true,"href":"https:\/\/www.europesays.com\/fi\/wp-json\/wp\/v2\/categories?post=32954"},{"taxonomy":"post_tag","embeddable":true,"href":"https:\/\/www.europesays.com\/fi\/wp-json\/wp\/v2\/tags?post=32954"}],"curies":[{"name":"wp","href":"https:\/\/api.w.org\/{rel}","templated":true}]}}