{"id":329592,"date":"2026-08-20T22:08:11","date_gmt":"2026-08-20T22:08:11","guid":{"rendered":"https:\/\/www.europesays.com\/fi\/329592\/"},"modified":"2026-08-20T22:08:11","modified_gmt":"2026-08-20T22:08:11","slug":"pikkulapsi-kuoli-ja-toinen-loukkaantui-vakavasti-rakennuslevyjen-kaaduttua-yhdelle-syytteet-torkeista-rikoksista","status":"publish","type":"post","link":"https:\/\/www.europesays.com\/fi\/329592\/","title":{"rendered":"Pikkulapsi kuoli ja toinen loukkaantui vakavasti rakennuslevyjen kaaduttua \u2013 yhdelle syytteet t\u00f6rkeist\u00e4 rikoksista"},"content":{"rendered":"<p>\n\tSTT\t20.8.2026 12:02, muokattu<br \/>\n\t20.8.2026 12:07\n<\/p>\n<p>\t\t\t\t\t\t\t\t\tKotimaa<\/p>\n<p class=\"wp-block-paragraph\">Syytt\u00e4j\u00e4 on nostanut syytteit\u00e4 jutussa, jossa pikkulapsi kuoli ja toinen loukkaantui vakavasti rakennuslevyjen kaaduttua heid\u00e4n p\u00e4\u00e4lleen M\u00e4nts\u00e4l\u00e4ss\u00e4 Uudellamaalla. Tapaturma sattui syksyll\u00e4 2024.<\/p>\n<p class=\"wp-block-paragraph\">Poliisi on aiemmin kertonut, ett\u00e4 onnettomuudessa kuollut 6-vuotias poika oli ollut leikkim\u00e4ss\u00e4 5-vuotiaan pojan kanssa t\u00e4m\u00e4n kotipihalla, kun pihalla kuljetusk\u00e4rryss\u00e4 olleet rakennuslevyt olivat kaatuneet poikien p\u00e4\u00e4lle.<\/p>\n<p class=\"wp-block-paragraph\">Yht\u00e4 ihmist\u00e4 syytet\u00e4\u00e4n t\u00f6rke\u00e4st\u00e4 kuolemantuottamuksesta ja t\u00f6rke\u00e4st\u00e4 vammantuottamuksesta.<\/p>\n<p class=\"wp-block-paragraph\">Syytetty on esitutkinnassa kiist\u00e4nyt syyllisyytens\u00e4.<\/p>\n","protected":false},"excerpt":{"rendered":"STT 20.8.2026 12:02, muokattu 20.8.2026 12:07 Kotimaa Syytt\u00e4j\u00e4 on nostanut syytteit\u00e4 jutussa, jossa pikkulapsi kuoli ja toinen loukkaantui&hellip;\n","protected":false},"author":2,"featured_media":329593,"comment_status":"","ping_status":"","sticky":false,"template":"","format":"standard","meta":{"footnotes":"","_share_on_mastodon":"0"},"categories":[5],"tags":[22,23,26,27,33,31,30,17,71,24,25,28,29,15,1915,837,18,21,1263,32,19,20,16],"class_list":["post-329592","post","type-post","status-publish","format-standard","has-post-thumbnail","category-otsikot","tag-breaking-news","tag-breakingnews","tag-featured-news","tag-featurednews","tag-fi","tag-finland","tag-finnish","tag-headlines","tag-kotimaa","tag-latest-news","tag-latestnews","tag-main-news","tag-mainnews","tag-news","tag-oikeus","tag-onnettomuudet","tag-otsikot","tag-paauutiset","tag-rikosepailyt","tag-suomi","tag-top-stories","tag-topstories","tag-uutiset"],"share_on_mastodon":{"url":"https:\/\/pubeurope.com\/@fi\/117130120804907103","error":""},"_links":{"self":[{"href":"https:\/\/www.europesays.com\/fi\/wp-json\/wp\/v2\/posts\/329592","targetHints":{"allow":["GET"]}}],"collection":[{"href":"https:\/\/www.europesays.com\/fi\/wp-json\/wp\/v2\/posts"}],"about":[{"href":"https:\/\/www.europesays.com\/fi\/wp-json\/wp\/v2\/types\/post"}],"author":[{"embeddable":true,"href":"https:\/\/www.europesays.com\/fi\/wp-json\/wp\/v2\/users\/2"}],"replies":[{"embeddable":true,"href":"https:\/\/www.europesays.com\/fi\/wp-json\/wp\/v2\/comments?post=329592"}],"version-history":[{"count":0,"href":"https:\/\/www.europesays.com\/fi\/wp-json\/wp\/v2\/posts\/329592\/revisions"}],"wp:featuredmedia":[{"embeddable":true,"href":"https:\/\/www.europesays.com\/fi\/wp-json\/wp\/v2\/media\/329593"}],"wp:attachment":[{"href":"https:\/\/www.europesays.com\/fi\/wp-json\/wp\/v2\/media?parent=329592"}],"wp:term":[{"taxonomy":"category","embeddable":true,"href":"https:\/\/www.europesays.com\/fi\/wp-json\/wp\/v2\/categories?post=329592"},{"taxonomy":"post_tag","embeddable":true,"href":"https:\/\/www.europesays.com\/fi\/wp-json\/wp\/v2\/tags?post=329592"}],"curies":[{"name":"wp","href":"https:\/\/api.w.org\/{rel}","templated":true}]}}