{"id":329628,"date":"2026-08-20T23:23:15","date_gmt":"2026-08-20T23:23:15","guid":{"rendered":"https:\/\/www.europesays.com\/fi\/329628\/"},"modified":"2026-08-20T23:23:15","modified_gmt":"2026-08-20T23:23:15","slug":"posti-pasilan-ulosmarssi-voi-viivastyttaa-paperipostia-1-2-jakelupaivaa","status":"publish","type":"post","link":"https:\/\/www.europesays.com\/fi\/329628\/","title":{"rendered":"Posti: Pasilan ulosmarssi voi viiv\u00e4stytt\u00e4\u00e4 paperipostia 1\u20132 jakelup\u00e4iv\u00e4\u00e4"},"content":{"rendered":"<p class=\"teksti\">Helsingin Pasilan postikeskuksen ty\u00f6ntekij\u00f6iden ulosmarssi voi viiv\u00e4stytt\u00e4\u00e4 paperipostia 1\u20132 jakelup\u00e4iv\u00e4\u00e4 eri puolilla Suomea, arvioi Postin tuotantojohtaja Mikko Hoikkala. Valtaosa postikeskuksen ty\u00f6ntekij\u00f6ist\u00e4 on osallistunut mielenilmaukseen.<\/p>\n<p class=\"teksti\">Ty\u00f6ntekij\u00f6iden mielenilmaus alkoi keskiviikon iltavuorossa ja jatkui y\u00f6vuorossa sek\u00e4 torstain aamuvuorossa. Posti arvioi tilanteen normalisoituvan torstain aikana.<\/p>\n<p class=\"teksti\">Ulosmarssin vaikutukset kohdistuvat ensisijaisesti paperipostiin. Postin mukaan kuluttaja- ja yrityspakettien, rahdin sek\u00e4 varhaisen aamun sanomalehtijakelun palvelut toimivat normaalisti. My\u00f6s turvallisuuteen ja terveyteen liittyv\u00e4t l\u00e4hetykset on pystytty k\u00e4sittelem\u00e4\u00e4n normaalisti.<\/p>\n<p class=\"teksti\">Posti ei kertonut, kuinka paljon kirjeit\u00e4 tai muita l\u00e4hetyksi\u00e4 on ulosmarssin vuoksi j\u00e4\u00e4nyt k\u00e4sittelem\u00e4tt\u00e4.<\/p>\n<p>Jatkuu mainoksen j\u00e4lkeen <\/p>\n<p> Mainos p\u00e4\u00e4ttyy<\/p>\n<p>Ty\u00f6ntekij\u00e4t arvostelevat uusia muutosneuvotteluja<\/p>\n<p class=\"teksti\">Ulosmarssin taustalla ovat Pasilan postikeskuksessa k\u00e4ynnistyneet muutosneuvottelut. Ne koskevat 637:\u00e4\u00e4 vakituisessa ty\u00f6suhteessa olevaa ty\u00f6ntekij\u00e4\u00e4, ja suunnitellut muutokset voivat johtaa enint\u00e4\u00e4n 50 ty\u00f6ntekij\u00e4n v\u00e4hent\u00e4miseen.<\/p>\n<p class=\"teksti\">Posti- ja logistiikka-alan unionin Pasilan-osaston puheenjohtaja Filip Djordjevic arvosteli STT haastattelussa uusia muutosneuvotteluja ylimitoitetuiksi. H\u00e4nen mukaansa ty\u00f6ntekij\u00f6iden ty\u00f6tahti on kiristynyt ja edellisten muutosneuvottelujen j\u00e4lkeen on jouduttu tekem\u00e4\u00e4n my\u00f6s ylit\u00f6it\u00e4.<\/p>\n<p class=\"teksti\">Tuotantojohtaja Mikko Hoikkala vahvistaa, ett\u00e4 ylit\u00f6it\u00e4 on tehty, mutta kiist\u00e4\u00e4 tarpeen olleen poikkeuksellinen.<\/p>\n<p class=\"teksti\">\u2013\u2009Ylity\u00f6tarve ei ole ollut normaalista poikkeava. On totta, ett\u00e4 ylit\u00f6it\u00e4 on tehty hetkellisesti esimerkiksi kes\u00e4aikana johtuen lomakaudesta.<\/p>\n<p class=\"teksti\">H\u00e4nen mukaansa sesonkivaihtelut ovat toimialalle tyypillisi\u00e4 ja joissain tilanteissa ylit\u00f6ille on ollut tarvetta.<\/p>\n<p class=\"teksti\">Hoikkalan mukaan my\u00f6s vuokraty\u00f6voimaa k\u00e4ytet\u00e4\u00e4n tarvittaessa esimerkiksi mainittujen kausivaihtelujen vuoksi. Sen k\u00e4ytt\u00f6\u00e4 on h\u00e4nen mukaansa v\u00e4hennetty edellisiss\u00e4 muutosneuvotteluissa sovitulla tavalla. Posti kertoo pyrkiv\u00e4ns\u00e4 hoitamaan ty\u00f6t ensisijaisesti omalla henkil\u00f6st\u00f6ll\u00e4\u00e4n.<\/p>\n<p>Posti vetoaa paperipostin voimakkaaseen v\u00e4henemiseen<\/p>\n<p class=\"teksti\">Posti perustelee uusia sopeuttamistoimia muun muassa paperipostin m\u00e4\u00e4r\u00e4n pitk\u00e4aikaisella v\u00e4henemisell\u00e4. Hoikkalan mukaan paperipostin m\u00e4\u00e4r\u00e4 on v\u00e4hentynyt viimeisten kymmenen vuoden aikana jopa 75 prosenttia.<\/p>\n<p class=\"teksti\">\u2013\u2009Sopeuttamistoimet kohdistuvat paperisen postin k\u00e4sittelyyn liittyviin ty\u00f6teht\u00e4viin, joissa ty\u00f6m\u00e4\u00e4r\u00e4 on v\u00e4hentynyt.<\/p>\n<p class=\"teksti\">Hoikkala ei vastannut suoraan STT:n kysymykseen siit\u00e4, onko Pasilan postikeskuksessa teht\u00e4v\u00e4 kirjepostin k\u00e4sittely t\u00e4ll\u00e4 hetkell\u00e4 kannattamatonta vai perustuvatko suunnitellut v\u00e4hennykset ennusteeseen postim\u00e4\u00e4r\u00e4n tulevasta laskusta.<\/p>\n<p>Jatkuu mainoksen j\u00e4lkeen <\/p>\n<p> Mainos p\u00e4\u00e4ttyy<\/p>\n<p class=\"teksti\">Yhti\u00f6n mukaan &#8221;toimintaa sopeutetaan muuttuvassa toimintaymp\u00e4rist\u00f6ss\u00e4 vastaamaan asiakastarvetta&#8221;.<\/p>\n<p class=\"teksti\">Ty\u00f6ntekij\u00e4t ovat vaatineet muutosneuvottelujen peruuttamista. Posti ei ottanut suoraan kantaa siihen, voisivatko neuvottelut p\u00e4\u00e4tty\u00e4 ilman henkil\u00f6st\u00f6v\u00e4hennyksi\u00e4.<\/p>\n<p class=\"teksti\">Hoikkalan mukaan neuvotteluissa selvitet\u00e4\u00e4n eri vaihtoehtoja henkil\u00f6st\u00f6n edustajien kanssa. Posti pyrkii h\u00e4nen mukaansa minimoimaan henkil\u00f6st\u00f6vaikutukset. Yhten\u00e4 vaihtoehtona selvitet\u00e4\u00e4n ty\u00f6ntekij\u00f6iden siirtymist\u00e4 muihin teht\u00e4viin Posti-konsernin sis\u00e4ll\u00e4.<\/p>\n<p class=\"teksti\">Djordjevic ei sulkenut STT:lle pois uusien mielenilmausten mahdollisuutta. H\u00e4nen mukaansa mahdolliset jatkotoimet riippuvat henkil\u00f6st\u00f6st\u00e4 ja siit\u00e4, miten Posti vie muutosneuvotteluja eteenp\u00e4in.<\/p>\n","protected":false},"excerpt":{"rendered":"Helsingin Pasilan postikeskuksen ty\u00f6ntekij\u00f6iden ulosmarssi voi viiv\u00e4stytt\u00e4\u00e4 paperipostia 1\u20132 jakelup\u00e4iv\u00e4\u00e4 eri puolilla Suomea, arvioi Postin tuotantojohtaja Mikko Hoikkala.&hellip;\n","protected":false},"author":2,"featured_media":329629,"comment_status":"","ping_status":"","sticky":false,"template":"","format":"standard","meta":{"footnotes":"","_share_on_mastodon":"0"},"categories":[76],"tags":[79,77,33,31,30,71,7657,32,78,41222,16],"class_list":["post-329628","post","type-post","status-publish","format-standard","has-post-thumbnail","category-talous","tag-business","tag-economy","tag-fi","tag-finland","tag-finnish","tag-kotimaa","tag-posti","tag-suomi","tag-talous","tag-ulosmarssit","tag-uutiset"],"share_on_mastodon":{"url":"https:\/\/pubeurope.com\/@fi\/117130415833747506","error":""},"_links":{"self":[{"href":"https:\/\/www.europesays.com\/fi\/wp-json\/wp\/v2\/posts\/329628","targetHints":{"allow":["GET"]}}],"collection":[{"href":"https:\/\/www.europesays.com\/fi\/wp-json\/wp\/v2\/posts"}],"about":[{"href":"https:\/\/www.europesays.com\/fi\/wp-json\/wp\/v2\/types\/post"}],"author":[{"embeddable":true,"href":"https:\/\/www.europesays.com\/fi\/wp-json\/wp\/v2\/users\/2"}],"replies":[{"embeddable":true,"href":"https:\/\/www.europesays.com\/fi\/wp-json\/wp\/v2\/comments?post=329628"}],"version-history":[{"count":0,"href":"https:\/\/www.europesays.com\/fi\/wp-json\/wp\/v2\/posts\/329628\/revisions"}],"wp:featuredmedia":[{"embeddable":true,"href":"https:\/\/www.europesays.com\/fi\/wp-json\/wp\/v2\/media\/329629"}],"wp:attachment":[{"href":"https:\/\/www.europesays.com\/fi\/wp-json\/wp\/v2\/media?parent=329628"}],"wp:term":[{"taxonomy":"category","embeddable":true,"href":"https:\/\/www.europesays.com\/fi\/wp-json\/wp\/v2\/categories?post=329628"},{"taxonomy":"post_tag","embeddable":true,"href":"https:\/\/www.europesays.com\/fi\/wp-json\/wp\/v2\/tags?post=329628"}],"curies":[{"name":"wp","href":"https:\/\/api.w.org\/{rel}","templated":true}]}}