{"id":329808,"date":"2026-08-21T05:11:12","date_gmt":"2026-08-21T05:11:12","guid":{"rendered":"https:\/\/www.europesays.com\/fi\/329808\/"},"modified":"2026-08-21T05:11:12","modified_gmt":"2026-08-21T05:11:12","slug":"iisalmen-jaahallissa-nahdaan-lauantaina-melkoista-jaakiekon-tahtiloistoa-urheilu","status":"publish","type":"post","link":"https:\/\/www.europesays.com\/fi\/329808\/","title":{"rendered":"Iisalmen j\u00e4\u00e4hallissa n\u00e4hd\u00e4\u00e4n lauantaina melkoista j\u00e4\u00e4kiekon t\u00e4htiloistoa | Urheilu"},"content":{"rendered":"<p>T\u00e4n\u00e4 vuonna 60-vuotisjuhliaan viett\u00e4v\u00e4n Iisalmen Peli-Karhujen riveiss\u00e4 on viilett\u00e4nyt vuosikymmenten varrella lukuisia pelaajia, joista osa on j\u00e4tt\u00e4nyt ison muistij\u00e4ljen katsojien mieleen ja osa luonnollisesti hieman pienemm\u00e4n. Lauantaina n\u00e4it\u00e4 IPK:n menneiden aikojen t\u00e4htipelaajia on mahdollista n\u00e4hd\u00e4 hyv\u00e4ntekev\u00e4isyysottelussa Pietarinkadun Oilersia vastaan.<\/p>\n<p><strong class=\"diks-storyline__impact\">Jos on Iisalmi <\/strong>All Stars\u2009joukkueen nime\u00e4 ottelussa kantavan kotijoukkueen paidassa paikallist\u00e4hti\u00e4, niin vastustavan joukkueen pelipaidan tulee vet\u00e4m\u00e4\u00e4n ylleen nippu viel\u00e4 is\u00e4ntien pelaajia kovempia kiekkot\u00e4hti\u00e4.<\/p>\n<p>Oilersin paidassa n\u00e4hd\u00e4\u00e4n esimerkiksi<strong> Esa<\/strong> \u201dTiKi\u201d <strong>Tikkanen<\/strong>, joka tahkosi 15 vuoden mittaisella NHL-urallaan toista tuhatta ottelua ja voitti kaudella 1993\u20131994 New York Rangersin paidassa Stanley Cupin.<\/p>\n<p>\t\t<a class=\"diks-gallery__link\" href=\"https:\/\/i.media.fi\/incoming\/wkrn03\/4123957.jpg\/alternates\/FREE_1440\/4123957.jpg\" data-thumbnail=\"\" data-sub-html=\"Pelaajauransa 2020 p\u00e4\u00e4tt\u00e4nyt Lasse Kukkonen (kesk.) on n\u00e4hty Pohjois-Savon j\u00e4ill\u00e4 K\u00e4rppien paidassakin. Juha Poutanen\" aria-label=\"Katso isompi kuva\" rel=\"nofollow noopener\" target=\"_blank\"><br \/>\n\t\t\t\t<img class=\"diks-figure__image\" src=\"https:\/\/www.europesays.com\/fi\/wp-content\/uploads\/2026\/08\/4123957.jpg\" loading=\"lazy\" decoding=\"sync\" alt=\"\"\/><\/p>\n<p>\t\t\t<\/a><br \/>\n\t\t\t\t\tPelaajauransa 2020 p\u00e4\u00e4tt\u00e4nyt Lasse Kukkonen (kesk.) on n\u00e4hty Pohjois-Savon j\u00e4ill\u00e4 K\u00e4rppien paidassakin. Juha Poutanen<\/p>\n<p>Tikkasen lis\u00e4ksi Kankaan montun j\u00e4\u00e4ll\u00e4 tulee yleis\u00f6 n\u00e4kem\u00e4\u00e4n my\u00f6s muun muassa <strong>Niklas Hagmanin<\/strong>, <strong>Esa Pirneksen<\/strong> ja K\u00e4rpp\u00e4-ikoni <strong>Lasse Kukkosen<\/strong> kiemuroita.<\/p>\n<p>\u2013\u2009Oilersin lopullinen kokoonpano selvi\u00e4\u00e4 junan liikkuessa Helsingist\u00e4 kohti Iisalmea, kertoo Oilersin joukkueen kasaamisesta vastaava <strong>Janne Kiema<\/strong>.<\/p>\n<p>H\u00e4n kertoi kuitenkin keskiviikkona, ett\u00e4 lauantaina Kankaan montussa viilett\u00e4v\u00e4t edell\u00e4 mainittujen kiekkoilijoiden lis\u00e4ksi my\u00f6s n\u00e4yttelij\u00e4 <strong>Mikko Leppilampi<\/strong>, ex-Huuhkaja <strong>Sami Hyypi\u00e4<\/strong> sek\u00e4 l\u00e4tk\u00e4taidoillaan uransa aikana katsojat hurmannut <strong>Juhamatti Aaltonen<\/strong>.<\/p>\n<p>\u2013 Hallissa selostuksesta vastaa<strong> Jani<\/strong> \u201dJantta\u201d<strong> Alkio<\/strong> ja Oilersin kannatusjoukkoa johtaa tunnettu kiekkofani L\u00e4rvinen, lis\u00e4\u00e4 Kiema.<\/p>\n<p>Kiema uskoo peliss\u00e4 riitt\u00e4v\u00e4n t\u00e4htiloiston lis\u00e4ksi monenlaista n\u00e4ht\u00e4v\u00e4\u00e4, mahdollisesti jopa Hyypi\u00e4n jalkapallotaidoista tulee olemaan kaukalossa hy\u00f6ty\u00e4.<\/p>\n<p>\u2013\u2009Jo t\u00e4ss\u00e4 vaiheessa voi kiitt\u00e4\u00e4 tapahtumaan osallistuvia oman aikansa uhraamisesta hyv\u00e4\u00e4n tarkoitukseen eli hyv\u00e4ntekev\u00e4isyyteen. Toivottavasti saadaan Iisalmessa m\u00f6kki t\u00e4yteen.<\/p>\n<blockquote class=\"voice-no-read rs_skip diks-blockquote\">\n<p class=\"diks-blockquote__text\">Oilersin lopullinen kokoonpano selvi\u00e4\u00e4 junan liikkuessa Helsingist\u00e4 kohti Iisalmea.<\/p>\n<p>Janne Kiema<\/p><\/blockquote>\n<p>\t\t<a class=\"diks-gallery__link\" href=\"https:\/\/i.media.fi\/incoming\/mouxr\/4013786.jpg\/alternates\/FREE_1440\/4013786.jpg\" data-thumbnail=\"\" data-sub-html=\"Kimmo Timonen toi kes\u00e4ll\u00e4 2015 Stanley Cup -pokaalin n\u00e4ytille Kuopioon. Akseli Muraja\" aria-label=\"Katso isompi kuva\" rel=\"nofollow noopener\" target=\"_blank\"><br \/>\n\t\t\t\t<img class=\"diks-figure__image\" src=\"https:\/\/www.europesays.com\/fi\/wp-content\/uploads\/2026\/08\/4013786.jpg\" loading=\"lazy\" decoding=\"sync\" alt=\"\"\/><\/p>\n<p>\t\t\t<\/a><br \/>\n\t\t\t\t\tKimmo Timonen toi kes\u00e4ll\u00e4 2015 Stanley Cup -pokaalin n\u00e4ytille Kuopioon. Akseli Muraja<\/p>\n<p><strong class=\"diks-storyline__impact\">Ei Iisalmi All Starskaan<\/strong> j\u00e4\u00e4 Stanley Cup-voittajien lukum\u00e4\u00e4r\u00e4ss\u00e4 Oilersia heikommaksi, sill\u00e4 karhupaidan vet\u00e4\u00e4 hyv\u00e4ntekev\u00e4isyyspeliss\u00e4 ylleen KalPa-kasvatti <strong>Kimmo Timonen<\/strong>.<\/p>\n<p>51-vuotias Timonen teki Pohjois-.Amerikassa huikean uran pelaten taalakaukalossa yli 1\u2009200 ottelua. Kuopiolaisen ammattilaisura sai kev\u00e4\u00e4ll\u00e4 2015 komean p\u00e4\u00e4t\u00f6ksen, kun h\u00e4n juhli Chicago Blackhawksin riveiss\u00e4 NHL:n mestaruutta.<\/p>\n<p>\u201dKimen\u201d <strong>Samuel<\/strong>-poikahan pelasi IPK:n Mestis-joukkueessa per\u00e4ti viiden kauden ajan. Nyky\u00e4\u00e4n Samuel edustaa Liigassa pelaavaa Vaasan Sportia.<\/p>\n<p>\u2013\u2009Kimmo Timonen tosiaankin pelaa meid\u00e4n joukkueessa, jos emme aivan viime hetkill\u00e4 kauppaa h\u00e4nt\u00e4 vastustajan joukkueeseen, kommentoi kova iisalmelainen kiekkomies <strong>Jarmo Ylisipola<\/strong> ja nauraa makeasti p\u00e4\u00e4lle.<\/p>\n<p>Ylisipola my\u00f6s paljastaa kotijoukkueen maalissa aloittavan lauantaina <strong>Ilkka Alanteen<\/strong>, joka torjui aikoinaan karhupaidassa IPK:n seurahistorian ensimm\u00e4isess\u00e4 ottelussa.<\/p>\n<p>\u2013 Ymm\u00e4rt\u00e4\u00e4kseni h\u00e4net my\u00f6s palkittiin kyseisen ottelun parhaana pelaajana, jatkaa Ylisipola.<\/p>\n<p>Kokemusta tuo Alanteen lis\u00e4ksi j\u00e4\u00e4lle <strong>Ky\u00f6sti Lyytik\u00e4inen<\/strong>, jolla on pitk\u00e4 ja moninainen ura iisalmelaisseurassa.<\/p>\n<p>Iisalmi Allstarsin toinen maalivahti on hyv\u00e4ntekev\u00e4isyysottelussa<strong> Tuomas Tolonen<\/strong>. \u201dTolssihan\u201d oli yksi t\u00e4rke\u00e4 palanen IPK.n noustessa kev\u00e4\u00e4ll\u00e4 2016 Mestikseen.<\/p>\n<p><strong class=\"diks-storyline__impact\">Kotijoukkueen riveiss\u00e4<\/strong> n\u00e4hd\u00e4\u00e4n my\u00f6s Mestikseen aikoinaan nousseen joukkueen kapteeni <strong>Tomi Penttinen<\/strong> sek\u00e4 IPK:n \u201domat pojat\u201d <strong>Otto Huttunen<\/strong>, <strong>Henri Kivioja<\/strong>,<strong> Niko Nuutinen<\/strong>,<strong> Mika Kononen <\/strong>ja<strong> Janne Tiihonen<\/strong>.<\/p>\n<p>Liigassa yli 200 ottelua ja yhden kultamitalinkin voittanut sek\u00e4 Mestist\u00e4 l\u00e4hes 500 peli\u00e4 pelannut iisalmelaisl\u00e4ht\u00f6inen <strong>Ilkka Vaarasuo<\/strong> on my\u00f6s mukana. IPK:n Mestiksen alkuaikojen hy\u00f6kk\u00e4ysp\u00e4\u00e4n maestro<strong> Aatu H\u00e4m\u00e4l\u00e4inenkin<\/strong> n\u00e4hd\u00e4\u00e4n j\u00e4\u00e4ll\u00e4, mutta valitettavasti <strong>Ilkka Pikkarainen<\/strong> ja <strong>Mikko Hakkarainen<\/strong> eiv\u00e4t p\u00e4\u00e4se lauantain peliin.<\/p>\n<p>\u2013\u2009Valmentajina toimivat 1980-luvulla iisalmelaista kiekkokulttuuria uudistanut<strong> Lasse V\u00e4liaho<\/strong> sek\u00e4 <strong>Kari R\u00f6nkk\u00f6, Kari Riihola <\/strong>ja <strong>Jukka Niiranen<\/strong>, joka valmensi Mestikseen noussutta IPK:n joukkuetta, kertoo Ylisipola.<\/p>\n<p>Kotijoukkueen joukkueenjohtajana tomii <strong>Risto<\/strong> \u201dRise\u201d <strong>Kurkinen<\/strong>.<\/p>\n<p>\t\t<a class=\"diks-gallery__link\" href=\"https:\/\/i.media.fi\/incoming\/e5405p\/1452639.jpg\/alternates\/FREE_1440\/1452639.jpg\" data-thumbnail=\"\" data-sub-html=\"Maalivahti Tuomas Tolonen juhlimassa Suomi-sarjan mestaruutta Iisalmen torilla kev\u00e4ttalvella 2016. Annamaija Herola\" aria-label=\"Katso isompi kuva\" rel=\"nofollow noopener\" target=\"_blank\"><br \/>\n\t\t\t\t<img class=\"diks-figure__image\" src=\"https:\/\/www.europesays.com\/fi\/wp-content\/uploads\/2026\/08\/1452639.jpg\" loading=\"lazy\" decoding=\"sync\" alt=\"\"\/><\/p>\n<p>\t\t\t<\/a><br \/>\n\t\t\t\t\tMaalivahti Tuomas Tolonen juhlimassa Suomi-sarjan mestaruutta Iisalmen torilla kev\u00e4ttalvella 2016. Annamaija Herola<\/p>\n<p>Iisalmessa vietet\u00e4\u00e4n todellinen hyv\u00e4ntekev\u00e4isyysviikonloppu, sill\u00e4 jo perjantaina pelataan Marjahaassa sijaitsevan Mailamestarin tiloissa hyv\u00e4ntekev\u00e4isyysturnaus padelissa.<\/p>\n<p><strong class=\"diks-storyline__impact\">Lauantaina heti aamusta<\/strong> alkaen starttaa Ahmolla puolestaan golfin hyv\u00e4ntekev\u00e4isyysturnaus, jossa on pelaamassa muun muassa Kimmo Timonen.<\/p>\n<p>Padelturnauksessa on mukana ainakin 14 paria ja golfissa puolestaan 25 paria. Tennisturnaus j\u00e4\u00e4 t\u00e4n\u00e4 vuonna pelaamatta v\u00e4h\u00e4isen osallistujam\u00e4\u00e4r\u00e4n vuoksi.<\/p>\n<p>IPK:n, Pietarinkadun Oilersin ja Timosen hyv\u00e4ntekev\u00e4isyysj\u00e4rjest\u00f6n Kime4Kids ry:n j\u00e4rjest\u00e4m\u00e4 hyv\u00e4ntekev\u00e4isyysviikonloppu huipentuu lauantai-iltana Olvi-hallissa j\u00e4rjestett\u00e4v\u00e4\u00e4n illanviettoon ja huutokauppaan, jossa on huudettavana muun muassa NHL-matka rapakon taakse.<\/p>\n<p>Illan aikana musiikista vastaa Pietarinkadun Oilersin b\u00e4ndi.<\/p>\n<p>Kaksip\u00e4iv\u00e4isen tapahtuman tuotto lahjoitetaan Yl\u00e4-Savon Ensi- ja turvakotiyhdistys ry:lle ja Iisalmen nuorisopalveluille.<\/p>\n<p class=\"diks-storyline__additional-information\">Hyv\u00e4ntekev\u00e4isyysottelu Iisalmi All Stars\u2013Pietarinkadun Oilers lauantaina 22.8. kello 17.<\/p>\n<blockquote class=\"diks-numberquote\">\n<p class=\"diks-numberquote__number\">700<\/p>\n<p class=\"diks-numberquote__description\">peli\u00e4 on Ilkka Vaarasuolla kokemusta p\u00e4\u00e4sarjoista.<\/p>\n<\/blockquote>\n","protected":false},"excerpt":{"rendered":"T\u00e4n\u00e4 vuonna 60-vuotisjuhliaan viett\u00e4v\u00e4n Iisalmen Peli-Karhujen riveiss\u00e4 on viilett\u00e4nyt vuosikymmenten varrella lukuisia pelaajia, joista osa on j\u00e4tt\u00e4nyt ison&hellip;\n","protected":false},"author":2,"featured_media":329809,"comment_status":"","ping_status":"","sticky":false,"template":"","format":"standard","meta":{"footnotes":"","_share_on_mastodon":"0"},"categories":[5],"tags":[22,23,26,27,33,31,30,17,4892,1143,763,24,25,41,28,29,1616,15,18,21,32,397,1145,19,20,161,16],"class_list":["post-329808","post","type-post","status-publish","format-standard","has-post-thumbnail","category-otsikot","tag-breaking-news","tag-breakingnews","tag-featured-news","tag-featurednews","tag-fi","tag-finland","tag-finnish","tag-headlines","tag-iisalmi","tag-jaakiekko","tag-kulttuuri-ja-viihde","tag-latest-news","tag-latestnews","tag-liikunta-ja-urheilu","tag-main-news","tag-mainnews","tag-media-viestinta","tag-news","tag-otsikot","tag-paauutiset","tag-suomi","tag-taide","tag-talviurheilu","tag-top-stories","tag-topstories","tag-urheilutapahtumat","tag-uutiset"],"share_on_mastodon":{"url":"https:\/\/pubeurope.com\/@fi\/117131784464876022","error":""},"_links":{"self":[{"href":"https:\/\/www.europesays.com\/fi\/wp-json\/wp\/v2\/posts\/329808","targetHints":{"allow":["GET"]}}],"collection":[{"href":"https:\/\/www.europesays.com\/fi\/wp-json\/wp\/v2\/posts"}],"about":[{"href":"https:\/\/www.europesays.com\/fi\/wp-json\/wp\/v2\/types\/post"}],"author":[{"embeddable":true,"href":"https:\/\/www.europesays.com\/fi\/wp-json\/wp\/v2\/users\/2"}],"replies":[{"embeddable":true,"href":"https:\/\/www.europesays.com\/fi\/wp-json\/wp\/v2\/comments?post=329808"}],"version-history":[{"count":0,"href":"https:\/\/www.europesays.com\/fi\/wp-json\/wp\/v2\/posts\/329808\/revisions"}],"wp:featuredmedia":[{"embeddable":true,"href":"https:\/\/www.europesays.com\/fi\/wp-json\/wp\/v2\/media\/329809"}],"wp:attachment":[{"href":"https:\/\/www.europesays.com\/fi\/wp-json\/wp\/v2\/media?parent=329808"}],"wp:term":[{"taxonomy":"category","embeddable":true,"href":"https:\/\/www.europesays.com\/fi\/wp-json\/wp\/v2\/categories?post=329808"},{"taxonomy":"post_tag","embeddable":true,"href":"https:\/\/www.europesays.com\/fi\/wp-json\/wp\/v2\/tags?post=329808"}],"curies":[{"name":"wp","href":"https:\/\/api.w.org\/{rel}","templated":true}]}}