{"id":329902,"date":"2026-08-21T07:50:11","date_gmt":"2026-08-21T07:50:11","guid":{"rendered":"https:\/\/www.europesays.com\/fi\/329902\/"},"modified":"2026-08-21T07:50:11","modified_gmt":"2026-08-21T07:50:11","slug":"japanissa-teloitettiin-pelisalin-polttanut-uutisia-lyhyesti","status":"publish","type":"post","link":"https:\/\/www.europesays.com\/fi\/329902\/","title":{"rendered":"Japanissa teloitettiin pelisalin polttanut | Uutisia lyhyesti"},"content":{"rendered":"<p class=\"aw__sc-1qwuw0s-0 aw__sc-1vg2sqm-0 epAWpq ecELkD yle__article__paragraph\">Kuolemanrangaistuksella on yh\u00e4 vahva kannatus japanilaisten keskuudessa.<\/p>\n<p><img decoding=\"async\" alt=\"Seitsem\u00e4n palomiest\u00e4 seisoo rakennuksen sis\u00e4\u00e4nk\u00e4ynnin edustalla varusteissaan, poliiseja taustalla.\" src=\"https:\/\/www.europesays.com\/fi\/wp-content\/uploads\/2026\/08\/1787292690.jpeg\" class=\"aw__sc-dklauk-0 LPzKX\"\/><\/p>\n<p>Avaa kuvien katselu<\/p>\n<p>Pelastushenkil\u00f6kuntaa tulipalon paikalla Osakassa 5. hein\u00e4kuuta 2009. Kuva: AFP<\/p>\n<p class=\"aw__sc-1qwuw0s-0 aw__sc-ngllmo-0 epAWpq fzYpjk yle__article__paragraph\">Japanissa teloitettiin pelisalin polttanut 58-vuotias mies perjantaina. Vuonna 2009 Osakassa tapahtuneessa tuhopoltossa kuoli viisi ihmist\u00e4.<\/p>\n<p class=\"aw__sc-1qwuw0s-0 aw__sc-ngllmo-0 epAWpq fzYpjk yle__article__paragraph\">Teloitettu valeli palavaa nestett\u00e4 kotinsa l\u00e4hell\u00e4 sijaitsevan pachinko-pelisalin seiniin ja sytytti sen tuleen. Kuolleista nelj\u00e4 oli pelisalin asiakkaita ja yksi sen ty\u00f6ntekij\u00e4.<\/p>\n<p class=\"aw__sc-1qwuw0s-0 aw__sc-ngllmo-0 epAWpq fzYpjk yle__article__paragraph\">Edellisen kerran Japanissa teloitettiin kuolemaantuomittu runsas vuosi sitten. Teloitettu oli Twitter-tappajana tunnettu mies, joka murhasi ja paloitteli yhdeks\u00e4n ihmist\u00e4.<\/p>\n<p class=\"aw__sc-1qwuw0s-0 aw__sc-ngllmo-0 epAWpq fzYpjk yle__article__paragraph\">Japani ja Yhdysvallat ovat ainoat johtavien teollisuusmaiden G7-ryhm\u00e4\u00e4n kuuluvat maat, joissa kuolemanrangaistus on edelleen k\u00e4yt\u00f6ss\u00e4. Mielipidemittausten mukaan kuolemanrangaistuksella on edelleen vahva kannatus japanilaisten keskuudessa.<\/p>\n<p class=\"aw__sc-1qwuw0s-0 aw__sc-ngllmo-0 epAWpq fzYpjk yle__article__paragraph\">Japanin vankiloissa on satakunta kuolemaantuomittua.<\/p>\n","protected":false},"excerpt":{"rendered":"Kuolemanrangaistuksella on yh\u00e4 vahva kannatus japanilaisten keskuudessa. Avaa kuvien katselu Pelastushenkil\u00f6kuntaa tulipalon paikalla Osakassa 5. hein\u00e4kuuta 2009. Kuva:&hellip;\n","protected":false},"author":2,"featured_media":329903,"comment_status":"","ping_status":"","sticky":false,"template":"","format":"standard","meta":{"footnotes":"","_share_on_mastodon":"0"},"categories":[5],"tags":[22,23,26,27,33,31,30,17,1343,5022,24,25,28,29,15,1915,18,21,1726,32,41244,19,20,56,16],"class_list":["post-329902","post","type-post","status-publish","format-standard","has-post-thumbnail","category-otsikot","tag-breaking-news","tag-breakingnews","tag-featured-news","tag-featurednews","tag-fi","tag-finland","tag-finnish","tag-headlines","tag-japani","tag-kuolemanrangaistus","tag-latest-news","tag-latestnews","tag-main-news","tag-mainnews","tag-news","tag-oikeus","tag-otsikot","tag-paauutiset","tag-rangaistukset","tag-suomi","tag-teloitetut","tag-top-stories","tag-topstories","tag-ulkomaat","tag-uutiset"],"share_on_mastodon":{"url":"https:\/\/pubeurope.com\/@fi\/117132409894361518","error":""},"_links":{"self":[{"href":"https:\/\/www.europesays.com\/fi\/wp-json\/wp\/v2\/posts\/329902","targetHints":{"allow":["GET"]}}],"collection":[{"href":"https:\/\/www.europesays.com\/fi\/wp-json\/wp\/v2\/posts"}],"about":[{"href":"https:\/\/www.europesays.com\/fi\/wp-json\/wp\/v2\/types\/post"}],"author":[{"embeddable":true,"href":"https:\/\/www.europesays.com\/fi\/wp-json\/wp\/v2\/users\/2"}],"replies":[{"embeddable":true,"href":"https:\/\/www.europesays.com\/fi\/wp-json\/wp\/v2\/comments?post=329902"}],"version-history":[{"count":0,"href":"https:\/\/www.europesays.com\/fi\/wp-json\/wp\/v2\/posts\/329902\/revisions"}],"wp:featuredmedia":[{"embeddable":true,"href":"https:\/\/www.europesays.com\/fi\/wp-json\/wp\/v2\/media\/329903"}],"wp:attachment":[{"href":"https:\/\/www.europesays.com\/fi\/wp-json\/wp\/v2\/media?parent=329902"}],"wp:term":[{"taxonomy":"category","embeddable":true,"href":"https:\/\/www.europesays.com\/fi\/wp-json\/wp\/v2\/categories?post=329902"},{"taxonomy":"post_tag","embeddable":true,"href":"https:\/\/www.europesays.com\/fi\/wp-json\/wp\/v2\/tags?post=329902"}],"curies":[{"name":"wp","href":"https:\/\/api.w.org\/{rel}","templated":true}]}}