{"id":329956,"date":"2026-08-21T09:06:12","date_gmt":"2026-08-21T09:06:12","guid":{"rendered":"https:\/\/www.europesays.com\/fi\/329956\/"},"modified":"2026-08-21T09:06:12","modified_gmt":"2026-08-21T09:06:12","slug":"etela-korean-suurimman-autovalmistajan-tyontekijat-lakkoon-uutisia-lyhyesti","status":"publish","type":"post","link":"https:\/\/www.europesays.com\/fi\/329956\/","title":{"rendered":"Etel\u00e4-Korean suurimman autovalmistajan ty\u00f6ntekij\u00e4t lakkoon | Uutisia lyhyesti"},"content":{"rendered":"<p class=\"aw__sc-1qwuw0s-0 aw__sc-ngllmo-0 epAWpq fzYpjk yle__article__paragraph\">Hyundai-yhti\u00f6n ty\u00f6ntekij\u00e4t ovat menneet koko p\u00e4iv\u00e4ksi lakkoon Etel\u00e4-Koreassa ensimm\u00e4ist\u00e4 kertaa vuosikymmeneen.<\/p>\n<p class=\"aw__sc-1qwuw0s-0 aw__sc-ngllmo-0 epAWpq fzYpjk yle__article__paragraph\">Syyn\u00e4 on pitk\u00e4\u00e4n jatkunut v\u00e4\u00e4nt\u00f6 palkoista ja el\u00e4kkeelle siirtymisen ehdoista. Ty\u00f6ntekij\u00e4t vaativat lis\u00e4\u00e4 bonuksia ja el\u00e4kei\u00e4n nostoa, mutta ty\u00f6nantaja vastustaa.<\/p>\n<p class=\"aw__sc-1qwuw0s-0 aw__sc-ngllmo-0 epAWpq fzYpjk yle__article__paragraph\">Ty\u00f6ntekij\u00e4t ovat saaneet pontta teknologiaj\u00e4ttien Samsungin ja Hynixin maksamista isoista bonuksista.<\/p>\n<p class=\"aw__sc-1qwuw0s-0 aw__sc-ngllmo-0 epAWpq fzYpjk yle__article__paragraph\">Hyundai on Etel\u00e4-Korean suurin autovalmistaja. Lakon piiriin kuuluu noin 40\u00a0000 ty\u00f6ntekij\u00e4\u00e4, kertoo heit\u00e4 edustava liitto.<\/p>\n<p class=\"aw__sc-1qwuw0s-0 aw__sc-ngllmo-0 epAWpq fzYpjk yle__article__paragraph\">Jo viime kuussa ty\u00f6ntekij\u00e4t olivat kolmena p\u00e4iv\u00e4n\u00e4 osittaisessa lakossa. Perjantain lakon odotetaan seisauttavan tuotannon kaikilla kolmella Hyundain autotehtaalla Etel\u00e4-Koreassa.<\/p>\n<p class=\"aw__sc-1qwuw0s-0 aw__sc-ngllmo-0 epAWpq fzYpjk yle__article__paragraph\">L\u00e4hde: AFP<\/p>\n","protected":false},"excerpt":{"rendered":"Hyundai-yhti\u00f6n ty\u00f6ntekij\u00e4t ovat menneet koko p\u00e4iv\u00e4ksi lakkoon Etel\u00e4-Koreassa ensimm\u00e4ist\u00e4 kertaa vuosikymmeneen. Syyn\u00e4 on pitk\u00e4\u00e4n jatkunut v\u00e4\u00e4nt\u00f6 palkoista ja&hellip;\n","protected":false},"author":2,"featured_media":329957,"comment_status":"","ping_status":"","sticky":false,"template":"","format":"standard","meta":{"footnotes":"","_share_on_mastodon":"0"},"categories":[14],"tags":[22,23,1420,26,27,33,31,30,17,8521,3846,24,25,28,29,15,18,21,32,19,20,860,25231,56,16,59,60,61],"class_list":["post-329956","post","type-post","status-publish","format-standard","has-post-thumbnail","category-ulkomaat","tag-breaking-news","tag-breakingnews","tag-etela-korea","tag-featured-news","tag-featurednews","tag-fi","tag-finland","tag-finnish","tag-headlines","tag-hyundai-motor-company","tag-lakot","tag-latest-news","tag-latestnews","tag-main-news","tag-mainnews","tag-news","tag-otsikot","tag-paauutiset","tag-suomi","tag-top-stories","tag-topstories","tag-tyoelama","tag-tyotaistelut","tag-ulkomaat","tag-uutiset","tag-world","tag-world-news","tag-worldnews"],"share_on_mastodon":{"url":"https:\/\/pubeurope.com\/@fi\/117132708159991517","error":""},"_links":{"self":[{"href":"https:\/\/www.europesays.com\/fi\/wp-json\/wp\/v2\/posts\/329956","targetHints":{"allow":["GET"]}}],"collection":[{"href":"https:\/\/www.europesays.com\/fi\/wp-json\/wp\/v2\/posts"}],"about":[{"href":"https:\/\/www.europesays.com\/fi\/wp-json\/wp\/v2\/types\/post"}],"author":[{"embeddable":true,"href":"https:\/\/www.europesays.com\/fi\/wp-json\/wp\/v2\/users\/2"}],"replies":[{"embeddable":true,"href":"https:\/\/www.europesays.com\/fi\/wp-json\/wp\/v2\/comments?post=329956"}],"version-history":[{"count":0,"href":"https:\/\/www.europesays.com\/fi\/wp-json\/wp\/v2\/posts\/329956\/revisions"}],"wp:featuredmedia":[{"embeddable":true,"href":"https:\/\/www.europesays.com\/fi\/wp-json\/wp\/v2\/media\/329957"}],"wp:attachment":[{"href":"https:\/\/www.europesays.com\/fi\/wp-json\/wp\/v2\/media?parent=329956"}],"wp:term":[{"taxonomy":"category","embeddable":true,"href":"https:\/\/www.europesays.com\/fi\/wp-json\/wp\/v2\/categories?post=329956"},{"taxonomy":"post_tag","embeddable":true,"href":"https:\/\/www.europesays.com\/fi\/wp-json\/wp\/v2\/tags?post=329956"}],"curies":[{"name":"wp","href":"https:\/\/api.w.org\/{rel}","templated":true}]}}