{"id":330016,"date":"2026-08-21T10:46:12","date_gmt":"2026-08-21T10:46:12","guid":{"rendered":"https:\/\/www.europesays.com\/fi\/330016\/"},"modified":"2026-08-21T10:46:12","modified_gmt":"2026-08-21T10:46:12","slug":"ari-lahti-kertoo-podcastissa-mita-han-katsoo-valmentajasta-ennen-palkkaamista-ja-miksi-se-meni-kerran-taysin-pieleen-urheilu","status":"publish","type":"post","link":"https:\/\/www.europesays.com\/fi\/330016\/","title":{"rendered":"Ari Lahti kertoo podcastissa, mit\u00e4 h\u00e4n katsoo valmentajasta ennen palkkaamista \u2013 ja miksi se meni kerran t\u00e4ysin pieleen | Urheilu"},"content":{"rendered":"<p>Sijoitusk\u00e4sti-podcastissa vieraillut Kuopion Palloseuran p\u00e4\u00e4omistaja <strong>Ari Lahti <\/strong>sanoo, ett\u00e4 kauden 2023 takkuinen avaus valmentaja <strong>Pasi Tuutin<\/strong> johdolla vei kuopiolaisilta Veikkausliigan mestaruuden.<\/p>\n<p>\u2013\u2009Me ehk\u00e4 mestaruus siin\u00e4 menetettiin, koska me taidettiin olla HJK:n kanssa hyvin l\u00e4hekk\u00e4in. Jos olisi pikkuisen paremmin aloitettu, niin olisi ehk\u00e4 pystytty olemaan ykk\u00f6nenkin, Lahti sanoo podcastissa.<\/p>\n<p>P\u00e4\u00e4valmentaja <strong>Simo Valakari <\/strong>oli l\u00e4htenyt seurasta, ja p\u00e4\u00e4valmentajaksi nostettu Kuopion oma poika<strong> Pasi Tuutti<\/strong> sai kolmesta ensimm\u00e4isest\u00e4 liigaottelusta yhden pisteen. Huhtikuussa h\u00e4net erotettiin.<\/p>\n<p>\u2013 Se peli ei toiminut, niin oli pakko tehd\u00e4 ratkaisu, ett\u00e4 pit\u00e4\u00e4 vaihtaa valmentajaa. Meill\u00e4 oli hyv\u00e4 joukkue, ja jos me olisi jatkettu sit\u00e4 r\u00e4mpimist\u00e4, niin me olisi menetetty liikaa, Lahti sanoo.<\/p>\n<p>\t\t<a class=\"diks-gallery__link\" href=\"https:\/\/i.media.fi\/incoming\/rx92ot\/11609333.jpg\/alternates\/FREE_1440\/11609333.jpg\" data-thumbnail=\"\" data-sub-html=\"Kuopion oman pojan Pasi Tuutin taru p\u00e4\u00e4ttyi KuPSin p\u00e4\u00e4valmentajana vain kolmen Veikkausliiga-ottelun j\u00e4lkeen. Mikko Vehvil\u00e4inen\" aria-label=\"Katso isompi kuva\" rel=\"nofollow noopener\" target=\"_blank\"><br \/>\n\t\t\t\t<img class=\"diks-figure__image\" src=\"https:\/\/www.europesays.com\/fi\/wp-content\/uploads\/2026\/08\/11609333.jpg\" loading=\"lazy\" decoding=\"sync\" alt=\"\"\/><\/p>\n<p>\t\t\t<\/a><br \/>\n\t\t\t\t\tKuopion oman pojan Pasi Tuutin taru p\u00e4\u00e4ttyi KuPSin p\u00e4\u00e4valmentajana vain kolmen Veikkausliiga-ottelun j\u00e4lkeen. Mikko Vehvil\u00e4inen<\/p>\n<p>Kauden tavoitteet, europaikan ja mitalin, KuPS saavutti lopulta mestarivalmentaja <strong>Jani Honkavaaran<\/strong> johdolla.<\/p>\n<p>Podcastissa Lahti kertoo tehneens\u00e4 my\u00f6s p\u00e4invastaisen virheen. Valmentajaa h\u00e4n ei nime\u00e4, mutta kuvauksen perusteella kyse on <strong>Esa Pekosesta<\/strong>, joka luotsasi KuPSia vuodesta 2009 ja j\u00e4tti teht\u00e4v\u00e4n kesken kev\u00e4tkauden 2014.<\/p>\n<p>Lahden mukaan valmentajalle olisi pit\u00e4nyt antaa l\u00e4ht\u00f6passit jo aikaisemmin. Se olisi ollut sek\u00e4 valmentajan itsens\u00e4 ett\u00e4 seuran etu.<\/p>\n<p>\u2013\u2009Rehellisesti sanoen luotin valmentajaan liian pitk\u00e4\u00e4n, Lahti sanoo.<\/p>\n<p>\t\t<a class=\"diks-gallery__link\" href=\"https:\/\/i.media.fi\/incoming\/81pha\/3962438.jpg\/alternates\/FREE_1440\/3962438.jpg\" data-thumbnail=\"\" data-sub-html=\"Esa Pekonen sai potkut KuPSin p\u00e4\u00e4valmentajan teht\u00e4v\u00e4st\u00e4 kev\u00e4\u00e4ll\u00e4 2014. Akseli Muraja\" aria-label=\"Katso isompi kuva\" rel=\"nofollow noopener\" target=\"_blank\"><br \/>\n\t\t\t\t<img class=\"diks-figure__image\" src=\"https:\/\/www.europesays.com\/fi\/wp-content\/uploads\/2026\/08\/3962438.jpg\" loading=\"lazy\" decoding=\"sync\" alt=\"\"\/><\/p>\n<p>\t\t\t<\/a><br \/>\n\t\t\t\t\tEsa Pekonen sai potkut KuPSin p\u00e4\u00e4valmentajan teht\u00e4v\u00e4st\u00e4 kev\u00e4\u00e4ll\u00e4 2014. Akseli Muraja<\/p>\n<p>Pekonen oli tuolloin KuPSin menestynein valmentaja yli 30 vuoteen: kolme per\u00e4kk\u00e4ist\u00e4 Suomen Cupin finaalia ja SM-hopeaa. Kev\u00e4\u00e4ll\u00e4 2014 KuPS ajautui tappiokierteeseen, ja l\u00e4hd\u00f6n yhteydess\u00e4 nousi julkisuuteen, ett\u00e4 Pekosen perhett\u00e4 oli ahdisteltu katsomossa.<\/p>\n<p>Oppi on Lahden mukaan sama molemmista valmentajapotkuista: kun homma ei toimi, ratkaisut on teht\u00e4v\u00e4 nopeasti.<\/p>\n<p>Vuodesta 2006 KuPSin k\u00e4yt\u00e4nn\u00f6ss\u00e4 yksin omistanut Lahti sanoo haluavansa olla mukana vain kahden henkil\u00f6n palkkaamisessa: toimitusjohtajan, joka johtaa kaupallista puolta ja p\u00e4\u00e4valmentajan, joka johtaa joukkuetta.<\/p>\n<p>Valmennuksen yksityiskohtiin Lahti ei sano puuttuvansa eik\u00e4 niit\u00e4 v\u00e4it\u00e4 hallitsevansakaan.<\/p>\n<p>Lahti valitsee valmentajan samoilla kriteereill\u00e4 kuin valitsee johtajan liikel\u00e4m\u00e4ss\u00e4. H\u00e4n katsoo ihmist\u00e4. H\u00e4nen sitoutumistaan, innokkuuttaan, kunnianhimoa ty\u00f6n suhteen ja sit\u00e4, miten selke\u00e4sti t\u00e4m\u00e4 saa ajatuksensa viety\u00e4 joukkueelle.<\/p>\n","protected":false},"excerpt":{"rendered":"Sijoitusk\u00e4sti-podcastissa vieraillut Kuopion Palloseuran p\u00e4\u00e4omistaja Ari Lahti sanoo, ett\u00e4 kauden 2023 takkuinen avaus valmentaja Pasi Tuutin johdolla vei&hellip;\n","protected":false},"author":2,"featured_media":330017,"comment_status":"","ping_status":"","sticky":false,"template":"","format":"standard","meta":{"footnotes":"","_share_on_mastodon":"0"},"categories":[158],"tags":[32270,33,31,30,2864,1132,3221,41,2923,159,32,860,2865,160],"class_list":["post-330016","post","type-post","status-publish","format-standard","has-post-thumbnail","category-urheilu","tag-ari-lahti","tag-fi","tag-finland","tag-finnish","tag-kasinot","tag-kuopio","tag-kuopion-palloseura-kups","tag-liikunta-ja-urheilu","tag-podcast","tag-sports","tag-suomi","tag-tyoelama","tag-uhkapelit-ja-rahapeli-ja-vedonlyontipalvelut","tag-urheilu"],"share_on_mastodon":{"url":"https:\/\/pubeurope.com\/@fi\/117133102263752401","error":""},"_links":{"self":[{"href":"https:\/\/www.europesays.com\/fi\/wp-json\/wp\/v2\/posts\/330016","targetHints":{"allow":["GET"]}}],"collection":[{"href":"https:\/\/www.europesays.com\/fi\/wp-json\/wp\/v2\/posts"}],"about":[{"href":"https:\/\/www.europesays.com\/fi\/wp-json\/wp\/v2\/types\/post"}],"author":[{"embeddable":true,"href":"https:\/\/www.europesays.com\/fi\/wp-json\/wp\/v2\/users\/2"}],"replies":[{"embeddable":true,"href":"https:\/\/www.europesays.com\/fi\/wp-json\/wp\/v2\/comments?post=330016"}],"version-history":[{"count":0,"href":"https:\/\/www.europesays.com\/fi\/wp-json\/wp\/v2\/posts\/330016\/revisions"}],"wp:featuredmedia":[{"embeddable":true,"href":"https:\/\/www.europesays.com\/fi\/wp-json\/wp\/v2\/media\/330017"}],"wp:attachment":[{"href":"https:\/\/www.europesays.com\/fi\/wp-json\/wp\/v2\/media?parent=330016"}],"wp:term":[{"taxonomy":"category","embeddable":true,"href":"https:\/\/www.europesays.com\/fi\/wp-json\/wp\/v2\/categories?post=330016"},{"taxonomy":"post_tag","embeddable":true,"href":"https:\/\/www.europesays.com\/fi\/wp-json\/wp\/v2\/tags?post=330016"}],"curies":[{"name":"wp","href":"https:\/\/api.w.org\/{rel}","templated":true}]}}