{"id":33039,"date":"2025-09-12T16:50:10","date_gmt":"2025-09-12T16:50:10","guid":{"rendered":"https:\/\/www.europesays.com\/fi\/33039\/"},"modified":"2025-09-12T16:50:10","modified_gmt":"2025-09-12T16:50:10","slug":"markkinaoikeus-muutti-energiaviraston-paatosta-fingridin-ja-teollisuuden-voiman-kiistassa-satakunta","status":"publish","type":"post","link":"https:\/\/www.europesays.com\/fi\/33039\/","title":{"rendered":"Markkinaoikeus muutti Energiaviraston p\u00e4\u00e4t\u00f6st\u00e4 Fingridin ja Teollisuuden Voiman kiistassa | Satakunta"},"content":{"rendered":"<p class=\"aw-1gybjub aw-5vja16 cmIuaG zKETg yle__article__paragraph\">Yhti\u00f6t ovat olleet eri mielt\u00e4 siit\u00e4, kumman vastuulle kuuluu niin sanottu j\u00e4rjestelm\u00e4suoja, joka turvaa kantaverkkoa Olkiluoto 3:n mahdollisessa vikatilanteessa.<\/p>\n<p><img decoding=\"async\" alt=\"Olkiluodon ydinvoimalaitos vastarannalta kuvattuna.\" src=\"https:\/\/www.europesays.com\/fi\/wp-content\/uploads\/2025\/09\/39-1479274684916be034a0.jpeg\" class=\"aw-1l9m598 hKVVvP\"\/><\/p>\n<p>Avaa kuvien katselu<\/p>\n<p>TVO:n n\u00e4kemyksen mukaan vastuu kantaverkon kehitt\u00e4misest\u00e4 sek\u00e4 suojauksesta kuuluu Fingridille. Kuva: TVO<\/p>\n<p class=\"aw-1gybjub aw-1p7kakr cmIuaG fmSRng yle__article__paragraph\">Markkinaoikeus on muuttanut Energiaviraston p\u00e4\u00e4t\u00f6st\u00e4 siit\u00e4, kenen vastuulla ovat s\u00e4hk\u00f6n kantaverkon suojausj\u00e4rjestelm\u00e4\u00e4n liittyv\u00e4t velvoitteet.<\/p>\n<p class=\"aw-1gybjub aw-1p7kakr cmIuaG fmSRng yle__article__paragraph\">Kyseess\u00e4 on kantaverkkoyhti\u00f6 Fingridin ja Teollisuuden Voiman v\u00e4lisest\u00e4 kiistasta.<\/p>\n<p class=\"aw-1gybjub aw-1p7kakr cmIuaG fmSRng yle__article__paragraph\">Yhti\u00f6t ovat olleet eri mielt\u00e4 siit\u00e4, kumman vastuulle kuuluu niin sanottu j\u00e4rjestelm\u00e4suoja, joka turvaa kantaverkkoa Olkiluoto 3:n mahdollisessa vikatilanteessa.<\/p>\n<p class=\"aw-1gybjub aw-1p7kakr cmIuaG fmSRng yle__article__paragraph\">Energiavirasto p\u00e4\u00e4tti viime vuoden lopulla, ett\u00e4 OL3:n suurimmat kulut kuuluvat TVO:lle. TVO valitti p\u00e4\u00e4t\u00f6ksest\u00e4 markkinaoikeuteen.<\/p>\n<p class=\"aw-1gybjub aw-1p7kakr cmIuaG fmSRng yle__article__paragraph\">\u2013 Markkinaoikeuden p\u00e4\u00e4t\u00f6s oli pettymys. TVO tutustuu seuraavaksi p\u00e4\u00e4t\u00f6ksen perusteluihin tarkkaan ja pohtii mahdollisia jatkotoimia, sanoo TVO:n lakiasiainjohtaja <strong class=\"aw-ak79eh KyCXm yle__article__strong\">Ulla-Maija Moisio<\/strong> tiedotteessa.<\/p>\n<p class=\"aw-1gybjub aw-1p7kakr cmIuaG fmSRng yle__article__paragraph\">TVO:n n\u00e4kemyksen mukaan vastuu kantaverkon kehitt\u00e4misest\u00e4 sek\u00e4 suojauksesta kuuluu Fingridille.<\/p>\n<p class=\"aw-1gybjub aw-1p7kakr cmIuaG fmSRng yle__article__paragraph\">Kiistan ytimess\u00e4 on raha eli se, kuka maksaa j\u00e4rjestelm\u00e4suojan kustannukset. TVO:n mielest\u00e4 suojan toteuttaminen ja siit\u00e4 aiheutuvat kustannukset kuuluvat Fingridille. Nykymallissa suurimman osan kuluista on maksanut TVO.<\/p>\n<p class=\"aw-1gybjub aw-1p7kakr cmIuaG fmSRng yle__article__paragraph\">Sek\u00e4 TVO ett\u00e4 Fingrid ovat valittaneet kustannusten jakautumisesta. Markkinaoikeus k\u00e4sittelee t\u00e4t\u00e4 yh\u00e4.<\/p>\n<p>Fingrid: Kantaverkko ei kest\u00e4 OL3:n tehoa<\/p>\n<p class=\"aw-1gybjub aw-1p7kakr cmIuaG fmSRng yle__article__paragraph\">Kantaverkkoyhti\u00f6 Fingridin n\u00e4kemyksen mukaan kantaverkko ei nykyisell\u00e4\u00e4n ole valmis OL3:n t\u00e4yden tehon eli 1600 megawatin tuotantoon.<\/p>\n<p class=\"aw-1gybjub aw-1p7kakr cmIuaG fmSRng yle__article__paragraph\">Fingrid katsoo, ett\u00e4 OL3:n tuotannon ylitt\u00e4ess\u00e4 1300 MW:n tehon tarvitaan kantaverkkoon suojausta, joka varmistaa kantaverkon toimivuuden my\u00f6s mahdollisissa h\u00e4iri\u00f6tilanteissa.<\/p>\n<p class=\"aw-1gybjub aw-1p7kakr cmIuaG fmSRng yle__article__paragraph\">Suojaus toteutetaan nykyisin pudottamalla sovitun teollisuuden kulutusta ja esimerkiksi akkulaitosten avulla.<\/p>\n<p class=\"aw-1gybjub aw-1p7kakr cmIuaG fmSRng yle__article__paragraph\">Viimeisten kuukausien aikana OL3:n tehoa on alennettu usein Fingridin vaatimuksesta, koska Fingridin toteuttama suojaus ei ole ollut t\u00e4ysim\u00e4\u00e4r\u00e4isesti k\u00e4yt\u00f6ss\u00e4. N\u00e4in voi k\u00e4yd\u00e4 esimerkiksi, kun suojausj\u00e4rjestelm\u00e4ss\u00e4 mukana olevia teollisuuslaitoksia on huoltoseisokissa.<\/p>\n","protected":false},"excerpt":{"rendered":"Yhti\u00f6t ovat olleet eri mielt\u00e4 siit\u00e4, kumman vastuulle kuuluu niin sanottu j\u00e4rjestelm\u00e4suoja, joka turvaa kantaverkkoa Olkiluoto 3:n mahdollisessa&hellip;\n","protected":false},"author":2,"featured_media":33040,"comment_status":"","ping_status":"","sticky":false,"template":"","format":"standard","meta":{"footnotes":""},"categories":[76],"tags":[79,77,2038,4060,33,6135,31,30,71,9577,9576,2007,4010,932,9428,968,32,78,9575],"class_list":{"0":"post-33039","1":"post","2":"type-post","3":"status-publish","4":"format-standard","5":"has-post-thumbnail","7":"category-talous","8":"tag-business","9":"tag-economy","10":"tag-energia","11":"tag-eurajoki","12":"tag-fi","13":"tag-fingrid","14":"tag-finland","15":"tag-finnish","16":"tag-kotimaa","17":"tag-markkinaoikeus","18":"tag-olkiluodon-ydinvoimalaitos","19":"tag-sahko","20":"tag-sahkohuolto","21":"tag-sahkontuotanto-ja-jakelu","22":"tag-sahkoverkot","23":"tag-satakunta","24":"tag-suomi","25":"tag-talous","26":"tag-teollisuuden-voima-oyj-tvo"},"share_on_mastodon":{"url":"","error":""},"_links":{"self":[{"href":"https:\/\/www.europesays.com\/fi\/wp-json\/wp\/v2\/posts\/33039","targetHints":{"allow":["GET"]}}],"collection":[{"href":"https:\/\/www.europesays.com\/fi\/wp-json\/wp\/v2\/posts"}],"about":[{"href":"https:\/\/www.europesays.com\/fi\/wp-json\/wp\/v2\/types\/post"}],"author":[{"embeddable":true,"href":"https:\/\/www.europesays.com\/fi\/wp-json\/wp\/v2\/users\/2"}],"replies":[{"embeddable":true,"href":"https:\/\/www.europesays.com\/fi\/wp-json\/wp\/v2\/comments?post=33039"}],"version-history":[{"count":0,"href":"https:\/\/www.europesays.com\/fi\/wp-json\/wp\/v2\/posts\/33039\/revisions"}],"wp:featuredmedia":[{"embeddable":true,"href":"https:\/\/www.europesays.com\/fi\/wp-json\/wp\/v2\/media\/33040"}],"wp:attachment":[{"href":"https:\/\/www.europesays.com\/fi\/wp-json\/wp\/v2\/media?parent=33039"}],"wp:term":[{"taxonomy":"category","embeddable":true,"href":"https:\/\/www.europesays.com\/fi\/wp-json\/wp\/v2\/categories?post=33039"},{"taxonomy":"post_tag","embeddable":true,"href":"https:\/\/www.europesays.com\/fi\/wp-json\/wp\/v2\/tags?post=33039"}],"curies":[{"name":"wp","href":"https:\/\/api.w.org\/{rel}","templated":true}]}}