{"id":330392,"date":"2026-08-21T21:18:13","date_gmt":"2026-08-21T21:18:13","guid":{"rendered":"https:\/\/www.europesays.com\/fi\/330392\/"},"modified":"2026-08-21T21:18:13","modified_gmt":"2026-08-21T21:18:13","slug":"bbc-herttuatar-meghan-neuvottelee-roolista-tassa-sarjassa-uutissuomalainen","status":"publish","type":"post","link":"https:\/\/www.europesays.com\/fi\/330392\/","title":{"rendered":"BBC: Herttuatar Meghan neuvottelee roolista t\u00e4ss\u00e4 sarjassa | Uutissuomalainen"},"content":{"rendered":"<p>Herttuatar <strong>Meghan <\/strong>neuvottelee n\u00e4yttelij\u00e4nuran jatkamisesta roolilla Netflixin The Gentlemen -sarjassa, kertoo brittil\u00e4inen <a href=\"https:\/\/www.bbc.com\/news\/articles\/cwye9g9r58zo\" rel=\"nofollow noopener\" target=\"_blank\">BBC<\/a>. Kyseess\u00e4 on komediasarja herttuasta, josta tulee huumeparoni.<\/p>\n<p>Neuvottelut ovat BBC:n mukaan alkuvaiheessa, mutta kyseess\u00e4 olisi Meghanin ensimm\u00e4inen merkitt\u00e4v\u00e4 n\u00e4yttelij\u00e4nrooli h\u00e4nen ja Britannian prinssi <strong>Harryn <\/strong>avioliiton solmimisen j\u00e4lkeen.<\/p>\n<p>Jo aiemmin on <a href=\"https:\/\/www.ksml.fi\/uutissuomalainen\/9718762\" rel=\"nofollow noopener\" target=\"_blank\">kerrottu<\/a>, ett\u00e4 pari saattaa muuttaa takaisin Britanniaan, koska Meghanille on tarjottu roolia maassa toteutettavassa hankkeessa.<\/p>\n<p>Suuri osa <strong>Guy Ritchien<\/strong> luoman sarjan kahdesta aiemmasta tuotantokaudesta on kuvattu Cotswoldsin alueella, jonne parin huhutaan asettuvan asumaan palatessaan Britanniaan my\u00f6hemmin t\u00e4ss\u00e4 kuussa.<\/p>\n<p>N\u00e4yttelij\u00e4n\u00e4 Meghan tunnetaan parhaiten roolistaan Suits-lakimiessarjassa.<\/p>\n<p>BBC:n mukaan t\u00e4ll\u00e4 hetkell\u00e4 ei ole olemassa suunnitelmia siit\u00e4, ett\u00e4 prinssi Harry tai Meghan palaisivat edustusteht\u00e4vi\u00e4 hoitavien kuninkaallisten rooleihin.<\/p>\n<p>Pariskunta luopui kuninkaallisista teht\u00e4vist\u00e4\u00e4n vuonna 2020 ja muutti Yhdysvaltoihin.<\/p>\n<p>\t\t\t\t\t<img class=\"diks-card__image\" src=\"https:\/\/www.europesays.com\/fi\/wp-content\/uploads\/2026\/08\/11632774.jpg\"   loading=\"lazy\" decoding=\"sync\" alt=\"\"\/><\/p>\n<p>\t\t\t\t\t<img class=\"diks-card__image\" src=\"https:\/\/www.europesays.com\/fi\/wp-content\/uploads\/2026\/08\/1.06402126.jpg\"   loading=\"lazy\" decoding=\"sync\" alt=\"\"\/><\/p>\n<p>\t\t\t\t\t<img class=\"diks-card__image\" src=\"https:\/\/www.europesays.com\/fi\/wp-content\/uploads\/2026\/08\/11629134.jpg\"   loading=\"lazy\" decoding=\"sync\" alt=\"\"\/><\/p>\n","protected":false},"excerpt":{"rendered":"Herttuatar Meghan neuvottelee n\u00e4yttelij\u00e4nuran jatkamisesta roolilla Netflixin The Gentlemen -sarjassa, kertoo brittil\u00e4inen BBC. Kyseess\u00e4 on komediasarja herttuasta, josta&hellip;\n","protected":false},"author":2,"featured_media":330393,"comment_status":"","ping_status":"","sticky":false,"template":"","format":"standard","meta":{"footnotes":"","_share_on_mastodon":"0"},"categories":[130],"tags":[153,2326,137,33,31,30,2118,622,217,32,140,2117,109],"class_list":["post-330392","post","type-post","status-publish","format-standard","has-post-thumbnail","category-viihde","tag-audiovisuaalinen-media","tag-bbc","tag-entertainment","tag-fi","tag-finland","tag-finnish","tag-internetvideopalvelut","tag-nayttelijat","tag-netflix","tag-suomi","tag-tv-ja-elokuvat","tag-videon-suoratoisto","tag-viihde"],"share_on_mastodon":{"url":"https:\/\/pubeurope.com\/@fi\/117135587146674086","error":""},"_links":{"self":[{"href":"https:\/\/www.europesays.com\/fi\/wp-json\/wp\/v2\/posts\/330392","targetHints":{"allow":["GET"]}}],"collection":[{"href":"https:\/\/www.europesays.com\/fi\/wp-json\/wp\/v2\/posts"}],"about":[{"href":"https:\/\/www.europesays.com\/fi\/wp-json\/wp\/v2\/types\/post"}],"author":[{"embeddable":true,"href":"https:\/\/www.europesays.com\/fi\/wp-json\/wp\/v2\/users\/2"}],"replies":[{"embeddable":true,"href":"https:\/\/www.europesays.com\/fi\/wp-json\/wp\/v2\/comments?post=330392"}],"version-history":[{"count":0,"href":"https:\/\/www.europesays.com\/fi\/wp-json\/wp\/v2\/posts\/330392\/revisions"}],"wp:featuredmedia":[{"embeddable":true,"href":"https:\/\/www.europesays.com\/fi\/wp-json\/wp\/v2\/media\/330393"}],"wp:attachment":[{"href":"https:\/\/www.europesays.com\/fi\/wp-json\/wp\/v2\/media?parent=330392"}],"wp:term":[{"taxonomy":"category","embeddable":true,"href":"https:\/\/www.europesays.com\/fi\/wp-json\/wp\/v2\/categories?post=330392"},{"taxonomy":"post_tag","embeddable":true,"href":"https:\/\/www.europesays.com\/fi\/wp-json\/wp\/v2\/tags?post=330392"}],"curies":[{"name":"wp","href":"https:\/\/api.w.org\/{rel}","templated":true}]}}