{"id":330502,"date":"2026-08-22T00:52:08","date_gmt":"2026-08-22T00:52:08","guid":{"rendered":"https:\/\/www.europesays.com\/fi\/330502\/"},"modified":"2026-08-22T00:52:08","modified_gmt":"2026-08-22T00:52:08","slug":"will-hardy-ja-jazzin-tahdet-katselivat-suomen-voittoa-islannista-urheilu","status":"publish","type":"post","link":"https:\/\/www.europesays.com\/fi\/330502\/","title":{"rendered":"Will Hardy ja Jazzin t\u00e4hdet katselivat Suomen voittoa Islannista | Urheilu"},"content":{"rendered":"<p>Lauri Markkasen joukkuekaverit Utah Jazzista, Jaren Jackson Jr. ja Keyonte George sek\u00e4 Jazzin p\u00e4\u00e4valmentaja Will Hardy, seurasivat eturivin paikoilla kent\u00e4n p\u00e4\u00e4dyss\u00e4, kun Suomen koripallomaajoukkue kukisti Islannin Espoossa 93\u201378.<\/p>\n<p>Hardylle vierailu Helsingiss\u00e4 oli ensimm\u00e4inen, ja matkansa kohokohdan h\u00e4n jakoi kahdelle kokemukselle.<\/p>\n<p>\u2013\u2009Sauna ja j\u00e4\u00e4tel\u00f6. On ollut hyv\u00e4 katsella ymp\u00e4rilleen, Lauri on n\u00e4ytt\u00e4nyt meille paikkoja. Emme ole juurikaan olleet autossa, vaan on ollut mahtavaa k\u00e4vell\u00e4 ja ime\u00e4 vaikutelmia. Lauri on ollut loistava is\u00e4nt\u00e4, Hardy kertoi puoliajalla.<\/p>\n<p>Onko mik\u00e4\u00e4n yll\u00e4tt\u00e4nyt Helsingiss\u00e4?<\/p>\n<p>\u2013\u2009Moni on pyydellyt anteeksi s\u00e4\u00e4t\u00e4, mutta minusta se on ollut erinomainen. Kotona meill\u00e4 on todella kuumaa, Hardy vastasi.<\/p>\n<p>Hardy on valmentanut Markkasta koko t\u00e4m\u00e4n nelj\u00e4 vuotta kest\u00e4neen uran Jazzissa, mutta Markkasen n\u00e4keminen t\u00e4m\u00e4n kotimaassa on silti avannut p\u00e4\u00e4valmentajalle jotain uutta.<\/p>\n<p>\u2013\u2009Kun olen tavannut enemm\u00e4n suomalaisia, ymm\u00e4rr\u00e4n Lauria paljon paremmin nyt. Kaikki t\u00e4\u00e4ll\u00e4 ovat eritt\u00e4in yst\u00e4v\u00e4llisi\u00e4 ja kohteliaita. Kun n\u00e4kee ihmisen h\u00e4nen kotiymp\u00e4rist\u00f6ss\u00e4\u00e4n, se antaa kontekstia, ket\u00e4 he ovat ja miksi ovat sellaisia kuin ovat, Hardy sanoi.<\/p>\n<p>Ent\u00e4 mihin suuntaan Hardy uskoo pelin jatkossa kehittyv\u00e4n?<\/p>\n<p>\u2013\u2009Toivottavasti olemme menossa vaihtelevampaan suuntaan. Peli on levitt\u00e4ytynyt, ja palloscriineist\u00e4 on tullut valtavan t\u00e4rkeit\u00e4 (NBA:ssa). Kansainv\u00e4lisess\u00e4 koripalloilussa pelataan enemm\u00e4n korin alla. Uskon, ett\u00e4 jatkossa n\u00e4emme enemm\u00e4n variaatioita ja sekoituksen kaukoheitt\u00e4mist\u00e4 ja korinaluspeli\u00e4, Hardy vastasi.<\/p>\n<p>Samalla on pelaajien yksil\u00f6taidot ovat Hardyn mielest\u00e4 paremmat kuin ikin\u00e4.<\/p>\n<p>\u2013\u2009Taitotaso ei ole koskaan ollut n\u00e4in korkealla. Se, miten nykypelaajat osaavat heitt\u00e4\u00e4, kuljettaa ja sy\u00f6tt\u00e4\u00e4. Meid\u00e4n valmentajien teht\u00e4v\u00e4 on laittaa n\u00e4m\u00e4 kaverit mahdollisimman hyviin paikkoihin.<\/p>\n<p>\t\t\t\tFederiko s\u00e4v\u00e4ytti<\/p>\n<p>Islanti-pelin intensiteetti oli kaukana MM-karsinnoista, jotka jatkuvat ensi viikolla. Ottelun merkitt\u00e4vin tapahtuma oli Okku Federikon debyytti miesten maajoukkueessa.<\/p>\n<p>Federiko, 22, upotti maajoukkueuransa ensimm\u00e4isen kolmosen sis\u00e4\u00e4n ja s\u00e4v\u00e4ytti toisella nelj\u00e4nneksell\u00e4 ottelun komeimmalla donkilla.<\/p>\n<p>Federiko ker\u00e4si 18 minuutissa seitsem\u00e4n pistett\u00e4 pelitilanneheittotarkkuudella 3\/8 ja kaapi Suomen joukkueen suurimman levypallosaaliin, 10. Lis\u00e4ksi h\u00e4n antoi kaksi sy\u00f6tt\u00f6\u00e4, riisti kerran ja torjui kerran, eik\u00e4 menett\u00e4nyt palloa kertaakaan.<\/p>\n<p>\u2013\u2009Se oli sit\u00e4, mit\u00e4 se oli alkuviikon harjoituksissa. H\u00e4n pelaa konseptissa ja voittaa kaikki kamppailut. Hieno esitys, p\u00e4\u00e4valmentaja Lassi Tuovikehaisi.<\/p>\n<p>Tuovi sanoi Federikon jatkavan maajoukkueen mukana ensi viikollakin, kun valmistautuminen MM-karsintoihin alkaa.<\/p>\n<p>\u2013\u2009H\u00e4n on ansainnut olla mukana.<\/p>\n<p>Federiko itse hymyili leve\u00e4sti tyytyv\u00e4isyytt\u00e4\u00e4n maajoukkuedebyyttiins\u00e4.<\/p>\n<p>\u2013\u2009Olen tottunut fyysisemp\u00e4\u00e4n peliin, mutta tempo v\u00e4h\u00e4n yll\u00e4tti, Federiko kertoi.<\/p>\n<p>Federiko onFederiko Federikon nuorempi veli ja pelaa tulevan kauden Northwesternin yliopistossa. Joukkueen p\u00e4\u00e4valmentajaChris Collins pelasi aikoinaan Korisliigaa helsinkil\u00e4isseura Panttereissa, jossa my\u00f6s Federiko on pelannut.<\/p>\n<p>\u2013\u2009H\u00e4n on kertonut muutaman jutun Helsingist\u00e4, jota ei voi kertoa (julkisuuteen), Okku Federiko naureskeli.<\/p>\n","protected":false},"excerpt":{"rendered":"Lauri Markkasen joukkuekaverit Utah Jazzista, Jaren Jackson Jr. ja Keyonte George sek\u00e4 Jazzin p\u00e4\u00e4valmentaja Will Hardy, seurasivat eturivin&hellip;\n","protected":false},"author":2,"featured_media":330503,"comment_status":"","ping_status":"","sticky":false,"template":"","format":"standard","meta":{"footnotes":"","_share_on_mastodon":"0"},"categories":[5],"tags":[22,23,400,26,27,33,31,30,17,403,405,104,24,25,1905,41,28,29,15,18,21,32,19,20,161,16],"class_list":["post-330502","post","type-post","status-publish","format-standard","has-post-thumbnail","category-otsikot","tag-breaking-news","tag-breakingnews","tag-espoo","tag-featured-news","tag-featurednews","tag-fi","tag-finland","tag-finnish","tag-headlines","tag-helsingin-seutu","tag-helsingin-seutukunta","tag-helsinki","tag-latest-news","tag-latestnews","tag-lauri-markkanen","tag-liikunta-ja-urheilu","tag-main-news","tag-mainnews","tag-news","tag-otsikot","tag-paauutiset","tag-suomi","tag-top-stories","tag-topstories","tag-urheilutapahtumat","tag-uutiset"],"share_on_mastodon":{"url":"https:\/\/pubeurope.com\/@fi\/117136427754684306","error":""},"_links":{"self":[{"href":"https:\/\/www.europesays.com\/fi\/wp-json\/wp\/v2\/posts\/330502","targetHints":{"allow":["GET"]}}],"collection":[{"href":"https:\/\/www.europesays.com\/fi\/wp-json\/wp\/v2\/posts"}],"about":[{"href":"https:\/\/www.europesays.com\/fi\/wp-json\/wp\/v2\/types\/post"}],"author":[{"embeddable":true,"href":"https:\/\/www.europesays.com\/fi\/wp-json\/wp\/v2\/users\/2"}],"replies":[{"embeddable":true,"href":"https:\/\/www.europesays.com\/fi\/wp-json\/wp\/v2\/comments?post=330502"}],"version-history":[{"count":0,"href":"https:\/\/www.europesays.com\/fi\/wp-json\/wp\/v2\/posts\/330502\/revisions"}],"wp:featuredmedia":[{"embeddable":true,"href":"https:\/\/www.europesays.com\/fi\/wp-json\/wp\/v2\/media\/330503"}],"wp:attachment":[{"href":"https:\/\/www.europesays.com\/fi\/wp-json\/wp\/v2\/media?parent=330502"}],"wp:term":[{"taxonomy":"category","embeddable":true,"href":"https:\/\/www.europesays.com\/fi\/wp-json\/wp\/v2\/categories?post=330502"},{"taxonomy":"post_tag","embeddable":true,"href":"https:\/\/www.europesays.com\/fi\/wp-json\/wp\/v2\/tags?post=330502"}],"curies":[{"name":"wp","href":"https:\/\/api.w.org\/{rel}","templated":true}]}}