{"id":330570,"date":"2026-08-22T03:22:13","date_gmt":"2026-08-22T03:22:13","guid":{"rendered":"https:\/\/www.europesays.com\/fi\/330570\/"},"modified":"2026-08-22T03:22:13","modified_gmt":"2026-08-22T03:22:13","slug":"vilppaan-kasvatti-siirtyy-liigaan-paatos-oli-lopulta-aika-helppo","status":"publish","type":"post","link":"https:\/\/www.europesays.com\/fi\/330570\/","title":{"rendered":"Vilppaan kasvatti siirtyy liigaan \u2013 &#8221;P\u00e4\u00e4t\u00f6s oli lopulta aika helppo&#8221;"},"content":{"rendered":"<p>Salon Vilppaan kasvatti <b>Hilla M\u00e4kynen<\/b> siirtyy ensi kaudeksi naisten Korisliigassa pelaavaan Espoo Basket Teamiin.<\/p>\n<p>17-vuotias M\u00e4kynen on kuulunut nuorten SM-sarjan tehokkaimpiin pelaajiin. H\u00e4n pelasi viime kauden Vilppaan naisten I divisioonajoukkueessa.<\/p>\n<p>\u2013 EBT on yksi Suomen parhaista organisaatioista nuorelle pelaajalle kehitty\u00e4, joten p\u00e4\u00e4t\u00f6s oli lopulta aika helppo, M\u00e4kynen kommentoi EBT:n somekanavissa.<\/p>\n<p>M\u00e4kynen ei ole ainoa Vilppaan kasvatti EBT:ss\u00e4, sill\u00e4 joukkueen pitk\u00e4aikainen p\u00e4\u00e4valmentaja on salolaisl\u00e4ht\u00f6inen <b>Niko Hellman<\/b>. Lis\u00e4ksi Vilpas-kasvatti <b>Venla M\u00e4\u00e4tt\u00e4nen<\/b> on jo pitk\u00e4\u00e4n edustanut EBT:t\u00e4.<\/p>\n<p>\u2013\u2009Hilla pelasi hyv\u00e4n kauden henkil\u00f6kohtaisella tasolla I divisioonassa. Nyt h\u00e4n hakee seuraavaa askelta urallaan, Hellman kertoi.<\/p>\n<p>EBT sijoittui viime vuonna naisten Korisliigan runkosarjan nelj\u00e4nneksi ja putosi v\u00e4lierist\u00e4 HBA-M\u00e4rsky\u00e4 vastaan. EBT:n kakkosjoukkue taas juhli I divisioonan mestaruutta.<\/p>\n<p>\u2013\u2009Hilla tulee kilpailemaan vitospaikan pelirooleista kehittyminen keski\u00f6ss\u00e4. H\u00e4nt\u00e4 tullaan n\u00e4kem\u00e4\u00e4n varmasti kauden aikana meid\u00e4n molemmissa aikuisten sarjoissa, Hellman ennakoi.<\/p>\n<p>M\u00e4kynen tulee todellisesta korissuvusta, sill\u00e4 h\u00e4nen isoveljens\u00e4 <strong>Onni M\u00e4kynen<\/strong> pelaa liigaa Loimaan Bisonsissa, is\u00e4 <strong>Esa M\u00e4kynen<\/strong> on pitk\u00e4aikainen valmentaja, set\u00e4 <strong>Saku<\/strong> <strong>M\u00e4kynen<\/strong> on Suomen johtavia korisselostajia, eno <strong>Mika Vesterinen<\/strong> on Vilppaan entinen liigapelaaja ja serkku <strong>Vili Vesterinen<\/strong> teki kes\u00e4ll\u00e4 liigasopimuksen Helsinki Seagullsin kanssa.<\/p>\n","protected":false},"excerpt":{"rendered":"Salon Vilppaan kasvatti Hilla M\u00e4kynen siirtyy ensi kaudeksi naisten Korisliigassa pelaavaan Espoo Basket Teamiin. 17-vuotias M\u00e4kynen on kuulunut&hellip;\n","protected":false},"author":2,"featured_media":330571,"comment_status":"","ping_status":"","sticky":false,"template":"","format":"standard","meta":{"footnotes":"","_share_on_mastodon":"0"},"categories":[130],"tags":[137,33,31,30,4500,32,109,14820],"class_list":["post-330570","post","type-post","status-publish","format-standard","has-post-thumbnail","category-viihde","tag-entertainment","tag-fi","tag-finland","tag-finnish","tag-korisliiga","tag-suomi","tag-viihde","tag-vilpas"],"share_on_mastodon":{"url":"https:\/\/pubeurope.com\/@fi\/117137017776848417","error":""},"_links":{"self":[{"href":"https:\/\/www.europesays.com\/fi\/wp-json\/wp\/v2\/posts\/330570","targetHints":{"allow":["GET"]}}],"collection":[{"href":"https:\/\/www.europesays.com\/fi\/wp-json\/wp\/v2\/posts"}],"about":[{"href":"https:\/\/www.europesays.com\/fi\/wp-json\/wp\/v2\/types\/post"}],"author":[{"embeddable":true,"href":"https:\/\/www.europesays.com\/fi\/wp-json\/wp\/v2\/users\/2"}],"replies":[{"embeddable":true,"href":"https:\/\/www.europesays.com\/fi\/wp-json\/wp\/v2\/comments?post=330570"}],"version-history":[{"count":0,"href":"https:\/\/www.europesays.com\/fi\/wp-json\/wp\/v2\/posts\/330570\/revisions"}],"wp:featuredmedia":[{"embeddable":true,"href":"https:\/\/www.europesays.com\/fi\/wp-json\/wp\/v2\/media\/330571"}],"wp:attachment":[{"href":"https:\/\/www.europesays.com\/fi\/wp-json\/wp\/v2\/media?parent=330570"}],"wp:term":[{"taxonomy":"category","embeddable":true,"href":"https:\/\/www.europesays.com\/fi\/wp-json\/wp\/v2\/categories?post=330570"},{"taxonomy":"post_tag","embeddable":true,"href":"https:\/\/www.europesays.com\/fi\/wp-json\/wp\/v2\/tags?post=330570"}],"curies":[{"name":"wp","href":"https:\/\/api.w.org\/{rel}","templated":true}]}}