{"id":330576,"date":"2026-08-22T03:27:20","date_gmt":"2026-08-22T03:27:20","guid":{"rendered":"https:\/\/www.europesays.com\/fi\/330576\/"},"modified":"2026-08-22T03:27:20","modified_gmt":"2026-08-22T03:27:20","slug":"kahdeksan-tuntia-sidottuna-tunteja-eristyksissa-nain-kehitysvammaisia-saa-lain-mukaan-rajoittaa-kotimaa","status":"publish","type":"post","link":"https:\/\/www.europesays.com\/fi\/330576\/","title":{"rendered":"Kahdeksan tuntia sidottuna, tunteja eristyksiss\u00e4 \u2013 n\u00e4in kehitys\u00advammaisia saa lain mukaan rajoittaa | Kotimaa"},"content":{"rendered":"<p class=\"aw__sc-1qwuw0s-0 aw__sc-1vg2sqm-0 epAWpq ecELkD yle__article__paragraph\">Kehitys\u00advammaisten erityis\u00adhuollossa saa k\u00e4ytt\u00e4\u00e4 vain tiettyj\u00e4 rajoitustoimia, ja niidenkin kohdalla kriteerist\u00f6n tulee t\u00e4ytty\u00e4. T\u00e4m\u00e4 juttu kertoo, mit\u00e4 ne ovat.<\/p>\n<p><img decoding=\"async\" alt=\"Haaravy\u00f6 kiinnitettyn\u00e4 ihmiseen ja tuoliin. Haaravy\u00f6 on i\u00e4kk\u00e4iden liikkumista rajoittava v\u00e4line.\" src=\"https:\/\/www.europesays.com\/fi\/wp-content\/uploads\/2026\/08\/1768380596.jpeg\" class=\"aw__sc-dklauk-0 LPzKX\"\/><\/p>\n<p>Avaa kuvien katselu<\/p>\n<p>Haaravy\u00f6 on yksi v\u00e4line, jota voidaan k\u00e4ytt\u00e4\u00e4 kehitysvammaisten liikkumisen rajoittamiseen. Kuva: Jere Sanaksenaho \/ Yle<\/p>\n<ul class=\"aw__sc-1yb43iq-0 gFXHv yle__article__list yle__article__list--ul\">\n<li class=\"aw__sc-1yb43iq-1 gVAzbt\">Kainuun hyvinvointialue on k\u00e4ytt\u00e4nyt turvasumutinta kehitysvammaisiin ihmisiin. Kehitysvammaliiton mukaan se ei ole lain mukaista.<\/li>\n<li class=\"aw__sc-1yb43iq-1 gVAzbt\">Hyvinvointialue perustelee k\u00e4ytt\u00f6\u00e4 henkil\u00f6kunnan turvallisuudella. Asia on j\u00e4rkytt\u00e4nyt asiantuntijoita.<\/li>\n<li class=\"aw__sc-1yb43iq-1 gVAzbt\">Kehitysvammalaki sallii kiinnipidon, vaarallisten aineiden haltuunoton ja lyhytaikaisen erist\u00e4misen. Vakavissa tilanteissa voi k\u00e4ytt\u00e4\u00e4 liikkumista rajoittavia v\u00e4lineit\u00e4.<\/li>\n<\/ul>\n<p class=\"aw__sc-1qwuw0s-0 aw__sc-ngllmo-0 epAWpq fzYpjk yle__article__paragraph\">Kainuun hyvinvointialueella on k\u00e4ytetty turvasumutinta kehitysvammaisiin ihmisiin. Hyvinvointialue perustelee sumuttimen k\u00e4ytt\u00f6\u00e4 henkil\u00f6kunnan turvallisuudella.<\/p>\n<p><img decoding=\"async\" alt=\"Kehitysvammaisten asumisyksikk\u00f6 Rajamiehentie Kajaanissa.\" src=\"https:\/\/www.europesays.com\/fi\/wp-content\/uploads\/2026\/08\/1787128512.jpeg\" class=\"aw__sc-dklauk-0 LPzKX\"\/><\/p>\n<p class=\"aw__sc-1qwuw0s-0 aw__sc-ngllmo-0 epAWpq fzYpjk yle__article__paragraph\">Kehitysvammaliiton mukaan turvasumutteen k\u00e4ytt\u00f6 ei ole sallittua. Sen k\u00e4ytt\u00f6 kajaanilaisessa hoitoyksik\u00f6ss\u00e4 on j\u00e4rkytt\u00e4nyt my\u00f6s asiantuntijoita.<\/p>\n<p class=\"aw__sc-1qwuw0s-0 aw__sc-ngllmo-0 epAWpq fzYpjk yle__article__paragraph\">Kysyimme Kehitysvammaliitolta, mit\u00e4 rajoitustoimenpiteit\u00e4 kehitysvammaisiin ihmisiin on sallittua k\u00e4ytt\u00e4\u00e4.<\/p>\n<p class=\"aw__sc-1qwuw0s-0 aw__sc-ngllmo-0 epAWpq fzYpjk yle__article__paragraph\">Kehitysvammaliiton asiantuntija <strong class=\"aw__sc-ngllmo-2 gdRrun yle__article__strong\">Susanna Rieppo<\/strong> sanoo, ett\u00e4 erityishuollossa sallitut rajoitustoimenpiteet ja tilanteet, joissa niit\u00e4 saa k\u00e4ytt\u00e4\u00e4, on s\u00e4\u00e4detty tarkkarajaisesti kehitysvammalaissa.<\/p>\n<p class=\"aw__sc-1qwuw0s-0 aw__sc-ngllmo-0 epAWpq fzYpjk yle__article__paragraph\">Kiinnipito on yksi sallituista menetelmist\u00e4. Samoin henkil\u00f6lt\u00e4 voidaan ottaa haltuun aineita tai esineit\u00e4, esimerkiksi alkoholia tai huumausaineita, jos niiden arvioidaan vaarantavan turvallisuutta.<\/p>\n<p class=\"aw__sc-1qwuw0s-0 aw__sc-ngllmo-0 epAWpq fzYpjk yle__article__paragraph\">Riepon mukaan kehitysvammalaki antaa my\u00f6s mahdollisuuden henkil\u00f6n lyhytaikaiseen erist\u00e4miseen. H\u00e4net voidaan esimerkiksi laittaa ulkopuolelta lukittuun tilaan siten, ett\u00e4 h\u00e4neen s\u00e4ilyy yhteys. T\u00e4m\u00e4 saa kest\u00e4\u00e4 korkeintaan kaksi tuntia.<\/p>\n<p class=\"aw__sc-1qwuw0s-0 aw__sc-ngllmo-0 epAWpq fzYpjk yle__article__paragraph\">Vakavissa vaaratilanteissa, joissa henkil\u00f6 vaarantaa oman tai muiden terveytt\u00e4 tai turvallisuutta, voidaan k\u00e4ytt\u00e4\u00e4 my\u00f6s liikkumista tai toimintaa rajoittavia v\u00e4lineit\u00e4 tai asusteita. Henkil\u00f6 voidaan esimerkiksi pit\u00e4\u00e4 sidottuna korkeintaan kahdeksan tunnin ajan.<\/p>\n<p class=\"aw__sc-1qwuw0s-0 aw__sc-ngllmo-0 epAWpq fzYpjk yle__article__paragraph\">Rajoitustoimenpiteit\u00e4 ei saa k\u00e4ytt\u00e4\u00e4 kasvatuksellisessa tarkoituksessa tai rangaistuksena.<\/p>\n<p>Rajoitustoimien k\u00e4ytt\u00f6\u00f6n on omat kriteerit<\/p>\n<p class=\"aw__sc-1qwuw0s-0 aw__sc-ngllmo-0 epAWpq fzYpjk yle__article__paragraph\">Rieppo kertoo, ett\u00e4 rajoittamista voidaan k\u00e4ytt\u00e4\u00e4 vain, kun kolme keskeist\u00e4 kriteeri\u00e4 ovat voimassa samanaikaisesti.<\/p>\n<p class=\"aw__sc-1qwuw0s-0 aw__sc-ngllmo-0 epAWpq fzYpjk yle__article__paragraph\">Niihin kuuluvat se, ett\u00e4 henkil\u00f6 ei kykene tekem\u00e4\u00e4n hoitoaan koskevia ratkaisuja eik\u00e4 ymm\u00e4rr\u00e4 k\u00e4ytt\u00e4ytymisens\u00e4 seurauksia. Rajoitustoimenpiteen tulee olla v\u00e4ltt\u00e4m\u00e4t\u00f6n terveyden ja turvallisuuden suojaamiseksi tai omaisuusvahingon est\u00e4miseksi.<\/p>\n<p class=\"aw__sc-1qwuw0s-0 aw__sc-ngllmo-0 epAWpq fzYpjk yle__article__paragraph\">Rajoittamista saa k\u00e4ytt\u00e4\u00e4 my\u00f6s vain silloin, kun lievemm\u00e4t tilanteeseen soveltuvat keinot eiv\u00e4t riit\u00e4.<\/p>\n<p class=\"aw__sc-1qwuw0s-0 aw__sc-ngllmo-0 epAWpq fzYpjk yle__article__paragraph\">Rieppo muistuttaa, ett\u00e4 kehitysvammapalveluita koskeva lains\u00e4\u00e4d\u00e4nt\u00f6 l\u00e4htee liikkeelle haastavien tilanteiden ennaltaehk\u00e4isyst\u00e4 ja haastavan k\u00e4ytt\u00e4ytymisen syiden varhaisesta selvitt\u00e4misest\u00e4.<\/p>\n","protected":false},"excerpt":{"rendered":"Kehitys\u00advammaisten erityis\u00adhuollossa saa k\u00e4ytt\u00e4\u00e4 vain tiettyj\u00e4 rajoitustoimia, ja niidenkin kohdalla kriteerist\u00f6n tulee t\u00e4ytty\u00e4. T\u00e4m\u00e4 juttu kertoo, mit\u00e4 ne&hellip;\n","protected":false},"author":2,"featured_media":330577,"comment_status":"","ping_status":"","sticky":false,"template":"","format":"standard","meta":{"footnotes":"","_share_on_mastodon":"0"},"categories":[12],"tags":[22,23,26,27,33,31,30,17,723,7831,41300,71,24,25,28,29,15,18,21,41301,32,550,19,20,16],"class_list":["post-330576","post","type-post","status-publish","format-standard","has-post-thumbnail","category-suomi","tag-breaking-news","tag-breakingnews","tag-featured-news","tag-featurednews","tag-fi","tag-finland","tag-finnish","tag-headlines","tag-kainuu","tag-kehitysvammaisuus","tag-kehitysvammaliitto","tag-kotimaa","tag-latest-news","tag-latestnews","tag-main-news","tag-mainnews","tag-news","tag-otsikot","tag-paauutiset","tag-rajoitustoimenpiteet","tag-suomi","tag-terveydenhuolto","tag-top-stories","tag-topstories","tag-uutiset"],"share_on_mastodon":{"url":"https:\/\/pubeurope.com\/@fi\/117137037847919273","error":""},"_links":{"self":[{"href":"https:\/\/www.europesays.com\/fi\/wp-json\/wp\/v2\/posts\/330576","targetHints":{"allow":["GET"]}}],"collection":[{"href":"https:\/\/www.europesays.com\/fi\/wp-json\/wp\/v2\/posts"}],"about":[{"href":"https:\/\/www.europesays.com\/fi\/wp-json\/wp\/v2\/types\/post"}],"author":[{"embeddable":true,"href":"https:\/\/www.europesays.com\/fi\/wp-json\/wp\/v2\/users\/2"}],"replies":[{"embeddable":true,"href":"https:\/\/www.europesays.com\/fi\/wp-json\/wp\/v2\/comments?post=330576"}],"version-history":[{"count":0,"href":"https:\/\/www.europesays.com\/fi\/wp-json\/wp\/v2\/posts\/330576\/revisions"}],"wp:featuredmedia":[{"embeddable":true,"href":"https:\/\/www.europesays.com\/fi\/wp-json\/wp\/v2\/media\/330577"}],"wp:attachment":[{"href":"https:\/\/www.europesays.com\/fi\/wp-json\/wp\/v2\/media?parent=330576"}],"wp:term":[{"taxonomy":"category","embeddable":true,"href":"https:\/\/www.europesays.com\/fi\/wp-json\/wp\/v2\/categories?post=330576"},{"taxonomy":"post_tag","embeddable":true,"href":"https:\/\/www.europesays.com\/fi\/wp-json\/wp\/v2\/tags?post=330576"}],"curies":[{"name":"wp","href":"https:\/\/api.w.org\/{rel}","templated":true}]}}