{"id":33061,"date":"2025-09-12T17:19:08","date_gmt":"2025-09-12T17:19:08","guid":{"rendered":"https:\/\/www.europesays.com\/fi\/33061\/"},"modified":"2025-09-12T17:19:08","modified_gmt":"2025-09-12T17:19:08","slug":"yle-tavoitti-vainajien-pakastamisesta-epaillyn-miehen-on-toimittu-hyvalla-tahdolla-varsinais-suomi","status":"publish","type":"post","link":"https:\/\/www.europesays.com\/fi\/33061\/","title":{"rendered":"Yle tavoitti vainajien pakastamisesta ep\u00e4illyn miehen: \u201dOn toimittu hyv\u00e4ll\u00e4 tahdolla\u201d | Varsinais-Suomi"},"content":{"rendered":"<p class=\"aw-1gybjub aw-5vja16 cmIuaG zKETg yle__article__paragraph\">Turkulaisen varaston pakastimesta l\u00f6ytyi kaksi ruumista, jotka olivat olleet siell\u00e4 30 vuotta. <\/p>\n<p><img decoding=\"async\" alt=\"Puskia kadun varrella.\" src=\"https:\/\/www.europesays.com\/fi\/wp-content\/uploads\/2025\/09\/39-152115568c2c9599cf54.jpeg\" class=\"aw-1l9m598 hKVVvP\"\/><\/p>\n<p>Avaa kuvien katselu<\/p>\n<p>Poliisin mukaan ruumiit olivat pakastettuina kolmekymment\u00e4 vuotta eli vuodesta 1995 l\u00e4htien. Yle vieraili torstaina talolla, jossa vainajat asuivat. Kuva: Kimmo Gustafsson \/ Yle<\/p>\n<ul aria-label=\"Tekij\u00e4t\" class=\"aw-yk1ri1 iKZwOd\">\n<li class=\"aw-x5rn7a lclKEC\">Tarja Hiltunen, <\/li>\n<li class=\"aw-x5rn7a lclKEC\">Anniina Luotonen<\/li>\n<\/ul>\n<p>18:23\u2022P\u00e4ivitetty 18:50<\/p>\n<p class=\"aw-1gybjub aw-1p7kakr cmIuaG fmSRng yle__article__paragraph\">Hautarauhan rikkomisesta ep\u00e4ilty mies oli lyhytsanainen, kun Yle soitti h\u00e4nelle perjantaina iltap\u00e4iv\u00e4ll\u00e4.<\/p>\n<p class=\"aw-1gybjub aw-1p7kakr cmIuaG fmSRng yle__article__paragraph\">Lounais-Suomen poliisi kertoi torstaina <a class=\"aw-iao6s4 iHOxEa yle__article__link\" href=\"https:\/\/yle.fi\/a\/74-20182285\" role=\"link\" rel=\"nofollow noopener\" target=\"_blank\">turkulaisen omakotitalon piharakennuksesta l\u00f6ytyneist\u00e4 kahdesta vainajasta<\/a>, jotka olivat olleet pakastimessa 30 vuotta. Vuonna 1945 syntynytt\u00e4 l\u00e4\u00e4k\u00e4ri\u00e4 ep\u00e4ill\u00e4\u00e4n kahdesta hautarauhan rikkomisesta. Pakastetut vainajat olivat l\u00e4\u00e4k\u00e4rin vanhemmat.<\/p>\n<p class=\"aw-1gybjub aw-1p7kakr cmIuaG fmSRng yle__article__paragraph\">Mies sanoo aikovansa antaa \u201dpienen tiedonannon\u201d, jossa saadaan h\u00e4nen mukaansa kysymyksi\u00e4 oikaistua. H\u00e4n sanoo aikovansa hoitaa asiat Suomen lain mukaisesti.<\/p>\n<p class=\"aw-1gybjub aw-1p7kakr cmIuaG fmSRng yle__article__paragraph\">\u2013 En voi todellakaan muuta sanoa kuin ett\u00e4 on toimittu hyv\u00e4ll\u00e4 tahdolla ja sen mukaan mit\u00e4 vanhemmat ovat pyyt\u00e4neet.<\/p>\n<p class=\"aw-1gybjub aw-1p7kakr cmIuaG fmSRng yle__article__paragraph\">Yle ei onnistunut kysym\u00e4\u00e4n, mist\u00e4 mies tiesi vanhempiensa mahdollisen tahdon ja pystyisik\u00f6 h\u00e4n asiaa todentamaan.<\/p>\n<p class=\"aw-1gybjub aw-1p7kakr cmIuaG fmSRng yle__article__paragraph\">Yle ei julkaise miehen nime\u00e4, koska h\u00e4n on vasta ep\u00e4iltyn\u00e4 rikoksesta. Hautarauhan rikkomisesta voi saada sakkoa tai enint\u00e4\u00e4n vuoden vankeutta.<\/p>\n<p class=\"aw-1gybjub aw-1p7kakr cmIuaG fmSRng yle__article__paragraph\">80-vuotias mies kommentoi asiaa my\u00f6s ainakin <a class=\"aw-iao6s4 iHOxEa yle__article__link\" href=\"https:\/\/www.hs.fi\/suomi\/art-2000011489669.html\" role=\"link\" rel=\"nofollow noopener\" target=\"_blank\">Helsingin Sanomille<\/a> perjantaina.<\/p>\n<p class=\"aw-1gybjub aw-1p7kakr cmIuaG fmSRng yle__article__paragraph\">Korjattu 12.9. kello 18.49: Poistettu maininta siit\u00e4, ett\u00e4 mies olisi aikomassa saapua Suomeen.<\/p>\n","protected":false},"excerpt":{"rendered":"Turkulaisen varaston pakastimesta l\u00f6ytyi kaksi ruumista, jotka olivat olleet siell\u00e4 30 vuotta. Avaa kuvien katselu Poliisin mukaan ruumiit&hellip;\n","protected":false},"author":2,"featured_media":33062,"comment_status":"","ping_status":"","sticky":false,"template":"","format":"standard","meta":{"footnotes":""},"categories":[5],"tags":[8741,22,23,26,27,33,31,30,17,71,24,25,28,29,15,18,21,1263,32,19,20,662,16,663],"class_list":{"0":"post-33061","1":"post","2":"type-post","3":"status-publish","4":"format-standard","5":"has-post-thumbnail","7":"category-otsikot","8":"tag-ahvenanmaa","9":"tag-breaking-news","10":"tag-breakingnews","11":"tag-featured-news","12":"tag-featurednews","13":"tag-fi","14":"tag-finland","15":"tag-finnish","16":"tag-headlines","17":"tag-kotimaa","18":"tag-latest-news","19":"tag-latestnews","20":"tag-main-news","21":"tag-mainnews","22":"tag-news","23":"tag-otsikot","24":"tag-paauutiset","25":"tag-rikosepailyt","26":"tag-suomi","27":"tag-top-stories","28":"tag-topstories","29":"tag-turku","30":"tag-uutiset","31":"tag-varsinais-suomi"},"share_on_mastodon":{"url":"","error":""},"_links":{"self":[{"href":"https:\/\/www.europesays.com\/fi\/wp-json\/wp\/v2\/posts\/33061","targetHints":{"allow":["GET"]}}],"collection":[{"href":"https:\/\/www.europesays.com\/fi\/wp-json\/wp\/v2\/posts"}],"about":[{"href":"https:\/\/www.europesays.com\/fi\/wp-json\/wp\/v2\/types\/post"}],"author":[{"embeddable":true,"href":"https:\/\/www.europesays.com\/fi\/wp-json\/wp\/v2\/users\/2"}],"replies":[{"embeddable":true,"href":"https:\/\/www.europesays.com\/fi\/wp-json\/wp\/v2\/comments?post=33061"}],"version-history":[{"count":0,"href":"https:\/\/www.europesays.com\/fi\/wp-json\/wp\/v2\/posts\/33061\/revisions"}],"wp:featuredmedia":[{"embeddable":true,"href":"https:\/\/www.europesays.com\/fi\/wp-json\/wp\/v2\/media\/33062"}],"wp:attachment":[{"href":"https:\/\/www.europesays.com\/fi\/wp-json\/wp\/v2\/media?parent=33061"}],"wp:term":[{"taxonomy":"category","embeddable":true,"href":"https:\/\/www.europesays.com\/fi\/wp-json\/wp\/v2\/categories?post=33061"},{"taxonomy":"post_tag","embeddable":true,"href":"https:\/\/www.europesays.com\/fi\/wp-json\/wp\/v2\/tags?post=33061"}],"curies":[{"name":"wp","href":"https:\/\/api.w.org\/{rel}","templated":true}]}}