{"id":330712,"date":"2026-08-22T07:46:10","date_gmt":"2026-08-22T07:46:10","guid":{"rendered":"https:\/\/www.europesays.com\/fi\/330712\/"},"modified":"2026-08-22T07:46:10","modified_gmt":"2026-08-22T07:46:10","slug":"nakokulma-panda-suklaata-tehdaan-jatkossa-1000-euron-kuukausipalkalla-iltalehti","status":"publish","type":"post","link":"https:\/\/www.europesays.com\/fi\/330712\/","title":{"rendered":"N\u00e4k\u00f6kulma: Panda-suklaata tehd\u00e4\u00e4n jatkossa 1000 euron kuukausipalkalla &#8211; Iltalehti"},"content":{"rendered":"<ol>\n<li><a href=\"https:\/\/news.google.com\/rss\/articles\/CBMifEFVX3lxTE5yWi1KT2Q3M0ZZNW9PQkR1TG5VVjdOakpqZjVYU05kWFRsVHZGeXYxSWp0VmVUNkNqT2dja3BubkVBV3VGWjNOd19TdnFiam1wdGd2cU9XcWdmN1U2RGNBcUhaS254cDgtNFpmeldibE1KLUkwQk5BYnJTcWs?oc=5\" target=\"_blank\" rel=\"nofollow noopener\">N\u00e4k\u00f6kulma: Panda-suklaata tehd\u00e4\u00e4n jatkossa 1000 euron kuukausipalkalla<\/a>&nbsp;&nbsp;Iltalehti<\/li>\n<li><a href=\"https:\/\/news.google.com\/rss\/articles\/CBMiUEFVX3lxTE5PbENqa1V0QnhMQXBibzQxQm1Ed0V6MDB2NS04dnNvT3pSV1VUVXFWa01sQTkxX2V2SUlpSGlHbmthcUpVLW9hMzJoWXctREp4?oc=5\" target=\"_blank\" rel=\"nofollow noopener\">Valtio seuraa Pandaa, eik\u00e4 sulje tukitoimia pois \u2013 elinvoimakeskuksesta kuvaillaan tilannetta poikkeukselliseksi<\/a>&nbsp;&nbsp;Keskisuomalainen<\/li>\n<li><a href=\"https:\/\/news.google.com\/rss\/articles\/CBMiiAFBVV95cUxNVTJCTFVJcU1oaUNCQ05aRWZ0S1FrWkpTdjAwUW9FbS1ZNWhkeEJKdHFLdWF3ZVRNTmxnVF85cEFSZ2tSa2p1VU44SUpUOFkyd0tPdThrVTRleTMxNmJoeVJvdmlZTWpkM25pMERvNDZ0TktkdG9rLUhVaUxRNmxTZy1fYWMyVEQ0?oc=5\" target=\"_blank\" rel=\"nofollow noopener\">KSML: Pandan suklaiden valmistus siirret\u00e4\u00e4n Suomesta Viroon<\/a>&nbsp;&nbsp;Kaleva<\/li>\n<li><a href=\"https:\/\/news.google.com\/rss\/articles\/CBMiT0FVX3lxTE95SWZPanp4bFRRZGxMdExha2E0SGoza1VnVFMyVFdRcGVUTEhKbFIxRURtalRZdFhWVjdWaDJuR1c4RUJNVmhSOXhJeWdDaDQ?oc=5\" target=\"_blank\" rel=\"nofollow noopener\">Pandan suklaasiirron my\u00f6t\u00e4 kotimainen tuotanto tukeutuu enemm\u00e4n Fazeriin ja Lahden investointiin, arvioi asiantuntija<\/a>&nbsp;&nbsp;Etel\u00e4-Suomen Sanomat<\/li>\n<li><a href=\"https:\/\/news.google.com\/rss\/articles\/CBMiW0FVX3lxTE9iLS1aNWkxWFdxdzhSZWZFZ294ZWZmekVPR283T2s3Y3F1Tkd3Ynd3R284cFBqUURzNHI4cXBPck0yV1Y4WWVDUjV5YXdvX29tVXFzQTl0REpCcm8?oc=5\" target=\"_blank\" rel=\"nofollow noopener\">HS Jyv\u00e4skyl\u00e4ss\u00e4 | Pandan tehtaalla ollaan j\u00e4rkytyksest\u00e4 itkuisia, kun suklaatuotanto siirtyy Viroon<\/a>&nbsp;&nbsp;HS.fi<\/li>\n<\/ol>\n","protected":false},"excerpt":{"rendered":"N\u00e4k\u00f6kulma: Panda-suklaata tehd\u00e4\u00e4n jatkossa 1000 euron kuukausipalkalla&nbsp;&nbsp;Iltalehti Valtio seuraa Pandaa, eik\u00e4 sulje tukitoimia pois \u2013 elinvoimakeskuksesta kuvaillaan tilannetta&hellip;\n","protected":false},"author":2,"featured_media":330713,"comment_status":"","ping_status":"","sticky":false,"template":"","format":"standard","meta":{"footnotes":"","_share_on_mastodon":"0"},"categories":[76],"tags":[35,4362,4565,79,77,2659,33,31,30,900,2331,32,78],"class_list":["post-330712","post","type-post","status-publish","format-standard","has-post-thumbnail","category-talous","tag-24h","tag-baltia","tag-baltian-maat","tag-business","tag-economy","tag-elintarviketeollisuus-elintarvikkeiden-ja-juomien-valmistus","tag-fi","tag-finland","tag-finnish","tag-ruoka","tag-ruoka-ja-juoma","tag-suomi","tag-talous"],"share_on_mastodon":{"url":"https:\/\/pubeurope.com\/@fi\/117138055994521762","error":""},"_links":{"self":[{"href":"https:\/\/www.europesays.com\/fi\/wp-json\/wp\/v2\/posts\/330712","targetHints":{"allow":["GET"]}}],"collection":[{"href":"https:\/\/www.europesays.com\/fi\/wp-json\/wp\/v2\/posts"}],"about":[{"href":"https:\/\/www.europesays.com\/fi\/wp-json\/wp\/v2\/types\/post"}],"author":[{"embeddable":true,"href":"https:\/\/www.europesays.com\/fi\/wp-json\/wp\/v2\/users\/2"}],"replies":[{"embeddable":true,"href":"https:\/\/www.europesays.com\/fi\/wp-json\/wp\/v2\/comments?post=330712"}],"version-history":[{"count":0,"href":"https:\/\/www.europesays.com\/fi\/wp-json\/wp\/v2\/posts\/330712\/revisions"}],"wp:featuredmedia":[{"embeddable":true,"href":"https:\/\/www.europesays.com\/fi\/wp-json\/wp\/v2\/media\/330713"}],"wp:attachment":[{"href":"https:\/\/www.europesays.com\/fi\/wp-json\/wp\/v2\/media?parent=330712"}],"wp:term":[{"taxonomy":"category","embeddable":true,"href":"https:\/\/www.europesays.com\/fi\/wp-json\/wp\/v2\/categories?post=330712"},{"taxonomy":"post_tag","embeddable":true,"href":"https:\/\/www.europesays.com\/fi\/wp-json\/wp\/v2\/tags?post=330712"}],"curies":[{"name":"wp","href":"https:\/\/api.w.org\/{rel}","templated":true}]}}