{"id":330744,"date":"2026-08-22T08:53:14","date_gmt":"2026-08-22T08:53:14","guid":{"rendered":"https:\/\/www.europesays.com\/fi\/330744\/"},"modified":"2026-08-22T08:53:14","modified_gmt":"2026-08-22T08:53:14","slug":"pertti-sveholm-72-toive-lasten-suhteen","status":"publish","type":"post","link":"https:\/\/www.europesays.com\/fi\/330744\/","title":{"rendered":"Pertti Sveholm, 72: Toive lasten suhteen"},"content":{"rendered":"<p>            Timo Korhonen\n        <\/p>\n<p class=\"subtitle \">Pertill\u00e4 on kolme jo aikuista lasta.<\/p>\n<p class=\"article-content article-content-width !bg-background\">Konkarin\u00e4yttelij\u00e4  on onnellisessa asemassa: h\u00e4nell\u00e4 on pitk\u00e4, yh\u00e4 porskuttava ura sek\u00e4 perhe, jonka kanssa jakaa el\u00e4m\u00e4n ilot ja surut.\u00a0<\/p>\n<p class=\"font-weight-bold m-font-weight-bold article-content article-content-width !bg-background\">Katso video! N\u00e4m\u00e4 julkkikset ovat kuin ilmetyt vanhempansa:<\/p>\n<p class=\"article-content article-content-width !bg-background\">Joulukuussa 73 vuotta t\u00e4ytt\u00e4v\u00e4ll\u00e4 Pertill\u00e4 on kolme aikuista lasta. Esikoistyt\u00e4r  syntyi Pertin ollessa 24-vuotias opiskelija.\u00a0Vuonna 2007 p\u00e4\u00e4ttyneest\u00e4 liitosta n\u00e4yttelij\u00e4  kanssa syntyiv\u00e4t lapset 35, ja \u00a032.<\/p>\n<p>Esikoinen ty\u00f6toverina<\/p>\n<p class=\"article-content article-content-width !bg-background\">Lapset tuppaavat usein seuraamaan vanhempiensa jalanj\u00e4lki\u00e4. Niin on k\u00e4ynyt my\u00f6s Pertille: jokainen kolmesta lapsesta ty\u00f6skentelee teatterialalla.\u00a0<\/p>\n<p>        <a itemprop=\"url\" href=\"https:\/\/www.seiska.fi\/kotimaa\/harvinainen-kuva-tassa-on-sari-havaksen-ja-pertti-sveholmin-poika\/2207376\" rel=\"nofollow noopener\" target=\"_blank\"><\/p>\n<p>\nT\u00e4ss\u00e4 on Sari Havaksen poika\n<\/p>\n<p class=\"section-date\">\n        <strong class=\"article-section\" data-section=\"kotimaa\"><br \/>\n            kotimaa<br \/>\n        <\/strong><br \/>\n        14.7. 19:00\n    <\/p>\n<p>Harvinainen kuva! T\u00e4ss\u00e4 on Sari Havaksen ja Pertti Sveholmin poika\n    <\/p>\n<p itemprop=\"description\" class=\"subtitle \">\n    N\u00e4yttelij\u00e4n geenit ovat periytyneet my\u00f6s Akseli-pojalle.\n<\/p>\n<p>        <\/a><\/p>\n<p>                <img decoding=\"async\" src=\"https:\/\/www.europesays.com\/fi\/wp-content\/uploads\/2026\/08\/2232833.webp\" width=\"576\" height=\"720\" alt=\"Pertti n\u00e4yttelee K. J. St\u00e5hlbergia syykuussa teattereihin saapuvassa Presidentin kyyditys -elokuvassa. H\u00e4n kertoi Seiskalle kuulumisiaan leffan pressitilaisuudessa elokuussa.\" loading=\"lazy\" \/>            <\/p>\n<p>\n            Pertti n\u00e4yttelee K. J. St\u00e5hlbergia syykuussa teattereihin saapuvassa Presidentin kyyditys -elokuvassa. H\u00e4n kertoi Seiskalle kuulumisiaan leffan pressitilaisuudessa elokuussa.<br \/>\n            Timo Korhonen\n        <\/p>\n<p class=\"article-content article-content-width !bg-background\">K\u00e4sikirjoittajana ja n\u00e4yttelij\u00e4n\u00e4 ty\u00f6skentelev\u00e4 Pihla on n\u00e4hty muun muassa Putouksessa. H\u00e4nen kanssaan Pertti on p\u00e4\u00e4ssyt tekem\u00e4\u00e4n yhteisty\u00f6t\u00e4.\u00a0<\/p>\n<p class=\"article-content article-content-width !bg-background\">\u2013 Olemme olleet useammassakin jutussa yhdess\u00e4 mukana, Pertti kertoo.\u00a0<\/p>\n<p class=\"article-content article-content-width !bg-background\">\u2013 Teen todella mielell\u00e4ni t\u00f6it\u00e4 lasteni kanssa.\u00a0<\/p>\n<p>        <a itemprop=\"url\" href=\"https:\/\/www.seiska.fi\/katso\/tiesitko-nama-tvsta-ja-elokuvista-tutut-tahdet-ovat-sukua\/2016901\" rel=\"nofollow noopener\" target=\"_blank\"><\/p>\n<p>\nTiesitk\u00f6?\n<\/p>\n<p class=\"section-date\">\n        <strong class=\"article-section\" data-section=\"katso\"><br \/>\n            katso<br \/>\n        <\/strong><br \/>\n        26.12.2025 07:15\n    <\/p>\n<p>Tiesitk\u00f6? N\u00e4m\u00e4 tv:st\u00e4 ja elokuvista tutut t\u00e4hdet ovat sukua\n    <\/p>\n<p itemprop=\"description\" class=\"subtitle \">\n    Tiesitk\u00f6, ett\u00e4 Mikko Leppilammella on kytk\u00f6ksi\u00e4 Kummeliin tai mik\u00e4 sukulaisyhteys Esko Roineella on Kari V\u00e4\u00e4n\u00e4seen?\n<\/p>\n<p>        <\/a><\/p>\n<p>                <img decoding=\"async\" src=\"https:\/\/www.europesays.com\/fi\/wp-content\/uploads\/2026\/08\/2232835.webp\" width=\"576\" height=\"322\" alt=\"Pihla vietti lapsuutensa asuen vuoroin is\u00e4ll\u00e4\u00e4n, vuoroin \u00e4itins\u00e4 kanssa. Arkistokuva 2023.\" loading=\"lazy\" \/>            <\/p>\n<p>\n            Pihla vietti lapsuutensa asuen vuoroin is\u00e4ll\u00e4\u00e4n, vuoroin \u00e4itins\u00e4 kanssa. Arkistokuva 2023.<br \/>\n            Matti Matikainen\n        <\/p>\n<p>Is\u00e4n unelma<\/p>\n<p class=\"article-content article-content-width !bg-background\">Pertti harmittelee, ett\u00e4 Astan kanssa h\u00e4n ei ole viel\u00e4 ehtinyt yhteisen sorvin \u00e4\u00e4reen. Tilanne saattaa olla kuitenkin muuttumassa.\u00a0<\/p>\n<p class=\"article-content article-content-width !bg-background\">\u2013 Jotain on ilmassa, mutta katsotaan, toteutuuko se koskaan, Pertti vihjaa salaper\u00e4isesti.\u00a0<\/p>\n<p>        <a itemprop=\"url\" href=\"https:\/\/www.seiska.fi\/kotimaa\/nayttelija-asta-sveholmin-tunnettu-pertti-isa-tarayttaa-tyttarensa-uravalinnasta-asta-valitsi-nyt-vaarin\/1774498\" rel=\"nofollow noopener\" target=\"_blank\"><\/p>\n<p class=\"section-date\">\n        <strong class=\"article-section\" data-section=\"kotimaa\"><br \/>\n            kotimaa<br \/>\n        <\/strong><br \/>\n        5.9.2020 11:03\n    <\/p>\n<p>N\u00e4yttelij\u00e4 Asta Sveholmin tunnettu Pertti-is\u00e4 t\u00e4r\u00e4ytt\u00e4\u00e4 tytt\u00e4rens\u00e4 uravalinnasta: Asta valitsi nyt v\u00e4\u00e4rin!\n    <\/p>\n<p>        <\/a><\/p>\n<p>                <img decoding=\"async\" src=\"https:\/\/www.europesays.com\/fi\/wp-content\/uploads\/2026\/08\/2232838.webp\" width=\"576\" height=\"720\" alt=\"Pertti saapui tytt\u00e4rens\u00e4 Astan kanssa t\u00e4m\u00e4n t\u00e4hditt\u00e4m\u00e4n Syksyn j\u00e4lkeen saapuu kev\u00e4t -elokuvan punaiselle matolle 2020.\" loading=\"lazy\" \/>            <\/p>\n<p>\n            Pertti saapui tytt\u00e4rens\u00e4 Astan kanssa t\u00e4m\u00e4n t\u00e4hditt\u00e4m\u00e4n Syksyn j\u00e4lkeen saapuu kev\u00e4t -elokuvan punaiselle matolle 2020.<br \/>\n            Pasi Murto\n        <\/p>\n<p class=\"article-content article-content-width !bg-background\">Monissa perheiss\u00e4 kamppaillaan sen kanssa, ett\u00e4 aikuiset lapset saataisiin yhteisen aterian \u00e4\u00e4reen, ty\u00f6p\u00f6yd\u00e4st\u00e4 puhumattakaan. Pertti haaveilee, ett\u00e4 jonain p\u00e4iv\u00e4n\u00e4 h\u00e4n ja kaikki h\u00e4nen lapsensa voisivat ahkeroida saman projektin \u00e4\u00e4ress\u00e4.<\/p>\n<p class=\"article-content article-content-width !bg-background\">\u2013 Se olisi varmaan todella kivaa, h\u00e4n pohtii ajatuksesta selv\u00e4sti hieman innostuen.<\/p>\n<p class=\"article-content article-content-width !bg-background\">\u2013 Kaikki kolme yhdess\u00e4, se olisi ihan super!\u00a0<\/p>\n","protected":false},"excerpt":{"rendered":"Timo Korhonen Pertill\u00e4 on kolme jo aikuista lasta. Konkarin\u00e4yttelij\u00e4 on onnellisessa asemassa: h\u00e4nell\u00e4 on pitk\u00e4, yh\u00e4 porskuttava ura&hellip;\n","protected":false},"author":2,"featured_media":330745,"comment_status":"","ping_status":"","sticky":false,"template":"","format":"standard","meta":{"footnotes":"","_share_on_mastodon":"0"},"categories":[136],"tags":[39365,40618,407,137,33,31,30,408,99,98,12751,36033,18024,32,3336,939,109],"class_list":["post-330744","post","type-post","status-publish","format-standard","has-post-thumbnail","category-julkkikset","tag-akseli-sveholm","tag-asta-sveholm","tag-celebrities","tag-entertainment","tag-fi","tag-finland","tag-finnish","tag-julkkikset","tag-lapset","tag-perhe","tag-pertti-sveholm","tag-pihla-penttinen","tag-sari-havas","tag-suomi","tag-teatteri","tag-tyo","tag-viihde"],"share_on_mastodon":{"url":"https:\/\/pubeurope.com\/@fi\/117138319989111003","error":""},"_links":{"self":[{"href":"https:\/\/www.europesays.com\/fi\/wp-json\/wp\/v2\/posts\/330744","targetHints":{"allow":["GET"]}}],"collection":[{"href":"https:\/\/www.europesays.com\/fi\/wp-json\/wp\/v2\/posts"}],"about":[{"href":"https:\/\/www.europesays.com\/fi\/wp-json\/wp\/v2\/types\/post"}],"author":[{"embeddable":true,"href":"https:\/\/www.europesays.com\/fi\/wp-json\/wp\/v2\/users\/2"}],"replies":[{"embeddable":true,"href":"https:\/\/www.europesays.com\/fi\/wp-json\/wp\/v2\/comments?post=330744"}],"version-history":[{"count":0,"href":"https:\/\/www.europesays.com\/fi\/wp-json\/wp\/v2\/posts\/330744\/revisions"}],"wp:featuredmedia":[{"embeddable":true,"href":"https:\/\/www.europesays.com\/fi\/wp-json\/wp\/v2\/media\/330745"}],"wp:attachment":[{"href":"https:\/\/www.europesays.com\/fi\/wp-json\/wp\/v2\/media?parent=330744"}],"wp:term":[{"taxonomy":"category","embeddable":true,"href":"https:\/\/www.europesays.com\/fi\/wp-json\/wp\/v2\/categories?post=330744"},{"taxonomy":"post_tag","embeddable":true,"href":"https:\/\/www.europesays.com\/fi\/wp-json\/wp\/v2\/tags?post=330744"}],"curies":[{"name":"wp","href":"https:\/\/api.w.org\/{rel}","templated":true}]}}