{"id":330827,"date":"2026-08-22T11:15:12","date_gmt":"2026-08-22T11:15:12","guid":{"rendered":"https:\/\/www.europesays.com\/fi\/330827\/"},"modified":"2026-08-22T11:15:12","modified_gmt":"2026-08-22T11:15:12","slug":"isa-jatti-7-vuotiaan-poikansa-yksin-useiksi-tunneiksi-yli-kahden-kilometrin-korkeuteen-uutissuomalainen","status":"publish","type":"post","link":"https:\/\/www.europesays.com\/fi\/330827\/","title":{"rendered":"Is\u00e4 j\u00e4tti 7-vuotiaan poikansa yksin useiksi tunneiksi yli kahden kilometrin korkeuteen | Uutissuomalainen"},"content":{"rendered":"<p>Is\u00e4 j\u00e4tti 7-vuotiaan poikansa yksin Japanin korkeimmalle vuorelle useiksi tunneiksi, <a href=\"https:\/\/www.bbc.com\/news\/articles\/c93403wg288o\" rel=\"nofollow noopener\" target=\"_blank\">kertoo<\/a> BBC. Poika n\u00e4htiin yksin istumassa penkill\u00e4 Fuji-tulivuorella yli 2\u2009000 metrin korkeudella sumuisessa ja sateisessa s\u00e4\u00e4ss\u00e4.<\/p>\n<p>Pojan valiteltua v\u00e4symyst\u00e4 48-vuotias is\u00e4 k\u00e4ski pojan odottaa penkill\u00e4. Sitten is\u00e4 ja vanhempi poika jatkoivat vuorelle kiipe\u00e4mist\u00e4.<\/p>\n<p>Vuoristomajan henkil\u00f6kunta l\u00f6ysi lapsen torstaiaamuna vuoren huipulle johtavan vaellusreitin kuudennen pys\u00e4kin l\u00e4helt\u00e4, ja ilmoitti asiasta poliisille. Is\u00e4 l\u00f6ydettiin reitin kahdeksannelta pys\u00e4kilt\u00e4, jonka kerrotaan sijaitsevan noin kolmen tunnin k\u00e4velymatkan p\u00e4\u00e4ss\u00e4.<\/p>\n<p>Poliisin kerrotaan nuhdelleen is\u00e4\u00e4, kun h\u00e4n palasi takaisin poikansa luo.<\/p>\n<p>Perheen kerrotaan olleen Fujinomiya-reitill\u00e4, joka alkaa vuoren viidennelt\u00e4 asemalta. K\u00e4velymatkan huipulle kerrotaan kest\u00e4v\u00e4n noin viisi tuntia, ja alas laskeutumisen kolme tuntia.<\/p>\n<p>Fuji-vuori on 3\u2009776 metri\u00e4 korkea aktiivinen tulivuori Japanin p\u00e4\u00e4kaupungin Tokion lounaispuolella. Suositulla matkailukohteella k\u00e4y noin 200\u2009000 ihmist\u00e4 vuosittain.<\/p>\n","protected":false},"excerpt":{"rendered":"Is\u00e4 j\u00e4tti 7-vuotiaan poikansa yksin Japanin korkeimmalle vuorelle useiksi tunneiksi, kertoo BBC. Poika n\u00e4htiin yksin istumassa penkill\u00e4 Fuji-tulivuorella&hellip;\n","protected":false},"author":2,"featured_media":330828,"comment_status":"","ping_status":"","sticky":false,"template":"","format":"standard","meta":{"footnotes":"","_share_on_mastodon":"0"},"categories":[14],"tags":[2326,22,23,26,27,33,31,30,17,101,99,100,24,25,28,29,15,18,21,98,103,32,2676,19,20,56,16,59,60,61],"class_list":["post-330827","post","type-post","status-publish","format-standard","has-post-thumbnail","category-ulkomaat","tag-bbc","tag-breaking-news","tag-breakingnews","tag-featured-news","tag-featurednews","tag-fi","tag-finland","tag-finnish","tag-headlines","tag-ihmissuhteet","tag-lapset","tag-lapset-ja-nuoret","tag-latest-news","tag-latestnews","tag-main-news","tag-mainnews","tag-news","tag-otsikot","tag-paauutiset","tag-perhe","tag-sosiaalikysymykset","tag-suomi","tag-tokio","tag-top-stories","tag-topstories","tag-ulkomaat","tag-uutiset","tag-world","tag-world-news","tag-worldnews"],"share_on_mastodon":{"url":"https:\/\/pubeurope.com\/@fi\/117138877449048722","error":""},"_links":{"self":[{"href":"https:\/\/www.europesays.com\/fi\/wp-json\/wp\/v2\/posts\/330827","targetHints":{"allow":["GET"]}}],"collection":[{"href":"https:\/\/www.europesays.com\/fi\/wp-json\/wp\/v2\/posts"}],"about":[{"href":"https:\/\/www.europesays.com\/fi\/wp-json\/wp\/v2\/types\/post"}],"author":[{"embeddable":true,"href":"https:\/\/www.europesays.com\/fi\/wp-json\/wp\/v2\/users\/2"}],"replies":[{"embeddable":true,"href":"https:\/\/www.europesays.com\/fi\/wp-json\/wp\/v2\/comments?post=330827"}],"version-history":[{"count":0,"href":"https:\/\/www.europesays.com\/fi\/wp-json\/wp\/v2\/posts\/330827\/revisions"}],"wp:featuredmedia":[{"embeddable":true,"href":"https:\/\/www.europesays.com\/fi\/wp-json\/wp\/v2\/media\/330828"}],"wp:attachment":[{"href":"https:\/\/www.europesays.com\/fi\/wp-json\/wp\/v2\/media?parent=330827"}],"wp:term":[{"taxonomy":"category","embeddable":true,"href":"https:\/\/www.europesays.com\/fi\/wp-json\/wp\/v2\/categories?post=330827"},{"taxonomy":"post_tag","embeddable":true,"href":"https:\/\/www.europesays.com\/fi\/wp-json\/wp\/v2\/tags?post=330827"}],"curies":[{"name":"wp","href":"https:\/\/api.w.org\/{rel}","templated":true}]}}