{"id":330999,"date":"2026-08-22T16:16:25","date_gmt":"2026-08-22T16:16:25","guid":{"rendered":"https:\/\/www.europesays.com\/fi\/330999\/"},"modified":"2026-08-22T16:16:25","modified_gmt":"2026-08-22T16:16:25","slug":"valmistele-kaikki-tarvittava-henkilosto-laitteet-ja-materiaalit-mobilisointiin-ja-tehtavan-suorittamiseen","status":"publish","type":"post","link":"https:\/\/www.europesays.com\/fi\/330999\/","title":{"rendered":"Valmistele kaikki tarvittava henkil\u00f6st\u00f6, laitteet ja materiaalit mobilisointiin ja teht\u00e4v\u00e4n suorittamiseen."},"content":{"rendered":"<p><img loading=\"lazy\" decoding=\"async\" style=\"cursor:pointer\" aria-describedby=\"caption-attachment-114045\" alt=\"\" class=\"size-full wp-image-114045\" height=\"500\" src=\"https:\/\/www.europesays.com\/fi\/wp-content\/uploads\/2026\/08\/1787309809096_2847.jpeg\" width=\"750\"  \/><\/p>\n<p id=\"caption-attachment-114045\" class=\"wp-caption-text\"> Kenraali Do Xuan Tung ilmoitti aikomuksestaan \u200b\u200btarkastaa prikaati 168:n taisteluvalmius.<\/p>\n<p style=\"text-align: justify;\"> Tarkastuksessa paljastui, ett\u00e4 prikaati 168 oli toteuttanut perusteellisesti kaikki ylempien viranomaisten antamat johdon, ohjeet ja m\u00e4\u00e4r\u00e4ykset taisteluvalmiudesta elokuun vallankumouksen 81. vuosip\u00e4iv\u00e4\u00e4 ja kansallisp\u00e4iv\u00e4\u00e4 2. syyskuuta varten. Prikaati oli kehitt\u00e4nyt t\u00e4ydellisen taisteluvalmiusasiakirjojen ja -suunnitelmien j\u00e4rjestelm\u00e4n sotilasalueen esikunnan ohjeiden mukaisesti. Kahdeksan harjoituskertaa pidettiin laadittujen suunnitelmien ja skenaarioiden pohjalta. Tiivis yhteisty\u00f6 poliisivoimien ja paikallisten viranomaisten kanssa prikaatin tukikohta-alueella varmisti yksik\u00f6n turvallisuuden; henkil\u00f6st\u00f6 ja kalusto olivat hyvin valmistautuneita ja valmiita k\u00e4sittelem\u00e4\u00e4n mit\u00e4 tahansa tilannetta k\u00e4skyst\u00e4. Henkil\u00f6st\u00f6m\u00e4\u00e4ri\u00e4 tarkistettiin ja mukautettiin kaikkien taisteluvalmiussuunnitelmien tehokkuuden varmistamiseksi. Tiukkaa kuria ja j\u00e4rjestyst\u00e4 yll\u00e4pidettiin, ja henkil\u00f6st\u00f6nhallintaa ja kurinpitoa koskevia toimenpiteit\u00e4 vahvistettiin. Prikaati kehitti ja pani kokonaisuudessaan t\u00e4yt\u00e4nt\u00f6\u00f6n suunnitelmat joukkojen sijoittamiselle, vartioinnille, partioinnille ja <a class=\"data-link\" data-org-href=\"https:\/\/www.vietnam.vn\/fi\/category\/quan-su\" href=\"https:\/\/www.vietnam.vn\/fi\/category\/quan-su\" title=\"sotilaallinen\" target=\"_blank\" rel=\"nofollow noopener\">sotilasvalvonnalle<\/a> lomakauden aikana. Kehitti kattavat suunnitelmat poliittiselle ja ideologiselle ty\u00f6lle taisteluvalmiusteht\u00e4viss\u00e4 ja varmisti riitt\u00e4v\u00e4t materiaali-, logistiikka- ja teknisten tarvikkeiden varastot m\u00e4\u00e4r\u00e4ysten mukaisesti. <\/p>\n<p style=\"text-align: justify;\"><img decoding=\"async\" style=\"cursor:pointer\" loading=\"lazy\" alt=\"\" class=\"aligncenter size-full wp-image-114041\" height=\"500\" src=\"https:\/\/www.europesays.com\/fi\/wp-content\/uploads\/2026\/08\/1787309807035_2845.jpeg\" width=\"750\"  \/><img decoding=\"async\" style=\"cursor:pointer\" loading=\"lazy\" alt=\"\" class=\"aligncenter size-full wp-image-114040\" height=\"500\" src=\"https:\/\/www.europesays.com\/fi\/wp-content\/uploads\/2026\/08\/1787309810566_2844.jpeg\" width=\"750\"  \/><img decoding=\"async\" style=\"cursor:pointer\" loading=\"lazy\" alt=\"\" class=\"aligncenter size-full wp-image-114036\" height=\"500\" src=\"https:\/\/www.europesays.com\/fi\/wp-content\/uploads\/2026\/08\/1787309813697_2839.jpeg\" width=\"750\"  \/><img decoding=\"async\" style=\"cursor:pointer\" loading=\"lazy\" alt=\"\" class=\"aligncenter size-full wp-image-114039\" height=\"500\" src=\"https:\/\/www.europesays.com\/fi\/wp-content\/uploads\/2026\/08\/1787309815068_2843.jpeg\" width=\"750\"  \/><img decoding=\"async\" style=\"cursor:pointer\" loading=\"lazy\" alt=\"\" class=\"aligncenter size-full wp-image-114037\" height=\"500\" src=\"https:\/\/www.europesays.com\/fi\/wp-content\/uploads\/2026\/08\/1787309816525_2841.jpeg\" width=\"750\"  \/><\/p>\n<p><img decoding=\"async\" style=\"cursor:pointer\" aria-describedby=\"caption-attachment-114038\" loading=\"lazy\" alt=\"\" class=\"size-full wp-image-114038\" height=\"500\" src=\"https:\/\/www.europesays.com\/fi\/wp-content\/uploads\/2026\/08\/1787309818084_2842.jpeg\" width=\"750\"  \/><\/p>\n<p id=\"caption-attachment-114038\" class=\"wp-caption-text\"> Kenraali Do Xuan Tung ja valtuuskunta tarkastivat 168. prikaatin 2. tykist\u00f6pataljoonan taisteluvalmiussuunnitelman.<\/p>\n<p style=\"text-align: justify;\"> Jotta teht\u00e4v\u00e4t voitaisiin suorittaa onnistuneesti tulevana aikana, ty\u00f6ryhm\u00e4 pyysi puoluekomiteaa ja prikaati 168:n johtoa keskittym\u00e4\u00e4n kaikkien tasojen taisteluvalmiutta koskevien asiakirjojen perusteelliseen ymm\u00e4rt\u00e4miseen, t\u00e4yt\u00e4nt\u00f6\u00f6npanoon ja tarkkaan noudattamiseen elokuun vallankumouksen 81. vuosip\u00e4iv\u00e4n ja syyskuun 2. p\u00e4iv\u00e4n\u00e4 j\u00e4rjestett\u00e4v\u00e4n kansallisp\u00e4iv\u00e4n suojelemiseksi. Yll\u00e4pit\u00e4m\u00e4\u00e4n tiukkaa komentovelvollisuutta, p\u00e4ivystysupseerien ja taisteluvalmiusvelvollisuutta prikaatin esikunnasta joukkuetasoille. Tarkastamaan, tarkistamaan, t\u00e4ydent\u00e4m\u00e4\u00e4n ja mukauttamaan operatiivisia asiakirjoja ja suunnitelmia viipym\u00e4tt\u00e4 uusien ohjeiden mukaisesti teht\u00e4v\u00e4n vaatimuksiin. J\u00e4rjest\u00e4m\u00e4\u00e4n perusteellista taisteluvalmiussuunnitelmien koulutusta, parantamaan liikkuvuutta ja osaamista annettujen teht\u00e4vien vaatimusten t\u00e4ytt\u00e4miseksi. Valmistelemaan riitt\u00e4v\u00e4sti joukkoja, kalustoa ja materiaaleja valmiiksi mobilisointiin ja teht\u00e4vien suorittamiseen tilanteiden ilmetess\u00e4 v\u00e4ltt\u00e4en yll\u00e4tyksi\u00e4. <\/p>\n<p><img decoding=\"async\" style=\"cursor:pointer\" aria-describedby=\"caption-attachment-114044\" loading=\"lazy\" alt=\"\" class=\"size-full wp-image-114044\" height=\"477\" src=\"https:\/\/www.europesays.com\/fi\/wp-content\/uploads\/2026\/08\/1787309820633_2849.jpeg\" width=\"750\"  \/><\/p>\n<p id=\"caption-attachment-114044\" class=\"wp-caption-text\"> Tarkastusryhm\u00e4 tarkasti prikaati 168:n poliittisen ja aatteellisen ty\u00f6kirjanpidon.<\/p>\n<p style=\"text-align: justify;\"> Koordinoida toimia yhteiskunnallista j\u00e4rjestyst\u00e4 ja turvallisuutta varmistavien, rikollisuutta torjuvien ja maanpuolustusteht\u00e4vi\u00e4 t\u00e4ytt\u00e4vien joukkojen kanssa. Keskitty\u00e4 henkil\u00f6st\u00f6n koulutuksen laadun parantamiseen suunnitelman mukaisesti; j\u00e4rjest\u00e4\u00e4 ja osallistua oikeiden ampumaharjoituksiin korkeilla tuloksilla ja ehdottoman turvallisesti. Vahvistaa poliittista koulutusta, hallita tiukasti ideologiaa ja seurata tarkasti alueen poliittisen turvallisuuden ja yhteiskunnallisen j\u00e4rjestyksen tilannetta. Levitt\u00e4\u00e4 aktiivisesti tietoa ja propagandaa, ohjata upseerien ja sotilaiden ajatuksia ja yleist\u00e4 mielipidett\u00e4, edist\u00e4\u00e4 Jouko 47:n toimintaa sek\u00e4 torjua aktiivisesti ja tehokkaasti v\u00e4\u00e4ri\u00e4 ja vihamielisi\u00e4 n\u00e4kemyksi\u00e4 ja haitallista tietoa. Parantaa puolueen ja poliittisen ty\u00f6n tehokkuutta kaikissa teht\u00e4viss\u00e4, luoda vankka muutos s\u00e4\u00e4nn\u00f6llisen joukkojen rakentamisessa, koulutuskurissa ja <a class=\"data-link\" data-org-href=\"https:\/\/www.vietnam.vn\/fi\/tag\/phap-luat\" href=\"https:\/\/www.vietnam.vn\/fi\/tag\/phap-luat\" title=\"laki\" target=\"_blank\" rel=\"nofollow noopener\">lain<\/a> noudattamisessa. Samalla varmistaa riitt\u00e4v\u00e4t materiaaliset, logistiset ja tekniset valmiusvarastot taistelua varten m\u00e4\u00e4r\u00e4ysten mukaisesti.<\/p>\n<p style=\"text-align: justify;\"> <strong>Teksti ja kuvat: VAN DUONG<\/strong><\/p>\n<p class=\"mb-0\"> L\u00e4hde: https:\/\/quankhu2.vn\/chuan-bi-day-du-luc-luong-phuong-tien-vat-chat-san-sang-co-dong-thuc-hien-nhiem-vu\/<\/p>\n","protected":false},"excerpt":{"rendered":"Kenraali Do Xuan Tung ilmoitti aikomuksestaan \u200b\u200btarkastaa prikaati 168:n taisteluvalmius. Tarkastuksessa paljastui, ett\u00e4 prikaati 168 oli toteuttanut perusteellisesti&hellip;\n","protected":false},"author":2,"featured_media":331000,"comment_status":"","ping_status":"","sticky":false,"template":"","format":"standard","meta":{"footnotes":"","_share_on_mastodon":"0"},"categories":[86],"tags":[420,33,31,30,421,32,91,92],"class_list":["post-330999","post","type-post","status-publish","format-standard","has-post-thumbnail","category-laitteet","tag-equipment","tag-fi","tag-finland","tag-finnish","tag-laitteet","tag-suomi","tag-technology","tag-teknologia"],"share_on_mastodon":{"url":"https:\/\/pubeurope.com\/@fi\/117140061330167561","error":""},"_links":{"self":[{"href":"https:\/\/www.europesays.com\/fi\/wp-json\/wp\/v2\/posts\/330999","targetHints":{"allow":["GET"]}}],"collection":[{"href":"https:\/\/www.europesays.com\/fi\/wp-json\/wp\/v2\/posts"}],"about":[{"href":"https:\/\/www.europesays.com\/fi\/wp-json\/wp\/v2\/types\/post"}],"author":[{"embeddable":true,"href":"https:\/\/www.europesays.com\/fi\/wp-json\/wp\/v2\/users\/2"}],"replies":[{"embeddable":true,"href":"https:\/\/www.europesays.com\/fi\/wp-json\/wp\/v2\/comments?post=330999"}],"version-history":[{"count":0,"href":"https:\/\/www.europesays.com\/fi\/wp-json\/wp\/v2\/posts\/330999\/revisions"}],"wp:featuredmedia":[{"embeddable":true,"href":"https:\/\/www.europesays.com\/fi\/wp-json\/wp\/v2\/media\/331000"}],"wp:attachment":[{"href":"https:\/\/www.europesays.com\/fi\/wp-json\/wp\/v2\/media?parent=330999"}],"wp:term":[{"taxonomy":"category","embeddable":true,"href":"https:\/\/www.europesays.com\/fi\/wp-json\/wp\/v2\/categories?post=330999"},{"taxonomy":"post_tag","embeddable":true,"href":"https:\/\/www.europesays.com\/fi\/wp-json\/wp\/v2\/tags?post=330999"}],"curies":[{"name":"wp","href":"https:\/\/api.w.org\/{rel}","templated":true}]}}