{"id":331043,"date":"2026-08-22T17:43:11","date_gmt":"2026-08-22T17:43:11","guid":{"rendered":"https:\/\/www.europesays.com\/fi\/331043\/"},"modified":"2026-08-22T17:43:11","modified_gmt":"2026-08-22T17:43:11","slug":"villegalle-yllattaa-puolimaratonilla-rappari-parantaa-ennatystaan-helsingissa","status":"publish","type":"post","link":"https:\/\/www.europesays.com\/fi\/331043\/","title":{"rendered":"VilleGalle yll\u00e4tt\u00e4\u00e4 puolimaratonilla &#8211; R\u00e4pp\u00e4ri parantaa enn\u00e4tyst\u00e4\u00e4n Helsingiss\u00e4"},"content":{"rendered":"<p>            Matti Matikainen\n        <\/p>\n<p class=\"subtitle \">VilleGalle paransi aikaansa puolimaratonilla.<\/p>\n<p class=\"article-content article-content-width !bg-background\">R\u00e4p-duo JVG:st\u00e4 tuttu  kuuluu Suomen eturivin muusikoihin. Sen lis\u00e4ksi mies on kova urheilumies. Viime aikoina h\u00e4n vaikuttaa hurahtaneen kest\u00e4vyysjuoksuun.<\/p>\n<p class=\"article-content article-content-width !bg-background\">Ja se n\u00e4kyy. VilleGalle osallistui lauantaina (22.8.) Helsingiss\u00e4 j\u00e4rjestettyyn juoksutapahtumaan, matkanaan puolimaraton.<\/p>\n<p class=\"article-content article-content-width !bg-background\">Tapahtuman <a href=\"https:\/\/www.helsinkimarathon.fi\/tulokset\/\" aria-label=\"Tulospalvelu\" target=\"_blank\" rel=\"nofollow noopener\">tulospalvelun mukaan<\/a>\u00a0r\u00e4pp\u00e4ri pinkoi maaliin varsin mukavassa ajassa: kello pys\u00e4htyi aikaan 1:26:48. Puolimaratonin miesten sarjaan osallistui kaikkiaan yli 1 700 juoksijaa.\u00a0<\/p>\n<p class=\"article-content article-content-width !bg-background\">Ville oli maalissa 87.<\/p>\n<p>Yll\u00e4tt\u00e4v\u00e4 kiritt\u00e4j\u00e4<\/p>\n<p class=\"article-content article-content-width !bg-background\">Yksin Villen ei tarvinnut reilun 21 kilometrin matkaa taittaa. R\u00e4pp\u00e4rin vierell\u00e4 juoksi ex-j\u00e4\u00e4kiekkoilijana tunnettu Siim Liivik, selvi\u00e4\u00e4 h\u00e4nen <a href=\"https:\/\/www.instagram.com\/markasimo\/\" aria-label=\"Siim Liivikin Instagram\" target=\"_blank\" rel=\"nofollow noopener\">Instagram<\/a>-p\u00e4ivityksest\u00e4\u00e4n.<\/p>\n<p class=\"article-content article-content-width !bg-background\"> \u2013 Aamupala asioita Galiksen kaa 1:26:49. Puheet on ilmasia, Siim naulaa julkaisunsa kuvatekstiss\u00e4.<\/p>\n<p class=\"article-content article-content-width !bg-background\">Urheilusuorituksesta ei Villelle juuri palautumisaikaa j\u00e4\u00e4nyt, sill\u00e4 JVG esiintyi t\u00e4n\u00e4\u00e4n Tampereella j\u00e4rjestetyill\u00e4 Blockfest -festivaaleilla.<\/p>\n<p>                <img decoding=\"async\" src=\"https:\/\/www.europesays.com\/fi\/wp-content\/uploads\/2026\/08\/2222450.webp\" width=\"576\" height=\"322\" title=\"JVG esiintyi lauantaina 22.8. Blockfesteill\u00e4. Kuva Emma-gaalasta 2025.\" alt=\"Jare Brand ja Ville Galle\" loading=\"lazy\" \/>            <\/p>\n<p>\n            JVG esiintyi lauantaina 22.8. Blockfesteill\u00e4. Kuva Emma-gaalasta 2025.<br \/>\n            Timo Korhonen\n        <\/p>\n<p>Aika parani kes\u00e4kuusta<\/p>\n<p class=\"article-content article-content-width !bg-background\">Ville ei ollut puolimaratonilla ensimm\u00e4ist\u00e4 kertaa pappia kyydiss\u00e4.<\/p>\n<p class=\"article-content article-content-width !bg-background\">Kes\u00e4kuussa h\u00e4n laittoi tossua toisen eteen siihen malliin, ett\u00e4 maaliviiva ylittyi ajassa 1:27:08. Taakse j\u00e4i yli 3 500 juoksijaa.<\/p>\n<p><script async src=\"\/\/www.instagram.com\/embed.js\"><\/script><\/p>\n","protected":false},"excerpt":{"rendered":"Matti Matikainen VilleGalle paransi aikaansa puolimaratonilla. R\u00e4p-duo JVG:st\u00e4 tuttu kuuluu Suomen eturivin muusikoihin. Sen lis\u00e4ksi mies on kova&hellip;\n","protected":false},"author":2,"featured_media":331044,"comment_status":"","ping_status":"","sticky":false,"template":"","format":"standard","meta":{"footnotes":"","_share_on_mastodon":"0"},"categories":[158],"tags":[33,31,30,104,1766,3913,8645,159,32,160,1700,8646],"class_list":["post-331043","post","type-post","status-publish","format-standard","has-post-thumbnail","category-urheilu","tag-fi","tag-finland","tag-finnish","tag-helsinki","tag-jvg","tag-puolimaraton","tag-siim-liivik","tag-sports","tag-suomi","tag-urheilu","tag-urheilulaji","tag-villegalle"],"share_on_mastodon":{"url":"https:\/\/pubeurope.com\/@fi\/117140403919811030","error":""},"_links":{"self":[{"href":"https:\/\/www.europesays.com\/fi\/wp-json\/wp\/v2\/posts\/331043","targetHints":{"allow":["GET"]}}],"collection":[{"href":"https:\/\/www.europesays.com\/fi\/wp-json\/wp\/v2\/posts"}],"about":[{"href":"https:\/\/www.europesays.com\/fi\/wp-json\/wp\/v2\/types\/post"}],"author":[{"embeddable":true,"href":"https:\/\/www.europesays.com\/fi\/wp-json\/wp\/v2\/users\/2"}],"replies":[{"embeddable":true,"href":"https:\/\/www.europesays.com\/fi\/wp-json\/wp\/v2\/comments?post=331043"}],"version-history":[{"count":0,"href":"https:\/\/www.europesays.com\/fi\/wp-json\/wp\/v2\/posts\/331043\/revisions"}],"wp:featuredmedia":[{"embeddable":true,"href":"https:\/\/www.europesays.com\/fi\/wp-json\/wp\/v2\/media\/331044"}],"wp:attachment":[{"href":"https:\/\/www.europesays.com\/fi\/wp-json\/wp\/v2\/media?parent=331043"}],"wp:term":[{"taxonomy":"category","embeddable":true,"href":"https:\/\/www.europesays.com\/fi\/wp-json\/wp\/v2\/categories?post=331043"},{"taxonomy":"post_tag","embeddable":true,"href":"https:\/\/www.europesays.com\/fi\/wp-json\/wp\/v2\/tags?post=331043"}],"curies":[{"name":"wp","href":"https:\/\/api.w.org\/{rel}","templated":true}]}}