{"id":331263,"date":"2026-08-23T00:20:12","date_gmt":"2026-08-23T00:20:12","guid":{"rendered":"https:\/\/www.europesays.com\/fi\/331263\/"},"modified":"2026-08-23T00:20:12","modified_gmt":"2026-08-23T00:20:12","slug":"siperian-maastopaloista-lentaa-ilmansaasteita-pohjois-lappiin-asti-arvioi-meteorologi-lappi","status":"publish","type":"post","link":"https:\/\/www.europesays.com\/fi\/331263\/","title":{"rendered":"Siperian maastopaloista lent\u00e4\u00e4 ilmansaasteita Pohjois-Lappiin asti, arvioi meteorologi | Lappi"},"content":{"rendered":"<p class=\"aw__sc-1qwuw0s-0 aw__sc-1vg2sqm-0 epAWpq ecELkD yle__article__paragraph\">Pienhiukkaset voivat kulkeutua jopa tuhansia kilometrej\u00e4.<\/p>\n<p><img decoding=\"async\" alt=\"Kytev\u00e4 maa mets\u00e4ss\u00e4.\" src=\"https:\/\/www.europesays.com\/fi\/wp-content\/uploads\/2026\/08\/1785341824.jpeg\" class=\"aw__sc-dklauk-0 LPzKX\"\/><\/p>\n<p>Avaa kuvien katselu<\/p>\n<p>Maastopaloista syntyy pienhiukkasia. Kuvituskuva. Kuva: Romain Perrocheau \/ AFP<\/p>\n<p class=\"aw__sc-1qwuw0s-0 aw__sc-ngllmo-0 epAWpq fzYpjk yle__article__paragraph\">Suomen Pohjois-Lapin alueelle ja sen pohjoispuolella olevaan Norjan Finnmarkiin on kulkeutunut pienhiukkasia, jotka huonontavat ilmanlaatua.<\/p>\n<p class=\"aw__sc-1qwuw0s-0 aw__sc-ngllmo-0 epAWpq fzYpjk yle__article__paragraph\">Ilmatieteen laitoksen p\u00e4ivyst\u00e4v\u00e4 meteorologi <strong class=\"aw__sc-ngllmo-2 gdRrun yle__article__strong\">Pauli Jokinen<\/strong> arvioi, ett\u00e4 syyn\u00e4 ovat Siperian maastopalot.<\/p>\n<p class=\"aw__sc-1qwuw0s-0 aw__sc-ngllmo-0 epAWpq fzYpjk yle__article__paragraph\">My\u00f6s norjalaisen <a class=\"aw__sc-ngllmo-1 bTDnwX yle__article__link\" href=\"https:\/\/www.ifinnmark.no\/rodt-niva-pa-luftforurensning-i-ost-finnmark-tykk-take-skaper-spekulasjoner\/s\/5-81-2511832\" role=\"link\" rel=\"nofollow noopener\" target=\"_blank\">Ifinnmark-lehden<\/a> haastatteleman meteorologi <strong class=\"aw__sc-ngllmo-2 gdRrun yle__article__strong\">Lars Andreas Selbergin<\/strong> mukaan Ven\u00e4j\u00e4ll\u00e4 riehuneet mets\u00e4palot saattavat olla syyn\u00e4 Pohjois-Norjan ilmansaasteille.<\/p>\n<p class=\"aw__sc-1qwuw0s-0 aw__sc-ngllmo-0 epAWpq fzYpjk yle__article__paragraph\">Jokisen arvion mukaan ilmassa olevia pienhiukkasia on kulkeutunut Ven\u00e4j\u00e4n Siperiasta Uralvuorten suunnalta Suomen Pohjois-Lappiin perjantaina ja lauantaina.<\/p>\n<p class=\"aw__sc-1qwuw0s-0 aw__sc-ngllmo-0 epAWpq fzYpjk yle__article__paragraph\">Ilmatieteen laitoksen verkkosivujen mukaan pienhiukkaset voivat kulkeutua jopa tuhansia kilometrej\u00e4 ilmamassojen mukana.<\/p>\n<p>Ilmansaasteet voivat aiheuttaa terveysriskej\u00e4<\/p>\n<p class=\"aw__sc-1qwuw0s-0 aw__sc-ngllmo-0 epAWpq fzYpjk yle__article__paragraph\">Ifinnmark-lehti kertoo, ett\u00e4 etenkin It\u00e4-Finnmarkissa on paljon pienhiukkasista eli alle 2,5 mikrometrin kokoisista hiukkasista johtuvaa ilmansaastetta.<\/p>\n<p class=\"aw__sc-1qwuw0s-0 aw__sc-ngllmo-0 epAWpq fzYpjk yle__article__paragraph\">It\u00e4-Finnmarkin alue on merkitty ilmansaastekarttaan punaisella. L\u00e4nsi-Finnmarkissa ilmansaasteita on v\u00e4h\u00e4n ja Keski-Finnmarkissa niit\u00e4 on kohtalaisesti.<\/p>\n<p class=\"aw__sc-1qwuw0s-0 aw__sc-ngllmo-0 epAWpq fzYpjk yle__article__paragraph\">Lehden mukaan It\u00e4-Finnmarkissa huono ilmanlaatu voi aiheuttaa terveysriskej\u00e4.<\/p>\n<p class=\"aw__sc-1qwuw0s-0 aw__sc-ngllmo-0 epAWpq fzYpjk yle__article__paragraph\">Sen mukaan astmaa, hengityselinsairauksia tai syd\u00e4n- ja verisuonitauteja sairastavien olisi hyv\u00e4 rajoittaa oleskeluaan sek\u00e4 fyysist\u00e4 aktiivisuutta alueilla, joilla on eniten ilmansaasteita.<\/p>\n<p class=\"aw__sc-1qwuw0s-0 aw__sc-ngllmo-0 epAWpq fzYpjk yle__article__paragraph\">My\u00f6s i\u00e4kk\u00e4iden, raskaana olevien naisten ja lasten suositellaan v\u00e4ltt\u00e4m\u00e4\u00e4n pitk\u00e4\u00e4 altistumista ilmansaasteille.<\/p>\n<p class=\"aw__sc-1qwuw0s-0 aw__sc-ngllmo-0 epAWpq fzYpjk yle__article__paragraph\">Norjalaislehden mukaan ilmanlaadun pit\u00e4isi parantua sunnuntain aikana.<\/p>\n<p class=\"aw__sc-1qwuw0s-0 aw__sc-ngllmo-0 epAWpq fzYpjk yle__article__paragraph\">Ilmatieteen laitoksen Pauli Jokinen ei pysty analysoimaan Pohjois-Lapin ilmanlaatua tarkemmin.<\/p>\n<p class=\"aw__sc-1qwuw0s-0 aw__sc-ngllmo-0 epAWpq fzYpjk yle__article__paragraph\">Ilmatieteen laitoksen pohjoisin ilmanlaadun mittauspiste on L\u00e4nsi-Lapin Kittil\u00e4ss\u00e4. Siell\u00e4 ilmanlaatu oli lauantaina tyydytt\u00e4v\u00e4\u00e4.<\/p>\n","protected":false},"excerpt":{"rendered":"Pienhiukkaset voivat kulkeutua jopa tuhansia kilometrej\u00e4. Avaa kuvien katselu Maastopaloista syntyy pienhiukkasia. Kuvituskuva. Kuva: Romain Perrocheau \/ AFP&hellip;\n","protected":false},"author":2,"featured_media":331264,"comment_status":"","ping_status":"","sticky":false,"template":"","format":"standard","meta":{"footnotes":"","_share_on_mastodon":"0"},"categories":[12],"tags":[22,23,26,27,33,31,30,17,36686,71,667,24,25,3350,28,29,15,385,18,21,12474,32,19,20,16,547,447],"class_list":["post-331263","post","type-post","status-publish","format-standard","has-post-thumbnail","category-suomi","tag-breaking-news","tag-breakingnews","tag-featured-news","tag-featurednews","tag-fi","tag-finland","tag-finnish","tag-headlines","tag-ilmanlaatu","tag-kotimaa","tag-lappi","tag-latest-news","tag-latestnews","tag-maastopalot","tag-main-news","tag-mainnews","tag-news","tag-norja","tag-otsikot","tag-paauutiset","tag-pohjois-norja","tag-suomi","tag-top-stories","tag-topstories","tag-uutiset","tag-venaja","tag-ymparisto"],"share_on_mastodon":{"url":"https:\/\/pubeurope.com\/@fi\/117141964743441696","error":""},"_links":{"self":[{"href":"https:\/\/www.europesays.com\/fi\/wp-json\/wp\/v2\/posts\/331263","targetHints":{"allow":["GET"]}}],"collection":[{"href":"https:\/\/www.europesays.com\/fi\/wp-json\/wp\/v2\/posts"}],"about":[{"href":"https:\/\/www.europesays.com\/fi\/wp-json\/wp\/v2\/types\/post"}],"author":[{"embeddable":true,"href":"https:\/\/www.europesays.com\/fi\/wp-json\/wp\/v2\/users\/2"}],"replies":[{"embeddable":true,"href":"https:\/\/www.europesays.com\/fi\/wp-json\/wp\/v2\/comments?post=331263"}],"version-history":[{"count":0,"href":"https:\/\/www.europesays.com\/fi\/wp-json\/wp\/v2\/posts\/331263\/revisions"}],"wp:featuredmedia":[{"embeddable":true,"href":"https:\/\/www.europesays.com\/fi\/wp-json\/wp\/v2\/media\/331264"}],"wp:attachment":[{"href":"https:\/\/www.europesays.com\/fi\/wp-json\/wp\/v2\/media?parent=331263"}],"wp:term":[{"taxonomy":"category","embeddable":true,"href":"https:\/\/www.europesays.com\/fi\/wp-json\/wp\/v2\/categories?post=331263"},{"taxonomy":"post_tag","embeddable":true,"href":"https:\/\/www.europesays.com\/fi\/wp-json\/wp\/v2\/tags?post=331263"}],"curies":[{"name":"wp","href":"https:\/\/api.w.org\/{rel}","templated":true}]}}