{"id":331273,"date":"2026-08-23T00:45:12","date_gmt":"2026-08-23T00:45:12","guid":{"rendered":"https:\/\/www.europesays.com\/fi\/331273\/"},"modified":"2026-08-23T00:45:12","modified_gmt":"2026-08-23T00:45:12","slug":"lakko-sulkee-oslon-lentokentan-sunnuntaina-viideksi-tunniksi-uutissuomalainen-4","status":"publish","type":"post","link":"https:\/\/www.europesays.com\/fi\/331273\/","title":{"rendered":"Lakko sulkee Oslon lentokent\u00e4n sunnuntaina viideksi tunniksi | Uutissuomalainen"},"content":{"rendered":"<p>Norjassa Oslon Gardermoenin lentokentt\u00e4 suljetaan lentoliikenteelt\u00e4 sunnuntaiaamuna viiden tunnin ajaksi.<\/p>\n<p>Asiasta kertoi norjalaisen VG-lehden mukaan valtionyhti\u00f6 Avinor, joka vastaa useiden Norjan lentoasemien toiminnasta.<\/p>\n<p>Lentokentt\u00e4 menee kiinni kello 6.30 paikallista aikaa. Syyn\u00e4 on lennonjohtajien lakko, joka alkoi perjantaina.<\/p>\n<p>Pelk\u00e4st\u00e4\u00e4n lentoyhti\u00f6 Norwegian on perunut yli 70 lentoa. Perumisilla on vaikutusta noin 9\u2009000 matkustajaan. Viiv\u00e4stysten odotetaan jatkuvan pitk\u00e4lle sunnuntaihin.<\/p>\n<p>VG:n mukaan ratkaisua lakkoon ei ole t\u00e4ll\u00e4 hetkell\u00e4 n\u00e4k\u00f6piiriss\u00e4. Ty\u00f6nantajat ovat ihmetelleet lakkoa, sill\u00e4 lennonjohtajat saavat hyv\u00e4\u00e4 palkkaa.<\/p>\n<p>Norjan lennonjohtajayhdistyksen puheenjohtaja Robert Gjonnes kiisti VG:lle, ett\u00e4 kyse olisi palkasta. Lakkoilun syyn\u00e4 ovat sen sijaan puutteelliset tauot.<\/p>\n","protected":false},"excerpt":{"rendered":"Norjassa Oslon Gardermoenin lentokentt\u00e4 suljetaan lentoliikenteelt\u00e4 sunnuntaiaamuna viiden tunnin ajaksi. Asiasta kertoi norjalaisen VG-lehden mukaan valtionyhti\u00f6 Avinor, joka&hellip;\n","protected":false},"author":2,"featured_media":331274,"comment_status":"","ping_status":"","sticky":false,"template":"","format":"standard","meta":{"footnotes":"","_share_on_mastodon":"0"},"categories":[14],"tags":[22,23,26,27,33,31,30,3861,17,24,25,121,28,29,15,5836,18,21,637,32,822,19,20,860,2247,56,16,59,60,61],"class_list":["post-331273","post","type-post","status-publish","format-standard","has-post-thumbnail","category-ulkomaat","tag-breaking-news","tag-breakingnews","tag-featured-news","tag-featurednews","tag-fi","tag-finland","tag-finnish","tag-halpalentoyhtiot","tag-headlines","tag-latest-news","tag-latestnews","tag-liikenne-ja-kuljetus","tag-main-news","tag-mainnews","tag-news","tag-oslo","tag-otsikot","tag-paauutiset","tag-politiikka","tag-suomi","tag-teollisuustuotteet-ja-palvelut-sektori","tag-top-stories","tag-topstories","tag-tyoelama","tag-tyomarkkinat","tag-ulkomaat","tag-uutiset","tag-world","tag-world-news","tag-worldnews"],"share_on_mastodon":{"url":"https:\/\/pubeurope.com\/@fi\/117142062744943571","error":""},"_links":{"self":[{"href":"https:\/\/www.europesays.com\/fi\/wp-json\/wp\/v2\/posts\/331273","targetHints":{"allow":["GET"]}}],"collection":[{"href":"https:\/\/www.europesays.com\/fi\/wp-json\/wp\/v2\/posts"}],"about":[{"href":"https:\/\/www.europesays.com\/fi\/wp-json\/wp\/v2\/types\/post"}],"author":[{"embeddable":true,"href":"https:\/\/www.europesays.com\/fi\/wp-json\/wp\/v2\/users\/2"}],"replies":[{"embeddable":true,"href":"https:\/\/www.europesays.com\/fi\/wp-json\/wp\/v2\/comments?post=331273"}],"version-history":[{"count":0,"href":"https:\/\/www.europesays.com\/fi\/wp-json\/wp\/v2\/posts\/331273\/revisions"}],"wp:featuredmedia":[{"embeddable":true,"href":"https:\/\/www.europesays.com\/fi\/wp-json\/wp\/v2\/media\/331274"}],"wp:attachment":[{"href":"https:\/\/www.europesays.com\/fi\/wp-json\/wp\/v2\/media?parent=331273"}],"wp:term":[{"taxonomy":"category","embeddable":true,"href":"https:\/\/www.europesays.com\/fi\/wp-json\/wp\/v2\/categories?post=331273"},{"taxonomy":"post_tag","embeddable":true,"href":"https:\/\/www.europesays.com\/fi\/wp-json\/wp\/v2\/tags?post=331273"}],"curies":[{"name":"wp","href":"https:\/\/api.w.org\/{rel}","templated":true}]}}