{"id":331309,"date":"2026-08-23T02:03:09","date_gmt":"2026-08-23T02:03:09","guid":{"rendered":"https:\/\/www.europesays.com\/fi\/331309\/"},"modified":"2026-08-23T02:03:09","modified_gmt":"2026-08-23T02:03:09","slug":"oslon-lentokentta-suljetaan-aamulla-viideksi-tunniksi-uutissuomalainen","status":"publish","type":"post","link":"https:\/\/www.europesays.com\/fi\/331309\/","title":{"rendered":"Oslon lentokentt\u00e4 suljetaan aamulla viideksi tunniksi | Uutissuomalainen"},"content":{"rendered":"<p>Norjassa Oslon Gardermoenin lentokentt\u00e4 suljetaan lentoliikenteelt\u00e4 t\u00e4n\u00e4\u00e4n viiden tunnin ajaksi. Lentokentt\u00e4 menee kiinni kello 6.30 paikallista aikaa eli kello 7.30 Suomen aikaa.<\/p>\n<p>Syyn\u00e4 on perjantaina alkanut lennonjohtajien lakko.<\/p>\n<p>Pelk\u00e4st\u00e4\u00e4n lentoyhti\u00f6 Norwegian on perunut sunnuntailta yli 70 lentoa. Perumisilla on vaikutusta noin 9\u2009000 matkustajaan. Viiv\u00e4stysten odotetaan jatkuvan pitk\u00e4lle sunnuntaihin.<\/p>\n<p>Norjalaisen VG-lehden mukaan ratkaisua lakkoon ei ole t\u00e4ll\u00e4 hetkell\u00e4 n\u00e4k\u00f6piiriss\u00e4.<\/p>\n<p>Ty\u00f6nantajat ovat ihmetelleet lakkoa, sill\u00e4 lennonjohtajat saavat hyv\u00e4\u00e4 palkkaa. Norjan lennonjohtajayhdistyksen puheenjohtaja Robert Gjonnes sanoi VG:lle, ettei kyse ole palkasta vaan ty\u00f6oloista, kuten puutteellisista tauoista.<\/p>\n","protected":false},"excerpt":{"rendered":"Norjassa Oslon Gardermoenin lentokentt\u00e4 suljetaan lentoliikenteelt\u00e4 t\u00e4n\u00e4\u00e4n viiden tunnin ajaksi. Lentokentt\u00e4 menee kiinni kello 6.30 paikallista aikaa eli&hellip;\n","protected":false},"author":2,"featured_media":331310,"comment_status":"","ping_status":"","sticky":false,"template":"","format":"standard","meta":{"footnotes":"","_share_on_mastodon":"0"},"categories":[14],"tags":[22,23,26,27,33,31,30,3861,17,24,25,28,29,15,5836,18,21,32,19,20,2371,860,862,861,3512,56,16,59,60,61],"class_list":["post-331309","post","type-post","status-publish","format-standard","has-post-thumbnail","category-ulkomaat","tag-breaking-news","tag-breakingnews","tag-featured-news","tag-featurednews","tag-fi","tag-finland","tag-finnish","tag-halpalentoyhtiot","tag-headlines","tag-latest-news","tag-latestnews","tag-main-news","tag-mainnews","tag-news","tag-oslo","tag-otsikot","tag-paauutiset","tag-suomi","tag-top-stories","tag-topstories","tag-tyo-ja-raha","tag-tyoelama","tag-tyollisyys","tag-tyollisyys-ja-tyottomyys","tag-tyontekijat","tag-ulkomaat","tag-uutiset","tag-world","tag-world-news","tag-worldnews"],"share_on_mastodon":{"url":"https:\/\/pubeurope.com\/@fi\/117142369589558162","error":""},"_links":{"self":[{"href":"https:\/\/www.europesays.com\/fi\/wp-json\/wp\/v2\/posts\/331309","targetHints":{"allow":["GET"]}}],"collection":[{"href":"https:\/\/www.europesays.com\/fi\/wp-json\/wp\/v2\/posts"}],"about":[{"href":"https:\/\/www.europesays.com\/fi\/wp-json\/wp\/v2\/types\/post"}],"author":[{"embeddable":true,"href":"https:\/\/www.europesays.com\/fi\/wp-json\/wp\/v2\/users\/2"}],"replies":[{"embeddable":true,"href":"https:\/\/www.europesays.com\/fi\/wp-json\/wp\/v2\/comments?post=331309"}],"version-history":[{"count":0,"href":"https:\/\/www.europesays.com\/fi\/wp-json\/wp\/v2\/posts\/331309\/revisions"}],"wp:featuredmedia":[{"embeddable":true,"href":"https:\/\/www.europesays.com\/fi\/wp-json\/wp\/v2\/media\/331310"}],"wp:attachment":[{"href":"https:\/\/www.europesays.com\/fi\/wp-json\/wp\/v2\/media?parent=331309"}],"wp:term":[{"taxonomy":"category","embeddable":true,"href":"https:\/\/www.europesays.com\/fi\/wp-json\/wp\/v2\/categories?post=331309"},{"taxonomy":"post_tag","embeddable":true,"href":"https:\/\/www.europesays.com\/fi\/wp-json\/wp\/v2\/tags?post=331309"}],"curies":[{"name":"wp","href":"https:\/\/api.w.org\/{rel}","templated":true}]}}