{"id":331433,"date":"2026-08-23T06:24:20","date_gmt":"2026-08-23T06:24:20","guid":{"rendered":"https:\/\/www.europesays.com\/fi\/331433\/"},"modified":"2026-08-23T06:24:20","modified_gmt":"2026-08-23T06:24:20","slug":"etela-korea-lahettaa-ensimmaisen-kaupallisen-aluksen-pohjoisen-merireitin-kautta-eurooppaan-uutisia-lyhyesti","status":"publish","type":"post","link":"https:\/\/www.europesays.com\/fi\/331433\/","title":{"rendered":"Etel\u00e4-Korea l\u00e4hett\u00e4\u00e4 ensimm\u00e4isen kaupallisen aluksen pohjoisen merireitin kautta Eurooppaan | Uutisia lyhyesti"},"content":{"rendered":"<p class=\"aw__sc-1qwuw0s-0 aw__sc-1vg2sqm-0 epAWpq ecELkD yle__article__paragraph\">Hankkeen pel\u00e4t\u00e4\u00e4n aiheuttavan j\u00e4nnitteit\u00e4 l\u00e4nsimaisten liittolaisten kanssa, jotka haluavat pit\u00e4\u00e4 Ven\u00e4j\u00e4n eristyksiss\u00e4 Ukrainan sodan vuoksi.<\/p>\n<p><img decoding=\"async\" alt=\"Satama-alueella on kymmeni\u00e4 rahtialuksia ja veneit\u00e4 vedess\u00e4 sek\u00e4 lukuisia v\u00e4rikk\u00e4it\u00e4 kontteja laiturilla.\" src=\"https:\/\/www.europesays.com\/fi\/wp-content\/uploads\/2026\/08\/1787400420.jpeg\" class=\"aw__sc-dklauk-0 LPzKX\"\/><\/p>\n<p>Avaa kuvien katselu<\/p>\n<p>Etel\u00e4-Korea toivoo, ett\u00e4 Busanin satamasta tulisi maailmanlaajuinen merenkulun keskus. Kuva: Manuel Rey \/ AOP<\/p>\n<p>22.8. 14:55\u2022P\u00e4ivitetty 22.8. 15:05<\/p>\n<p class=\"aw__sc-1qwuw0s-0 aw__sc-ngllmo-0 epAWpq fzYpjk yle__article__paragraph\">Etel\u00e4-korealainen kaupallinen alus l\u00e4htee seilaamaan lauantaina Eurooppaan pohjoista merireitti\u00e4.<\/p>\n<p class=\"aw__sc-1qwuw0s-0 aw__sc-ngllmo-0 epAWpq fzYpjk yle__article__paragraph\">Konttialuksen tarkoitus on testata reitin kannattavuutta. Etel\u00e4-Korea toivoo, ett\u00e4 Busanin satamasta tulisi maailmanlaajuinen merenkulun keskus.<\/p>\n<p class=\"aw__sc-1qwuw0s-0 aw__sc-ngllmo-0 epAWpq fzYpjk yle__article__paragraph\">PanStar Acro -alus purjehtii pohjoiseen It\u00e4-Ven\u00e4j\u00e4n Kamt\u0161atkan niemimaan rannikkoa pitkin, ylitt\u00e4\u00e4 Beringinmeren ja jatkaa Koillisv\u00e4yl\u00e4\u00e4 pitkin. Alus pys\u00e4htyy Felixstowessa Britanniassa, Rotterdamissa Alankomaissa ja Gdanskissa Puolassa ennen paluumatkaa. Koko matkan arvioidaan kest\u00e4v\u00e4n 40\u201345 p\u00e4iv\u00e4\u00e4.<\/p>\n<p class=\"aw__sc-1qwuw0s-0 aw__sc-ngllmo-0 epAWpq fzYpjk yle__article__paragraph\">Etel\u00e4-Korean presidentti <strong class=\"aw__sc-ngllmo-2 gdRrun yle__article__strong\">Lee Jae Myung<\/strong> on tehnyt arktisesta merenkulusta t\u00e4rke\u00e4n tavoitteen Etel\u00e4-Korealle. Viranomaisten tavoite on tehd\u00e4 Busanista merkitt\u00e4v\u00e4 sataman ja tehd\u00e4 pohjoisesta reitist\u00e4 s\u00e4\u00e4nn\u00f6llinen kauppareitti vuoteen 2030 menness\u00e4.<\/p>\n<p class=\"aw__sc-1qwuw0s-0 aw__sc-ngllmo-0 epAWpq fzYpjk yle__article__paragraph\">Hankkeen pel\u00e4t\u00e4\u00e4n aiheuttavan j\u00e4nnitteit\u00e4 l\u00e4nsimaisten liittolaisten kanssa, jotka haluavat pit\u00e4\u00e4 Ven\u00e4j\u00e4n eristyksiss\u00e4 Ukrainan sodan vuoksi.<\/p>\n<p class=\"aw__sc-1qwuw0s-0 aw__sc-ngllmo-0 epAWpq fzYpjk yle__article__paragraph\">Etel\u00e4-Korea on neuvotellut Ven\u00e4j\u00e4n kanssa matkasta ja avusta mahdollisissa ongelmatilanteissa.<\/p>\n<p class=\"aw__sc-1qwuw0s-0 aw__sc-ngllmo-0 epAWpq fzYpjk yle__article__paragraph\">Etel\u00e4-Korean meriministeri\u00f6 ja Ven\u00e4j\u00e4n ulkoministeri\u00f6 eiv\u00e4t vastanneet Reutersin kommenttipyynt\u00f6ihin.<\/p>\n<p class=\"aw__sc-1qwuw0s-0 aw__sc-ngllmo-0 epAWpq fzYpjk yle__article__paragraph\">Viime vuonna 88 alusta teki yhteens\u00e4 103 matkaa samaa reitti\u00e4. Vuonna 2024 matkoja oli 97 ja vuonna 2022 vain 43. Suurin osa aluksista on ven\u00e4l\u00e4isi\u00e4 ja kiinalaisia, kertoo pohjoisen J\u00e4\u00e4meren liikennett\u00e4 seuraava norjalainen Centre for High North Logistics (CHNL) -s\u00e4\u00e4ti\u00f6.<\/p>\n<p class=\"aw__sc-1qwuw0s-0 aw__sc-ngllmo-0 epAWpq fzYpjk yle__article__paragraph\">Arktisen alueen j\u00e4\u00e4n sulaminen on tehnyt pohjoisen reitin k\u00e4yt\u00f6st\u00e4 helpompaa. Toisaalta lis\u00e4\u00e4ntyv\u00e4 laivaliikenne kiihdytt\u00e4\u00e4 ilmastonmuutosta, tutkijat sanovat.<\/p>\n<p class=\"aw__sc-1qwuw0s-0 aw__sc-ngllmo-0 epAWpq fzYpjk yle__article__paragraph\">L\u00e4hde: Reuters<\/p>\n","protected":false},"excerpt":{"rendered":"Hankkeen pel\u00e4t\u00e4\u00e4n aiheuttavan j\u00e4nnitteit\u00e4 l\u00e4nsimaisten liittolaisten kanssa, jotka haluavat pit\u00e4\u00e4 Ven\u00e4j\u00e4n eristyksiss\u00e4 Ukrainan sodan vuoksi. Avaa kuvien katselu&hellip;\n","protected":false},"author":2,"featured_media":331434,"comment_status":"","ping_status":"","sticky":false,"template":"","format":"standard","meta":{"footnotes":"","_share_on_mastodon":"0"},"categories":[14],"tags":[4065,22,23,1420,2267,26,27,33,31,30,17,41356,24,25,121,28,29,5092,15,18,21,23909,32,19,20,56,16,547,59,60,61],"class_list":["post-331433","post","type-post","status-publish","format-standard","has-post-thumbnail","category-ulkomaat","tag-arktinen-alue","tag-breaking-news","tag-breakingnews","tag-etela-korea","tag-eurooppa","tag-featured-news","tag-featurednews","tag-fi","tag-finland","tag-finnish","tag-headlines","tag-koillisvayla","tag-latest-news","tag-latestnews","tag-liikenne-ja-kuljetus","tag-main-news","tag-mainnews","tag-merenkulku","tag-news","tag-otsikot","tag-paauutiset","tag-pohjoinen-jaameri","tag-suomi","tag-top-stories","tag-topstories","tag-ulkomaat","tag-uutiset","tag-venaja","tag-world","tag-world-news","tag-worldnews"],"share_on_mastodon":{"url":"https:\/\/pubeurope.com\/@fi\/117143396250504693","error":""},"_links":{"self":[{"href":"https:\/\/www.europesays.com\/fi\/wp-json\/wp\/v2\/posts\/331433","targetHints":{"allow":["GET"]}}],"collection":[{"href":"https:\/\/www.europesays.com\/fi\/wp-json\/wp\/v2\/posts"}],"about":[{"href":"https:\/\/www.europesays.com\/fi\/wp-json\/wp\/v2\/types\/post"}],"author":[{"embeddable":true,"href":"https:\/\/www.europesays.com\/fi\/wp-json\/wp\/v2\/users\/2"}],"replies":[{"embeddable":true,"href":"https:\/\/www.europesays.com\/fi\/wp-json\/wp\/v2\/comments?post=331433"}],"version-history":[{"count":0,"href":"https:\/\/www.europesays.com\/fi\/wp-json\/wp\/v2\/posts\/331433\/revisions"}],"wp:featuredmedia":[{"embeddable":true,"href":"https:\/\/www.europesays.com\/fi\/wp-json\/wp\/v2\/media\/331434"}],"wp:attachment":[{"href":"https:\/\/www.europesays.com\/fi\/wp-json\/wp\/v2\/media?parent=331433"}],"wp:term":[{"taxonomy":"category","embeddable":true,"href":"https:\/\/www.europesays.com\/fi\/wp-json\/wp\/v2\/categories?post=331433"},{"taxonomy":"post_tag","embeddable":true,"href":"https:\/\/www.europesays.com\/fi\/wp-json\/wp\/v2\/tags?post=331433"}],"curies":[{"name":"wp","href":"https:\/\/api.w.org\/{rel}","templated":true}]}}