{"id":331569,"date":"2026-08-23T10:20:13","date_gmt":"2026-08-23T10:20:13","guid":{"rendered":"https:\/\/www.europesays.com\/fi\/331569\/"},"modified":"2026-08-23T10:20:13","modified_gmt":"2026-08-23T10:20:13","slug":"ville-ranta-jai-ravilahdossa-kuudenneksi-kohta-puhelimeen-kilahti-todellinen-torkyviesti-satakunta","status":"publish","type":"post","link":"https:\/\/www.europesays.com\/fi\/331569\/","title":{"rendered":"Ville Ranta j\u00e4i ravil\u00e4hd\u00f6ss\u00e4 kuudenneksi \u2013 kohta puhelimeen kilahti todellinen t\u00f6rkyviesti | Satakunta"},"content":{"rendered":"<p class=\"aw__sc-1qwuw0s-0 aw__sc-1vg2sqm-0 epAWpq ecELkD yle__article__paragraph\">Monet raviohjastajat ja valmentajat ovat saaneet uhkaavan oloisia viestej\u00e4 yhdest\u00e4 ja samasta numerosta. Osasta viestej\u00e4 on tehty rikosilmoitus.<\/p>\n<p><img decoding=\"async\" alt=\"Hevoset kaartamassa loppusuoralle St Michel -ravien suurmestaruusajossa. \" src=\"https:\/\/img.img-cdn.yle.fi\/crop_extract,w_2917,h_1640,x_7,y_43\/crop_fill,w_767,h_431,ar_16:9,dpr_1\/f_auto\/39-13183766692918214874\/1720882118\" class=\"aw__sc-dklauk-0 LPzKX\"\/><\/p>\n<p>Avaa kuvien katselu<\/p>\n<p>Raviohjastajille ja -valmentajille l\u00e4hetetyist\u00e4 t\u00f6rkyviesteist\u00e4 on tehty ainakin kymmenkunta rikosilmoitusta. Kuva: Jarkko Riikonen \/ Yle<\/p>\n<p>12:01\u2022P\u00e4ivitetty 12:59<\/p>\n<ul class=\"aw__sc-1yb43iq-0 gFXHv yle__article__list yle__article__list--ul\">\n<li class=\"aw__sc-1yb43iq-1 gVAzbt\">Ravi-ihmisi\u00e4 on uhkailtu t\u00f6rkeill\u00e4 viesteill\u00e4. Tervolalainen Ville Ranta sai viestin, jossa kehotettiin sovittelemaan narua kaulaan.<\/li>\n<li class=\"aw__sc-1yb43iq-1 gVAzbt\">Viestej\u00e4 on l\u00e4htenyt useille. Asiasta on tehty kymmenkunta rikosilmoitusta.<\/li>\n<li class=\"aw__sc-1yb43iq-1 gVAzbt\">Pelkona on, ett\u00e4 nuoret harrastajat lopettavat lajin t\u00f6rkyviestien vuoksi.<\/li>\n<\/ul>\n<p class=\"aw__sc-1qwuw0s-0 aw__sc-ngllmo-0 epAWpq fzYpjk yle__article__paragraph\">Tervolalaisella raviharrastajalla <strong class=\"aw__sc-ngllmo-2 gdRrun yle__article__strong\">Ville Rannalla<\/strong> oli kaksijakoinen ravip\u00e4iv\u00e4 pari viikkoa sitten Kaukosen raveissa Kittil\u00e4ss\u00e4.<\/p>\n<p class=\"aw__sc-1qwuw0s-0 aw__sc-ngllmo-0 epAWpq fzYpjk yle__article__paragraph\">H\u00e4n ajoi voiton Enchantress-tammalla ravien toisessa l\u00e4hd\u00f6ss\u00e4, mutta seitsem\u00e4nness\u00e4 l\u00e4hd\u00f6ss\u00e4 veteraaniruuna Noble Boy S j\u00e4i kuudenneksi.<\/p>\n<p class=\"aw__sc-1qwuw0s-0 aw__sc-ngllmo-0 epAWpq fzYpjk yle__article__paragraph\">Toisen l\u00e4hd\u00f6n j\u00e4lkeen Ranta katsoi puhelintaan, jonne oli tullut t\u00f6rkyviesti h\u00e4nelle oudolta ihmiselt\u00e4.<\/p>\n<p class=\"aw__sc-1qwuw0s-0 aw__sc-ngllmo-0 epAWpq fzYpjk yle__article__paragraph\">\u2013 Onhan se aika rajua, kun kehotetaan sovittelemaan narua kaulaan, Ranta toteaa.<\/p>\n<p class=\"aw__sc-1qwuw0s-0 aw__sc-ngllmo-0 epAWpq fzYpjk yle__article__paragraph\">Yle on n\u00e4hnyt Rannan saaman viestin. Sit\u00e4 voi kuvailla kokonaisuudessaan t\u00f6rke\u00e4ksi ja solvaavaksi.<\/p>\n<p class=\"aw__sc-1qwuw0s-0 aw__sc-ngllmo-0 epAWpq fzYpjk yle__article__paragraph\">Ranta ei ole aiemmin t\u00f6rm\u00e4nnyt vastaavaan. H\u00e4n p\u00e4\u00e4tti kysell\u00e4 raviv\u00e4en suosimassa keskusteluryhm\u00e4ss\u00e4, l\u00f6ytyisik\u00f6 h\u00e4nelle kohtalotovereita.<\/p>\n<p class=\"aw__sc-1qwuw0s-0 aw__sc-ngllmo-0 epAWpq fzYpjk yle__article__paragraph\">\u2013 Muutamassa minuutissa keskusteluun tuli useita vastauksia, joissa kerrottiin samanlaisista viesteist\u00e4, Ranta kertoo.<\/p>\n<p class=\"aw__sc-1qwuw0s-0 aw__sc-ngllmo-0 epAWpq fzYpjk yle__article__paragraph\">L\u00e4hett\u00e4j\u00e4tietojen perusteella viestien takana olisi lounaissuomalainen mieshenkil\u00f6, joka ei edes suuremmin ole yritt\u00e4nyt peitell\u00e4 yhteystietojaan. Uhrit ep\u00e4ilev\u00e4t, ett\u00e4 motiivina ovat pieleen menneet totopelit.<\/p>\n<p>Rikosilmoituksia jo tehty<\/p>\n<p class=\"aw__sc-1qwuw0s-0 aw__sc-ngllmo-0 epAWpq fzYpjk yle__article__paragraph\">Raviurheilun keskusj\u00e4rjest\u00f6n Suomen Hippoksen toimitusjohtaja <strong class=\"aw__sc-ngllmo-2 gdRrun yle__article__strong\">Tomi Himanka<\/strong> on tietoinen t\u00f6rkyviesteist\u00e4. H\u00e4n kertoo, ett\u00e4 Hippos on tarjonnut apuaan uhkaus- ja solvausviestien kohteiksi joutuneille.<\/p>\n<p class=\"aw__sc-1qwuw0s-0 aw__sc-ngllmo-0 epAWpq fzYpjk yle__article__paragraph\">Himanka kuvailee viestej\u00e4 todella t\u00f6rkeiksi. Uhreja on kehotettu tekem\u00e4\u00e4n tapauksista rikosilmoituksia.<\/p>\n<p class=\"aw__sc-1qwuw0s-0 aw__sc-ngllmo-0 epAWpq fzYpjk yle__article__paragraph\">Yle kysyi Lounais-Suomen poliisilta, kuinka paljon tapauksen tietoihin sopivia rikosilmoituksia sen alueella on tehty. Poliisin mukaan tapauksia on kolme ja kaikkien tutkinta on keskeytetty eli rikoksen kynnys ei ole ylittynyt.<\/p>\n<p class=\"aw__sc-1qwuw0s-0 aw__sc-ngllmo-0 epAWpq fzYpjk yle__article__paragraph\">Viestittelyn uhreja vaikuttaa kuitenkin olevan eri puolilla maata, ja esimerkiksi Ville Rannan tietojen mukaan t\u00f6rkyviesteist\u00e4 on parin viikon sis\u00e4ll\u00e4 tehty kymmenkunta rikosilmoitusta Hippoksen avulla.<\/p>\n<p class=\"aw__sc-1qwuw0s-0 aw__sc-ngllmo-0 epAWpq fzYpjk yle__article__paragraph\">My\u00f6s Hippoksen toimitusjohtaja Tomi Himanka vahvistaa, ett\u00e4 suuruusluokka on oikea. Ville Ranta ei ole itse rikosilmoitusta tehnyt.<\/p>\n<p class=\"aw__sc-1qwuw0s-0 aw__sc-ngllmo-0 epAWpq fzYpjk yle__article__paragraph\">\u2013 Minulle riitt\u00e4\u00e4 t\u00e4ss\u00e4 vaiheessa se, ett\u00e4 kuulin asian etenev\u00e4n muiden tekemien rikosilmoitusten kautta. Ei se itse t\u00f6rkyviesti minun tapauksessani uniin asti tullut, Ranta sanoo.<\/p>\n<p class=\"aw__sc-1qwuw0s-0 aw__sc-ngllmo-0 epAWpq fzYpjk yle__article__paragraph\">H\u00e4nen mukaansa ik\u00e4vint\u00e4 on se, ett\u00e4 t\u00f6rkeit\u00e4 viestej\u00e4 on l\u00e4htenyt my\u00f6s nuorille, aloitteleville raviharrastajille.<\/p>\n<p class=\"aw__sc-1qwuw0s-0 aw__sc-ngllmo-0 epAWpq fzYpjk yle__article__paragraph\">\u2013 Kokeneiden ammattilaisten nahka on kasvanut t\u00e4llaiseen varmasti aika paksuksi. Nuorilla taas lajin harrastaminen voi loppua siihen, kun t\u00e4llaisia viestej\u00e4 alkaa tulla, Ranta toteaa.<\/p>\n","protected":false},"excerpt":{"rendered":"Monet raviohjastajat ja valmentajat ovat saaneet uhkaavan oloisia viestej\u00e4 yhdest\u00e4 ja samasta numerosta. Osasta viestej\u00e4 on tehty rikosilmoitus.&hellip;\n","protected":false},"author":2,"featured_media":331570,"comment_status":"","ping_status":"","sticky":false,"template":"","format":"standard","meta":{"footnotes":"","_share_on_mastodon":"0"},"categories":[5],"tags":[22,23,26,27,33,31,30,17,7263,71,24,25,28,29,15,18,21,8593,1263,8497,968,32,19,20,16,663],"class_list":["post-331569","post","type-post","status-publish","format-standard","has-post-thumbnail","category-otsikot","tag-breaking-news","tag-breakingnews","tag-featured-news","tag-featurednews","tag-fi","tag-finland","tag-finnish","tag-headlines","tag-hevosurheilu","tag-kotimaa","tag-latest-news","tag-latestnews","tag-main-news","tag-mainnews","tag-news","tag-otsikot","tag-paauutiset","tag-raviurheilu","tag-rikosepailyt","tag-rikosilmoitukset","tag-satakunta","tag-suomi","tag-top-stories","tag-topstories","tag-uutiset","tag-varsinais-suomi"],"share_on_mastodon":{"url":"https:\/\/pubeurope.com\/@fi\/117144324359175404","error":""},"_links":{"self":[{"href":"https:\/\/www.europesays.com\/fi\/wp-json\/wp\/v2\/posts\/331569","targetHints":{"allow":["GET"]}}],"collection":[{"href":"https:\/\/www.europesays.com\/fi\/wp-json\/wp\/v2\/posts"}],"about":[{"href":"https:\/\/www.europesays.com\/fi\/wp-json\/wp\/v2\/types\/post"}],"author":[{"embeddable":true,"href":"https:\/\/www.europesays.com\/fi\/wp-json\/wp\/v2\/users\/2"}],"replies":[{"embeddable":true,"href":"https:\/\/www.europesays.com\/fi\/wp-json\/wp\/v2\/comments?post=331569"}],"version-history":[{"count":0,"href":"https:\/\/www.europesays.com\/fi\/wp-json\/wp\/v2\/posts\/331569\/revisions"}],"wp:featuredmedia":[{"embeddable":true,"href":"https:\/\/www.europesays.com\/fi\/wp-json\/wp\/v2\/media\/331570"}],"wp:attachment":[{"href":"https:\/\/www.europesays.com\/fi\/wp-json\/wp\/v2\/media?parent=331569"}],"wp:term":[{"taxonomy":"category","embeddable":true,"href":"https:\/\/www.europesays.com\/fi\/wp-json\/wp\/v2\/categories?post=331569"},{"taxonomy":"post_tag","embeddable":true,"href":"https:\/\/www.europesays.com\/fi\/wp-json\/wp\/v2\/tags?post=331569"}],"curies":[{"name":"wp","href":"https:\/\/api.w.org\/{rel}","templated":true}]}}