{"id":331643,"date":"2026-08-23T12:33:12","date_gmt":"2026-08-23T12:33:12","guid":{"rendered":"https:\/\/www.europesays.com\/fi\/331643\/"},"modified":"2026-08-23T12:33:12","modified_gmt":"2026-08-23T12:33:12","slug":"oslon-lentokentta-on-jalleen-auki-uutisia-lyhyesti","status":"publish","type":"post","link":"https:\/\/www.europesays.com\/fi\/331643\/","title":{"rendered":"Oslon lentokentt\u00e4 on j\u00e4lleen auki | Uutisia lyhyesti"},"content":{"rendered":"<p class=\"aw__sc-1qwuw0s-0 aw__sc-1vg2sqm-0 epAWpq ecELkD yle__article__paragraph\">Lennonjohtajien lakko alkoi perjantaina, ja se on n\u00e4kynyt matkustajille lentojen my\u00f6h\u00e4stymisin\u00e4 ja peruutuksina useilla norjalaisilla lentokentill\u00e4.<\/p>\n<p><img decoding=\"async\" alt=\"Lentoaseman ty\u00f6ntekij\u00e4 huoltaa Norwegian-lentoyhti\u00f6n konetta.\" src=\"https:\/\/www.europesays.com\/fi\/wp-content\/uploads\/2026\/08\/1755092313.jpeg\" class=\"aw__sc-dklauk-0 LPzKX\"\/><\/p>\n<p>Avaa kuvien katselu<\/p>\n<p>Esimerkiksi Norwegian perui yli 70 lentoa lakon takia. Kuva: Krystof Kriz \/ AOP<\/p>\n<p>13:10\u2022P\u00e4ivitetty 13:37<\/p>\n<p class=\"aw__sc-1qwuw0s-0 aw__sc-ngllmo-0 epAWpq fzYpjk yle__article__paragraph\">Norjassa Oslon Gardermoenin lentokentt\u00e4 on taas avattu lentoliikenteelle. Kentt\u00e4 oli t\u00e4n\u00e4\u00e4n kiinni viiden tunnin ajan lennonjohtajien lakon takia.<\/p>\n<p class=\"aw__sc-1qwuw0s-0 aw__sc-ngllmo-0 epAWpq fzYpjk yle__article__paragraph\"><a class=\"aw__sc-ngllmo-1 bTDnwX yle__article__link\" href=\"https:\/\/www.nrk.no\/artikkel\/oslo-lufthavn-apen-for-trafikk-lange-koer-1526371\" role=\"link\" rel=\"nofollow noopener\" target=\"_blank\">Norjan yleisradioyhti\u00f6 NRK <\/a>kertoo, ett\u00e4 useiden Norjan lentoasemien toiminnasta vastaava Avinor varoittaa merkitt\u00e4vien my\u00f6h\u00e4stymisien ja mahdollisten lentojen peruuntumisten jatkuvan viel\u00e4 pitk\u00e4\u00e4n t\u00e4n\u00e4\u00e4n.<\/p>\n<p class=\"aw__sc-1qwuw0s-0 aw__sc-ngllmo-0 epAWpq fzYpjk yle__article__paragraph\">Pelk\u00e4st\u00e4\u00e4n lentoyhti\u00f6 Norwegian perui t\u00e4lt\u00e4 p\u00e4iv\u00e4lt\u00e4 yli 70 lentoa. Perumisilla on vaikutusta noin 9 000 matkustajaan.<\/p>\n<p class=\"aw__sc-1qwuw0s-0 aw__sc-ngllmo-0 epAWpq fzYpjk yle__article__paragraph\">Lennonjohtajien lakko alkoi perjantaina, ja se on n\u00e4kynyt matkustajille lentojen my\u00f6h\u00e4stymisin\u00e4 ja peruutuksina useilla norjalaisilla lentokentill\u00e4.<\/p>\n<p class=\"aw__sc-1qwuw0s-0 aw__sc-ngllmo-0 epAWpq fzYpjk yle__article__paragraph\"><a class=\"aw__sc-ngllmo-1 bTDnwX yle__article__link\" href=\"https:\/\/e24.no\/naeringsliv\/i\/K8eldo\/tok-nattbuss-for-aa-rekke-fly-kjedelig\" role=\"link\" rel=\"nofollow noopener\" target=\"_blank\">Norjalaislehti VG:n<\/a> mukaan ratkaisua lakkoon ei ole viel\u00e4 n\u00e4k\u00f6piiriss\u00e4 ja joitain ty\u00f6taistelutoimia on suunnitteilla my\u00f6s alkavalle viikolle. Norjan lennonjohtajayhdistys on kertonut kiistaa olevan esimerkiksi taukojen m\u00e4\u00e4r\u00e4st\u00e4.<\/p>\n","protected":false},"excerpt":{"rendered":"Lennonjohtajien lakko alkoi perjantaina, ja se on n\u00e4kynyt matkustajille lentojen my\u00f6h\u00e4stymisin\u00e4 ja peruutuksina useilla norjalaisilla lentokentill\u00e4. Avaa kuvien&hellip;\n","protected":false},"author":2,"featured_media":331644,"comment_status":"","ping_status":"","sticky":false,"template":"","format":"standard","meta":{"footnotes":"","_share_on_mastodon":"0"},"categories":[5],"tags":[22,23,26,27,33,31,30,17,24,25,4209,1224,1161,28,29,15,385,40035,5836,18,21,32,19,20,56,16],"class_list":["post-331643","post","type-post","status-publish","format-standard","has-post-thumbnail","category-otsikot","tag-breaking-news","tag-breakingnews","tag-featured-news","tag-featurednews","tag-fi","tag-finland","tag-finnish","tag-headlines","tag-latest-news","tag-latestnews","tag-lentokentat","tag-lentoliikenne","tag-liikenne","tag-main-news","tag-mainnews","tag-news","tag-norja","tag-norwegian-air-shuttle","tag-oslo","tag-otsikot","tag-paauutiset","tag-suomi","tag-top-stories","tag-topstories","tag-ulkomaat","tag-uutiset"],"share_on_mastodon":{"url":"https:\/\/pubeurope.com\/@fi\/117144847320226596","error":""},"_links":{"self":[{"href":"https:\/\/www.europesays.com\/fi\/wp-json\/wp\/v2\/posts\/331643","targetHints":{"allow":["GET"]}}],"collection":[{"href":"https:\/\/www.europesays.com\/fi\/wp-json\/wp\/v2\/posts"}],"about":[{"href":"https:\/\/www.europesays.com\/fi\/wp-json\/wp\/v2\/types\/post"}],"author":[{"embeddable":true,"href":"https:\/\/www.europesays.com\/fi\/wp-json\/wp\/v2\/users\/2"}],"replies":[{"embeddable":true,"href":"https:\/\/www.europesays.com\/fi\/wp-json\/wp\/v2\/comments?post=331643"}],"version-history":[{"count":0,"href":"https:\/\/www.europesays.com\/fi\/wp-json\/wp\/v2\/posts\/331643\/revisions"}],"wp:featuredmedia":[{"embeddable":true,"href":"https:\/\/www.europesays.com\/fi\/wp-json\/wp\/v2\/media\/331644"}],"wp:attachment":[{"href":"https:\/\/www.europesays.com\/fi\/wp-json\/wp\/v2\/media?parent=331643"}],"wp:term":[{"taxonomy":"category","embeddable":true,"href":"https:\/\/www.europesays.com\/fi\/wp-json\/wp\/v2\/categories?post=331643"},{"taxonomy":"post_tag","embeddable":true,"href":"https:\/\/www.europesays.com\/fi\/wp-json\/wp\/v2\/tags?post=331643"}],"curies":[{"name":"wp","href":"https:\/\/api.w.org\/{rel}","templated":true}]}}