{"id":331667,"date":"2026-08-23T13:24:11","date_gmt":"2026-08-23T13:24:11","guid":{"rendered":"https:\/\/www.europesays.com\/fi\/331667\/"},"modified":"2026-08-23T13:24:11","modified_gmt":"2026-08-23T13:24:11","slug":"oslon-lentokentta-suljettiin-sunnuntaina-viideksi-tunniksi-uutissuomalainen-4","status":"publish","type":"post","link":"https:\/\/www.europesays.com\/fi\/331667\/","title":{"rendered":"Oslon lentokentt\u00e4 suljettiin sunnuntaina viideksi tunniksi | Uutissuomalainen"},"content":{"rendered":"<p>Norjassa Oslon Gardermoenin lentokentt\u00e4 avautui lentoliikenteelle sunnuntaina Suomen aikaa puoli yhdelt\u00e4 iltap\u00e4iv\u00e4ll\u00e4. Kentt\u00e4 oli aamup\u00e4iv\u00e4st\u00e4 kiinni viiden tunnin ajan lennonjohtajien lakon takia.<\/p>\n<p>Pelk\u00e4st\u00e4\u00e4n lentoyhti\u00f6 Norwegian perui sunnuntailta yli 70 lentoa. Perumisilla oli vaikutusta noin 9\u2009000 matkustajaan.<\/p>\n<p>Norjan yleisradioyhti\u00f6 <a href=\"https:\/\/www.nrk.no\/artikkel\/oslo-lufthavn-apen-for-trafikk-ketsjupeffekt-resten-av-dagen-1526371\" rel=\"nofollow noopener\" target=\"_blank\">NRK<\/a> kertoi, ett\u00e4 useiden Norjan lentoasemien toiminnasta vastaava Avinor varoitti merkitt\u00e4vien my\u00f6h\u00e4stymisien ja mahdollisten lentojen peruuntumisten jatkuvan viel\u00e4 pitk\u00e4\u00e4n sunnuntaina.<\/p>\n<p>Lennonjohtajien lakko alkoi perjantaina, ja se on n\u00e4kynyt matkustajille lentojen my\u00f6h\u00e4stymisin\u00e4 ja peruutuksina useilla norjalaisilla lentokentill\u00e4.<\/p>\n<p>Norjalaislehti <a href=\"https:\/\/e24.no\/naeringsliv\/i\/K8eldo\/tok-nattbuss-for-aa-rekke-fly-kjedelig\" rel=\"nofollow noopener\" target=\"_blank\">VG:n<\/a> mukaan ratkaisua lakkoon ei ole viel\u00e4 n\u00e4k\u00f6piiriss\u00e4 ja joitain ty\u00f6taistelutoimia on suunnitteilla my\u00f6s alkavalle viikolle. Norjan lennonjohtajayhdistys on kertonut kiistaa olevan esimerkiksi taukojen m\u00e4\u00e4r\u00e4st\u00e4.<\/p>\n","protected":false},"excerpt":{"rendered":"Norjassa Oslon Gardermoenin lentokentt\u00e4 avautui lentoliikenteelle sunnuntaina Suomen aikaa puoli yhdelt\u00e4 iltap\u00e4iv\u00e4ll\u00e4. Kentt\u00e4 oli aamup\u00e4iv\u00e4st\u00e4 kiinni viiden tunnin&hellip;\n","protected":false},"author":2,"featured_media":331668,"comment_status":"","ping_status":"","sticky":false,"template":"","format":"standard","meta":{"footnotes":"","_share_on_mastodon":"0"},"categories":[14],"tags":[22,23,26,27,33,31,30,3861,17,1511,24,25,121,28,29,1616,15,5836,18,21,32,822,19,20,860,56,16,59,60,61],"class_list":["post-331667","post","type-post","status-publish","format-standard","has-post-thumbnail","category-ulkomaat","tag-breaking-news","tag-breakingnews","tag-featured-news","tag-featurednews","tag-fi","tag-finland","tag-finnish","tag-halpalentoyhtiot","tag-headlines","tag-joukkoviestinta","tag-latest-news","tag-latestnews","tag-liikenne-ja-kuljetus","tag-main-news","tag-mainnews","tag-media-viestinta","tag-news","tag-oslo","tag-otsikot","tag-paauutiset","tag-suomi","tag-teollisuustuotteet-ja-palvelut-sektori","tag-top-stories","tag-topstories","tag-tyoelama","tag-ulkomaat","tag-uutiset","tag-world","tag-world-news","tag-worldnews"],"share_on_mastodon":{"url":"https:\/\/pubeurope.com\/@fi\/117145047394039670","error":""},"_links":{"self":[{"href":"https:\/\/www.europesays.com\/fi\/wp-json\/wp\/v2\/posts\/331667","targetHints":{"allow":["GET"]}}],"collection":[{"href":"https:\/\/www.europesays.com\/fi\/wp-json\/wp\/v2\/posts"}],"about":[{"href":"https:\/\/www.europesays.com\/fi\/wp-json\/wp\/v2\/types\/post"}],"author":[{"embeddable":true,"href":"https:\/\/www.europesays.com\/fi\/wp-json\/wp\/v2\/users\/2"}],"replies":[{"embeddable":true,"href":"https:\/\/www.europesays.com\/fi\/wp-json\/wp\/v2\/comments?post=331667"}],"version-history":[{"count":0,"href":"https:\/\/www.europesays.com\/fi\/wp-json\/wp\/v2\/posts\/331667\/revisions"}],"wp:featuredmedia":[{"embeddable":true,"href":"https:\/\/www.europesays.com\/fi\/wp-json\/wp\/v2\/media\/331668"}],"wp:attachment":[{"href":"https:\/\/www.europesays.com\/fi\/wp-json\/wp\/v2\/media?parent=331667"}],"wp:term":[{"taxonomy":"category","embeddable":true,"href":"https:\/\/www.europesays.com\/fi\/wp-json\/wp\/v2\/categories?post=331667"},{"taxonomy":"post_tag","embeddable":true,"href":"https:\/\/www.europesays.com\/fi\/wp-json\/wp\/v2\/tags?post=331667"}],"curies":[{"name":"wp","href":"https:\/\/api.w.org\/{rel}","templated":true}]}}