{"id":331741,"date":"2026-08-23T15:38:10","date_gmt":"2026-08-23T15:38:10","guid":{"rendered":"https:\/\/www.europesays.com\/fi\/331741\/"},"modified":"2026-08-23T15:38:10","modified_gmt":"2026-08-23T15:38:10","slug":"alaikaisten-ajoluvista-tyrmistyttiin-jaakiekkoseurassa-vain-tavoitteellisesti-harrastavat-voivat-saada-kortin-yle","status":"publish","type":"post","link":"https:\/\/www.europesays.com\/fi\/331741\/","title":{"rendered":"Alaik\u00e4isten ajoluvista tyrmistyttiin j\u00e4\u00e4kiekkoseurassa \u2013 vain tavoitteellisesti harrastavat voivat saada kortin &#8211; Yle"},"content":{"rendered":"<ol>\n<li><a href=\"https:\/\/news.google.com\/rss\/articles\/CBMiQkFVX3lxTE5KamJSS0pOTHc1TVpxR0Z6dlVCQ2V5RUdXUEd1Y2RUMlVyWV9zdTJIZURJR0VZWGZUbnBUQTFOclJOdw?oc=5\" target=\"_blank\" rel=\"nofollow noopener\">Alaik\u00e4isten ajoluvista tyrmistyttiin j\u00e4\u00e4kiekkoseurassa \u2013 vain tavoitteellisesti harrastavat voivat saada kortin<\/a>&nbsp;&nbsp;Yle<\/li>\n<li><a href=\"https:\/\/news.google.com\/rss\/articles\/CBMirgFBVV95cUxNT0Q3N0VER3ctdE5lNXlUMXdHeFEyVDBYeGJ1cHlMQlVGQ3BRYjRMNU5WZlNwVVhITWJSUW5MaUEzNEJvclpsVVNScTlxLWc5bTU4dU9aMGFaNXhBaHRWT0MzX3lyQ042QzlqZmFBc0ZEbTB2T0pneF85aGZWVE1MWFd0TUxaQ0pzTHhsMGttdDFxX3haYkRqQ0pBUThIRXI0Znl0X280NTBRYXl5NHc?oc=5\" target=\"_blank\" rel=\"nofollow noopener\">Suomen Suunnistusliiton ohjeet ajokortin ik\u00e4poikkeusluvan hakemiseen<\/a>&nbsp;&nbsp;Suunnistusliitto<\/li>\n<li><a href=\"https:\/\/news.google.com\/rss\/articles\/CBMiQEFVX3lxTE4yRDNqTUlQM3hzTi11a0tDNkFuTW9MYUxBbnAyVlFSem1nSl9aTmxTMDVCN0dISGxxUUNxMllxZ2E?oc=5\" target=\"_blank\" rel=\"nofollow noopener\">Ehtojen kiristys vaikutti heti ajokortin ik\u00e4poikkeuslupaa hakevien m\u00e4\u00e4r\u00e4\u00e4n<\/a>&nbsp;&nbsp;ts.fi<\/li>\n<li><a href=\"https:\/\/news.google.com\/rss\/articles\/CBMioAFBVV95cUxOQm84Ti01anFzRDVINFhmZDB2WDFreGVwMFlBbC1qdlcyUFQ3dlVfVS1PUE5WcDEyYVliUC16S3dQV1l6eGlZX0xLYUpXRW1rcjM2cTdiVjBYdFF3RXJmOUxaenhMY1JpUkRGZFR0VjY1RkFMMU9BR3BtOVAzTkhvUVhDU2NWVTJjbC1vYVJQTnExQXdBcW9LWUo2S0Z0SHpQ?oc=5\" target=\"_blank\" rel=\"nofollow noopener\">Suunnitteletko ajokortin hankkimista? Merkitt\u00e4vi\u00e4 muutoksia tulossa<\/a>&nbsp;&nbsp;Stara.fi<\/li>\n<li><a href=\"https:\/\/news.google.com\/rss\/articles\/CBMi7gFBVV95cUxPUmZvRXJsNkROa3NEbDQ2RTJ2NjRCOTdDdXV3dkl0YUpIX0hYdEowRzREVTNxMmEtcjM3MWlpcVlEa0RjaGQyZWtCQUFORXFBOTBEYjZrUXQ4b2lmTndyTG90RHdaeWdiUjljSkUwbzhOVXNSc2NpN2lkOGNOUHBiaU5xVzcxdmIxcFBwbzFiY0pyUXdJMWJFejVmMm9rc0ZzYlEwS01JZzNFMTFVNzlOSGpIbDZ0enZEMG5GNHpONEdjTTIyeGE0WHdLTmJIVVAyX1hzRHo0Y2JQZTRicFRkaVQwRmEyT2NiRjRzVDhR?oc=5\" target=\"_blank\" rel=\"nofollow noopener\">Ajokortin ik\u00e4poikkeuslupaan muutoksia \u2013 tavoitteellisesti urheileva nuori tarvitsee lajiliiton todistuksen<\/a>&nbsp;&nbsp;Olympiakomitea<\/li>\n<\/ol>\n","protected":false},"excerpt":{"rendered":"Alaik\u00e4isten ajoluvista tyrmistyttiin j\u00e4\u00e4kiekkoseurassa \u2013 vain tavoitteellisesti harrastavat voivat saada kortin&nbsp;&nbsp;Yle Suomen Suunnistusliiton ohjeet ajokortin ik\u00e4poikkeusluvan hakemiseen&nbsp;&nbsp;Suunnistusliitto Ehtojen&hellip;\n","protected":false},"author":2,"featured_media":331742,"comment_status":"","ping_status":"","sticky":false,"template":"","format":"standard","meta":{"footnotes":"","_share_on_mastodon":"0"},"categories":[5],"tags":[9816,22,23,26,27,33,31,30,478,17,1143,12780,71,24,25,4728,28,29,15,814,18,952,21,728,3571,32,19,20,160,16],"class_list":["post-331741","post","type-post","status-publish","format-standard","has-post-thumbnail","category-otsikot","tag-ajokortit","tag-breaking-news","tag-breakingnews","tag-featured-news","tag-featurednews","tag-fi","tag-finland","tag-finnish","tag-harrastukset","tag-headlines","tag-jaakiekko","tag-kiiminki","tag-kotimaa","tag-latest-news","tag-latestnews","tag-liikenne-ja-viestintavirasto","tag-main-news","tag-mainnews","tag-news","tag-nuoret","tag-otsikot","tag-oulu","tag-paauutiset","tag-pohjois-pohjanmaa","tag-suomen-jaakiekkoliitto","tag-suomi","tag-top-stories","tag-topstories","tag-urheilu","tag-uutiset"],"share_on_mastodon":{"url":"https:\/\/pubeurope.com\/@fi\/117145573973660404","error":""},"_links":{"self":[{"href":"https:\/\/www.europesays.com\/fi\/wp-json\/wp\/v2\/posts\/331741","targetHints":{"allow":["GET"]}}],"collection":[{"href":"https:\/\/www.europesays.com\/fi\/wp-json\/wp\/v2\/posts"}],"about":[{"href":"https:\/\/www.europesays.com\/fi\/wp-json\/wp\/v2\/types\/post"}],"author":[{"embeddable":true,"href":"https:\/\/www.europesays.com\/fi\/wp-json\/wp\/v2\/users\/2"}],"replies":[{"embeddable":true,"href":"https:\/\/www.europesays.com\/fi\/wp-json\/wp\/v2\/comments?post=331741"}],"version-history":[{"count":0,"href":"https:\/\/www.europesays.com\/fi\/wp-json\/wp\/v2\/posts\/331741\/revisions"}],"wp:featuredmedia":[{"embeddable":true,"href":"https:\/\/www.europesays.com\/fi\/wp-json\/wp\/v2\/media\/331742"}],"wp:attachment":[{"href":"https:\/\/www.europesays.com\/fi\/wp-json\/wp\/v2\/media?parent=331741"}],"wp:term":[{"taxonomy":"category","embeddable":true,"href":"https:\/\/www.europesays.com\/fi\/wp-json\/wp\/v2\/categories?post=331741"},{"taxonomy":"post_tag","embeddable":true,"href":"https:\/\/www.europesays.com\/fi\/wp-json\/wp\/v2\/tags?post=331741"}],"curies":[{"name":"wp","href":"https:\/\/api.w.org\/{rel}","templated":true}]}}