{"id":331865,"date":"2026-08-23T19:31:08","date_gmt":"2026-08-23T19:31:08","guid":{"rendered":"https:\/\/www.europesays.com\/fi\/331865\/"},"modified":"2026-08-23T19:31:08","modified_gmt":"2026-08-23T19:31:08","slug":"armeijan-suurharjoitus-alkaa-huomenna-kaduille-satoja-sotilaita-ja-kymmenia-ajoneuvoja-helsingin-uutiset","status":"publish","type":"post","link":"https:\/\/www.europesays.com\/fi\/331865\/","title":{"rendered":"Armeijan suurharjoitus alkaa huomenna \u2013 kaduille satoja sotilaita ja kymmeni\u00e4 ajoneuvoja &#8211; Helsingin Uutiset"},"content":{"rendered":"<ol>\n<li><a href=\"https:\/\/news.google.com\/rss\/articles\/CBMiXEFVX3lxTFA5ZXg1UFdyZ3JwSC1HcUtmbm8yWWlYeXFwTldwa3J2b2J3QTU4VVpKdW9EdXlhYzhIRWUwRlZ0S0pqel92TjNldzFpTFNpOHdjUHc4bnNxYVkyOGd1?oc=5\" target=\"_blank\" rel=\"nofollow noopener\">Armeijan suurharjoitus alkaa huomenna \u2013 kaduille satoja sotilaita ja kymmeni\u00e4 ajoneuvoja<\/a>&nbsp;&nbsp;Helsingin Uutiset<\/li>\n<li><a href=\"https:\/\/news.google.com\/rss\/articles\/CBMimwFBVV95cUxNNlVfYjlPLXV5cWZaeFBTZDBLdDhGazR3X1NHNnFuSEpQMGhCOGVaT21XUk1YX3A3NExnbmZ0LVcweUxGMkZmWmI3TzM2R2hKTHo2X3VTeGtIRlc1akthZzR2ZzZudTh1MjJKYXJCRE95bnhESkU2UU10OWJ2TjlOR2lSTnNnRHRHQjktUTFQVzZsbEE1WHQyYWEwUQ?oc=5\" target=\"_blank\" rel=\"nofollow noopener\">Kaartin j\u00e4\u00e4k\u00e4rirykmentti harjoittelee paikallispuolustusta Uudellamaalla<\/a>&nbsp;&nbsp;Maavoimat<\/li>\n<li><a href=\"https:\/\/news.google.com\/rss\/articles\/CBMiqgFBVV95cUxNOUs3VldaS3FzR0d1dDhzVFExVFFzZkVhaUJKN2VDSWkyT2doVGJTUUp0QXVVNi1BbXhJbUpydi1LeU11MXU0RmE2ak9yRWUxUlRaVVVZaVNfZ2hOT3laSG15cGhpVWp5eWlhcWgyZ0xuVTRqODhpbDhqWnJXME9EOGtlaGcyNVVuNVNxWXNvUlh1YlRIY0xmdGFvX1JmbnlpTGdZM0dRSjJCQQ?oc=5\" target=\"_blank\" rel=\"nofollow noopener\">Pans\u00adsa\u00adripri\u00adkaa\u00adtin johtama puo\u00adlus\u00adtus\u00adhar\u00adjoi\u00adtus n\u00e4kyy Keski-\u200bSuomessa 29.8.\u20134.9.2026<\/a>&nbsp;&nbsp;Keski-Suomen hyvinvointialue<\/li>\n<li><a href=\"https:\/\/news.google.com\/rss\/articles\/CBMiogFBVV95cUxPcTFPTnVydXBlV0phd1N1ZzVNVFR2am55Y2x5dkRqNFQ0VXRpUXFubzhpemJ3aW1iVmc4YkRyeFZWYTM1UEVCNzl5UFVVcVVPYkh4a05mTVJfaHoxQTdabkhycjZTTFEyNjc3MEZPeklXS3ZWQllTcEx2OVlmUUJoNnI0OHgxMmlFNC1FZlZkZ0NCU2FnQU13czQ4dkkyVVk2d3c?oc=5\" target=\"_blank\" rel=\"nofollow noopener\">Paikallispuolustusharjoitukset n\u00e4kyv\u00e4t kuun vaihteessa eri puolilla Suomea<\/a>&nbsp;&nbsp;Reservil\u00e4inen<\/li>\n<li><a href=\"https:\/\/news.google.com\/rss\/articles\/CBMie0FVX3lxTE90bjA5RnNPWlU3WUVTVmpoNFVlNTczY3dHdzRtRWh6UEF3R1JSUE9tRFNYbnZwektPek9aN1JFTVJIaE5lUFc5NUhqeUxhcHVXY19pbU9ORExFVmF2SnlOc2lHOFIwNE81RHpndDlsaFZwcE83S3E0akRiQQ?oc=5\" target=\"_blank\" rel=\"nofollow noopener\">Satoja sotilaita liikkeell\u00e4 Uudellamaalla: T\u00e4st\u00e4 on kyse<\/a>&nbsp;&nbsp;Iltalehti<\/li>\n<\/ol>\n","protected":false},"excerpt":{"rendered":"Armeijan suurharjoitus alkaa huomenna \u2013 kaduille satoja sotilaita ja kymmeni\u00e4 ajoneuvoja&nbsp;&nbsp;Helsingin Uutiset Kaartin j\u00e4\u00e4k\u00e4rirykmentti harjoittelee paikallispuolustusta Uudellamaalla&nbsp;&nbsp;Maavoimat Pans\u00adsa\u00adripri\u00adkaa\u00adtin&hellip;\n","protected":false},"author":2,"featured_media":331866,"comment_status":"","ping_status":"","sticky":false,"template":"","format":"standard","meta":{"footnotes":"","_share_on_mastodon":"0"},"categories":[12],"tags":[802,1695,22,23,26,27,33,31,30,17,24,25,28,29,15,18,21,878,2535,6241,32,19,20,16,2359],"class_list":["post-331865","post","type-post","status-publish","format-standard","has-post-thumbnail","category-suomi","tag-armeijat-ja-aseelliset-joukot","tag-asevelvollisuus","tag-breaking-news","tag-breakingnews","tag-featured-news","tag-featurednews","tag-fi","tag-finland","tag-finnish","tag-headlines","tag-latest-news","tag-latestnews","tag-main-news","tag-mainnews","tag-news","tag-otsikot","tag-paauutiset","tag-puolustus-ja-rajavalvonta-maanpuolustus","tag-puolustuspolitiikka","tag-sotilaat","tag-suomi","tag-top-stories","tag-topstories","tag-uutiset","tag-vantaa"],"share_on_mastodon":{"url":"https:\/\/pubeurope.com\/@fi\/117146490276007879","error":""},"_links":{"self":[{"href":"https:\/\/www.europesays.com\/fi\/wp-json\/wp\/v2\/posts\/331865","targetHints":{"allow":["GET"]}}],"collection":[{"href":"https:\/\/www.europesays.com\/fi\/wp-json\/wp\/v2\/posts"}],"about":[{"href":"https:\/\/www.europesays.com\/fi\/wp-json\/wp\/v2\/types\/post"}],"author":[{"embeddable":true,"href":"https:\/\/www.europesays.com\/fi\/wp-json\/wp\/v2\/users\/2"}],"replies":[{"embeddable":true,"href":"https:\/\/www.europesays.com\/fi\/wp-json\/wp\/v2\/comments?post=331865"}],"version-history":[{"count":0,"href":"https:\/\/www.europesays.com\/fi\/wp-json\/wp\/v2\/posts\/331865\/revisions"}],"wp:featuredmedia":[{"embeddable":true,"href":"https:\/\/www.europesays.com\/fi\/wp-json\/wp\/v2\/media\/331866"}],"wp:attachment":[{"href":"https:\/\/www.europesays.com\/fi\/wp-json\/wp\/v2\/media?parent=331865"}],"wp:term":[{"taxonomy":"category","embeddable":true,"href":"https:\/\/www.europesays.com\/fi\/wp-json\/wp\/v2\/categories?post=331865"},{"taxonomy":"post_tag","embeddable":true,"href":"https:\/\/www.europesays.com\/fi\/wp-json\/wp\/v2\/tags?post=331865"}],"curies":[{"name":"wp","href":"https:\/\/api.w.org\/{rel}","templated":true}]}}