{"id":331973,"date":"2026-08-23T22:59:13","date_gmt":"2026-08-23T22:59:13","guid":{"rendered":"https:\/\/www.europesays.com\/fi\/331973\/"},"modified":"2026-08-23T22:59:13","modified_gmt":"2026-08-23T22:59:13","slug":"nrk-norjan-kuninkaan-veressa-bakteeri-infektio-jota-hoidetaan-sairaalassa-uutisia-lyhyesti","status":"publish","type":"post","link":"https:\/\/www.europesays.com\/fi\/331973\/","title":{"rendered":"NRK: Norjan kuninkaan veress\u00e4 bakteeri-infektio, jota hoidetaan sairaalassa | Uutisia lyhyesti"},"content":{"rendered":"<p class=\"aw__sc-1qwuw0s-0 aw__sc-1vg2sqm-0 epAWpq ecELkD yle__article__paragraph\">Kuningas Harald joutui maanantaina sairaalahoitoon verisairauden hoidon vuoksi.<\/p>\n<p><img decoding=\"async\" alt=\"YleGPT:n generoima ehdotus kuvailevasta tekstist\u00e4:  I\u00e4k\u00e4s mies pukup\u00e4\u00e4ll\u00e4 istuu sis\u00e4tiloissa muiden ihmisten seurassa.\" src=\"https:\/\/www.europesays.com\/fi\/wp-content\/uploads\/2026\/08\/1786988993.jpeg\" class=\"aw__sc-dklauk-0 LPzKX\"\/><\/p>\n<p>Avaa kuvien katselu<\/p>\n<p>Norjan kuningas Harald. Kuva: Bo Amstrup \/ AFP<\/p>\n<p>23.8. 20:44\u2022P\u00e4ivitetty 23.8. 20:56<\/p>\n<p class=\"aw__sc-1qwuw0s-0 aw__sc-ngllmo-0 epAWpq fzYpjk yle__article__paragraph\">Norjan kuninkaan <strong class=\"aw__sc-ngllmo-2 gdRrun yle__article__strong\">Haraldin<\/strong> terveydentila on huonontunut, kertoo <a class=\"aw__sc-ngllmo-1 bTDnwX yle__article__link\" href=\"https:\/\/www.nrk.no\/nyheter\/kongefamilien-1.11661059\" role=\"link\" rel=\"nofollow noopener\" target=\"_blank\">NRK<\/a>. Kuningas Haraldin terveydentila huononi viikonloppuna.<\/p>\n<p class=\"aw__sc-1qwuw0s-0 aw__sc-ngllmo-0 epAWpq fzYpjk yle__article__paragraph\">Kuningas saa antibiootteja veress\u00e4 olevan bakteeri-infektion hoitoon, <a class=\"aw__sc-ngllmo-1 bTDnwX yle__article__link\" href=\"https:\/\/www.kongehuset.no\/presse\/pressemeldinger\/oppdatering-om-kongens-helse\" role=\"link\" rel=\"nofollow noopener\" target=\"_blank\">tiedottaa Norjan kuningashuone<\/a>. Tilanne on vakaa, mutta kuningas Harald pysyy sairaalassa ja on sairauslomalla toistaiseksi.<\/p>\n<p class=\"aw__sc-1qwuw0s-0 aw__sc-ngllmo-0 epAWpq fzYpjk yle__article__paragraph\">NRK kertoi perjantaina, ett\u00e4 kuningas Harald oli sairaalahoidossa Oslon yliopistollisessa sairaalassa.<\/p>\n<p class=\"aw__sc-1qwuw0s-0 aw__sc-ngllmo-0 epAWpq fzYpjk yle__article__paragraph\">Maanantaina t\u00e4ll\u00e4 viikolla 89-vuotias kuningas <a class=\"aw__sc-ngllmo-1 bTDnwX yle__article__link\" href=\"https:\/\/yle.fi\/a\/74-20241500\" role=\"link\" rel=\"nofollow noopener\" target=\"_blank\">otettiin sis\u00e4\u00e4n sairalaan<\/a> l\u00e4\u00e4k\u00e4rintarkastuksen j\u00e4lkeen.<\/p>\n<p class=\"aw__sc-1qwuw0s-0 aw__sc-ngllmo-0 epAWpq fzYpjk yle__article__paragraph\">Norjan kuningashuone ilmoitti tuolloin, ett\u00e4 kuningasta oli viime viikkoina hoidettu kortisonilla hemolyyttisen anemian vuoksi.<\/p>\n<p class=\"aw__sc-1qwuw0s-0 aw__sc-ngllmo-0 epAWpq fzYpjk yle__article__paragraph\">T\u00e4m\u00e4 oli johtanut nesteen kertymiseen kehoon, jota oli hoidettava sairaalassa.<\/p>\n<p class=\"aw__sc-1qwuw0s-0 aw__sc-ngllmo-0 epAWpq fzYpjk yle__article__paragraph\">Maanantainen ilmoitus oli ensimm\u00e4inen kerta, kun julkisuuteen kerrottiin, ett\u00e4 kuningas k\u00e4rsii kyseisest\u00e4 verisairaudesta.<\/p>\n","protected":false},"excerpt":{"rendered":"Kuningas Harald joutui maanantaina sairaalahoitoon verisairauden hoidon vuoksi. Avaa kuvien katselu Norjan kuningas Harald. Kuva: Bo Amstrup \/&hellip;\n","protected":false},"author":2,"featured_media":331974,"comment_status":"","ping_status":"","sticky":false,"template":"","format":"standard","meta":{"footnotes":"","_share_on_mastodon":"0"},"categories":[14],"tags":[22,23,26,27,33,31,30,12122,17,652,24,25,28,29,15,385,5586,18,21,32,6872,19,20,56,16,59,60,61],"class_list":["post-331973","post","type-post","status-publish","format-standard","has-post-thumbnail","category-ulkomaat","tag-breaking-news","tag-breakingnews","tag-featured-news","tag-featurednews","tag-fi","tag-finland","tag-finnish","tag-harald-v","tag-headlines","tag-kuninkaalliset","tag-latest-news","tag-latestnews","tag-main-news","tag-mainnews","tag-news","tag-norja","tag-norjan-kuninkaalliset","tag-otsikot","tag-paauutiset","tag-suomi","tag-terveydentila","tag-top-stories","tag-topstories","tag-ulkomaat","tag-uutiset","tag-world","tag-world-news","tag-worldnews"],"share_on_mastodon":{"url":"https:\/\/pubeurope.com\/@fi\/117147308616881895","error":""},"_links":{"self":[{"href":"https:\/\/www.europesays.com\/fi\/wp-json\/wp\/v2\/posts\/331973","targetHints":{"allow":["GET"]}}],"collection":[{"href":"https:\/\/www.europesays.com\/fi\/wp-json\/wp\/v2\/posts"}],"about":[{"href":"https:\/\/www.europesays.com\/fi\/wp-json\/wp\/v2\/types\/post"}],"author":[{"embeddable":true,"href":"https:\/\/www.europesays.com\/fi\/wp-json\/wp\/v2\/users\/2"}],"replies":[{"embeddable":true,"href":"https:\/\/www.europesays.com\/fi\/wp-json\/wp\/v2\/comments?post=331973"}],"version-history":[{"count":0,"href":"https:\/\/www.europesays.com\/fi\/wp-json\/wp\/v2\/posts\/331973\/revisions"}],"wp:featuredmedia":[{"embeddable":true,"href":"https:\/\/www.europesays.com\/fi\/wp-json\/wp\/v2\/media\/331974"}],"wp:attachment":[{"href":"https:\/\/www.europesays.com\/fi\/wp-json\/wp\/v2\/media?parent=331973"}],"wp:term":[{"taxonomy":"category","embeddable":true,"href":"https:\/\/www.europesays.com\/fi\/wp-json\/wp\/v2\/categories?post=331973"},{"taxonomy":"post_tag","embeddable":true,"href":"https:\/\/www.europesays.com\/fi\/wp-json\/wp\/v2\/tags?post=331973"}],"curies":[{"name":"wp","href":"https:\/\/api.w.org\/{rel}","templated":true}]}}