{"id":332045,"date":"2026-08-24T01:36:16","date_gmt":"2026-08-24T01:36:16","guid":{"rendered":"https:\/\/www.europesays.com\/fi\/332045\/"},"modified":"2026-08-24T01:36:16","modified_gmt":"2026-08-24T01:36:16","slug":"patria-aikoo-valmistaa-suomessa-drooneja-ukrainalaisyhtion-kanssa-vaikutusta-patria-dronesin-tuotantoon-muuramessa-ei-kommentoitu-keski-suomi","status":"publish","type":"post","link":"https:\/\/www.europesays.com\/fi\/332045\/","title":{"rendered":"Patria aikoo valmistaa Suomessa drooneja ukrainalaisyhti\u00f6n kanssa \u2013 vaikutusta Patria Dronesin tuotantoon Muuramessa ei kommentoitu | Keski-Suomi"},"content":{"rendered":"<p>Puolustusteollisuusyhti\u00f6 Patria ja ukrainalainen droonivalmistaja ovat allekirjoittaneet aiesopimuksen, Patria kertoo. Osana yhteisty\u00f6t\u00e4 Patria suunnittelee k\u00e4ynnist\u00e4v\u00e4ns\u00e4 droonien tuotannon Suomessa.<\/p>\n<p>Ukrainalainen droonivalmistaja on Center of Unmanned Technologies LLC, ja siit\u00e4 k\u00e4ytet\u00e4\u00e4n my\u00f6s nime\u00e4 General Cherry.<\/p>\n<p>Kiovassa vieraileva presidentti <strong>Alexander Stubb<\/strong> kertoi viestipalvelu X:ss\u00e4 sunnuntaina, ett\u00e4 mukana vierailulla h\u00e4nen kanssaan oli seitsem\u00e4n suomalaisyrityst\u00e4, joista kolme allekirjoitti matkalla aiesopimukset. Patrian lis\u00e4ksi sopimukset tekiv\u00e4t Insta ja Boomeranger.<\/p>\n<p>\u2013\u2009Teollista yhteisty\u00f6t\u00e4 edistet\u00e4\u00e4n maalla, merell\u00e4 ja ilmassa, Stubb kirjoitti p\u00e4ivityksess\u00e4\u00e4n.<\/p>\n<p>Muita Stubbin mukana olleita yrityksi\u00e4 olivat Nokia, Iceye, Sensofusion ja NestAi.<\/p>\n<p>Patrian viestint\u00e4johtaja <strong>Sirje Ahvenlampi-Hyv\u00f6nen<\/strong> ei sunnuntaina kertonut, miten aiesopimus vaikuttaa Patria Dronesin tuotantoon Muuramessa.<\/p>\n<p>\u2013\u2009Me emme kommentoi, miss\u00e4 droonivalmistusta tehd\u00e4\u00e4n, Ahvenlampi-Hyv\u00f6nen totesi.<\/p>\n","protected":false},"excerpt":{"rendered":"Puolustusteollisuusyhti\u00f6 Patria ja ukrainalainen droonivalmistaja ovat allekirjoittaneet aiesopimuksen, Patria kertoo. Osana yhteisty\u00f6t\u00e4 Patria suunnittelee k\u00e4ynnist\u00e4v\u00e4ns\u00e4 droonien tuotannon Suomessa.&hellip;\n","protected":false},"author":2,"featured_media":332046,"comment_status":"","ping_status":"","sticky":false,"template":"","format":"standard","meta":{"footnotes":"","_share_on_mastodon":"0"},"categories":[12],"tags":[3406,22,23,26,27,33,31,30,17,3488,24,25,28,29,2748,15,18,21,142,637,2535,32,19,20,2534,16],"class_list":["post-332045","post","type-post","status-publish","format-standard","has-post-thumbnail","category-suomi","tag-alexander-stubb","tag-breaking-news","tag-breakingnews","tag-featured-news","tag-featurednews","tag-fi","tag-finland","tag-finnish","tag-headlines","tag-kiova","tag-latest-news","tag-latestnews","tag-main-news","tag-mainnews","tag-muurame","tag-news","tag-otsikot","tag-paauutiset","tag-poliitikot","tag-politiikka","tag-puolustuspolitiikka","tag-suomi","tag-top-stories","tag-topstories","tag-turvallisuuspolitiikka","tag-uutiset"],"share_on_mastodon":{"url":"https:\/\/pubeurope.com\/@fi\/117147925868452360","error":""},"_links":{"self":[{"href":"https:\/\/www.europesays.com\/fi\/wp-json\/wp\/v2\/posts\/332045","targetHints":{"allow":["GET"]}}],"collection":[{"href":"https:\/\/www.europesays.com\/fi\/wp-json\/wp\/v2\/posts"}],"about":[{"href":"https:\/\/www.europesays.com\/fi\/wp-json\/wp\/v2\/types\/post"}],"author":[{"embeddable":true,"href":"https:\/\/www.europesays.com\/fi\/wp-json\/wp\/v2\/users\/2"}],"replies":[{"embeddable":true,"href":"https:\/\/www.europesays.com\/fi\/wp-json\/wp\/v2\/comments?post=332045"}],"version-history":[{"count":0,"href":"https:\/\/www.europesays.com\/fi\/wp-json\/wp\/v2\/posts\/332045\/revisions"}],"wp:featuredmedia":[{"embeddable":true,"href":"https:\/\/www.europesays.com\/fi\/wp-json\/wp\/v2\/media\/332046"}],"wp:attachment":[{"href":"https:\/\/www.europesays.com\/fi\/wp-json\/wp\/v2\/media?parent=332045"}],"wp:term":[{"taxonomy":"category","embeddable":true,"href":"https:\/\/www.europesays.com\/fi\/wp-json\/wp\/v2\/categories?post=332045"},{"taxonomy":"post_tag","embeddable":true,"href":"https:\/\/www.europesays.com\/fi\/wp-json\/wp\/v2\/tags?post=332045"}],"curies":[{"name":"wp","href":"https:\/\/api.w.org\/{rel}","templated":true}]}}