{"id":332147,"date":"2026-08-24T05:02:12","date_gmt":"2026-08-24T05:02:12","guid":{"rendered":"https:\/\/www.europesays.com\/fi\/332147\/"},"modified":"2026-08-24T05:02:12","modified_gmt":"2026-08-24T05:02:12","slug":"yrittaja-hyodynnatko-tekoalya-kuvissa-ja-teksteissa-nain-kaytto-pitaa-merkita","status":"publish","type":"post","link":"https:\/\/www.europesays.com\/fi\/332147\/","title":{"rendered":"Yritt\u00e4j\u00e4, hy\u00f6dynn\u00e4tk\u00f6 teko\u00e4ly\u00e4 kuvissa ja teksteiss\u00e4? N\u00e4in k\u00e4ytt\u00f6 pit\u00e4\u00e4 merkit\u00e4"},"content":{"rendered":"<p class=\"gb-ingress__content\">\n\t\t\t\tUudet teko\u00e4lyohjeet astuivat voimaan elokuun alussa.&#13;\n\t\t\t<\/p>\n<p class=\"wp-block-paragraph\">EU:n teko\u00e4lyasetuksen pohjalta on annettu uutta ohjeistusta, joka vaatii yrityksi\u00e4 merkitsem\u00e4\u00e4n selv\u00e4sti, jos sen julkaisemissa kuvissa on k\u00e4ytetty teko\u00e4ly\u00e4. Sama koskee my\u00f6s videoita, musiikkia ja muuta \u00e4\u00e4nt\u00e4. My\u00f6s chatbottia tarjottaessa on asiakkaalle ilmoitettava, ett\u00e4 t\u00e4m\u00e4 keskustelee teko\u00e4lyn kanssa.<\/p>\n<p class=\"wp-block-paragraph\">Teko\u00e4lyasetuksen ja sen pohjalta annetun ohjeistuksen noudattamista valvoo Traficom, joka julkaisi viime viikolla <a href=\"https:\/\/www.traficom.fi\/fi\/tekoalyn-saantely\/milloin-tekoalyn-kaytosta-pitaa-kertoa\" rel=\"nofollow noopener\" target=\"_blank\">ohjeistuksen teko\u00e4lymerkinn\u00f6ist\u00e4<\/a>.<\/p>\n<p class=\"wp-block-paragraph\">Teko\u00e4lyn hy\u00f6dynt\u00e4minen kuvissa voidaan merkit\u00e4 mm. seuraavilla kolmenlaisilla ns. EU-kuvakkeilla. My\u00f6s omaa kuvaketta tai tekstimerkint\u00e4\u00e4 voi k\u00e4ytt\u00e4\u00e4.<\/p>\n<p><img loading=\"lazy\" decoding=\"async\" width=\"1024\" height=\"1024\" src=\"https:\/\/www.europesays.com\/fi\/wp-content\/uploads\/2026\/08\/aiperus-1024x1024.webp\" alt=\"\" class=\"wp-image-877305\"  \/>Peruskuvake AI: Kun teko\u00e4ly on osallistunut sis\u00e4ll\u00f6n luomiseen<\/p>\n<p><img loading=\"lazy\" decoding=\"async\" width=\"1024\" height=\"342\" src=\"https:\/\/www.europesays.com\/fi\/wp-content\/uploads\/2026\/08\/aimodified-1024x342.webp\" alt=\"\" class=\"wp-image-877308\"  \/>AI Modified: Kun ihmisen tekem\u00e4\u00e4 sis\u00e4lt\u00f6\u00e4 on osin muokattu teko\u00e4lyn avulla<\/p>\n<p><img loading=\"lazy\" decoding=\"async\" width=\"1024\" height=\"325\" src=\"https:\/\/www.europesays.com\/fi\/wp-content\/uploads\/2026\/08\/aigenerated-1024x325.webp\" alt=\"\" class=\"wp-image-877312\"  \/>AI Generated: Kun sis\u00e4lt\u00f6 on kokonaan teko\u00e4lyn tuottamaa<\/p>\n<p class=\"wp-block-paragraph\">Yksityisten kansalaisten ei l\u00e4ht\u00f6kohtaisesti tarvitse merkit\u00e4 teko\u00e4lyll\u00e4 luomiaan ja esimerkiksi sosiaalisessa mediassa jakamiaan kuvia.<\/p>\n<p class=\"wp-block-paragraph\">Traficomin mukaan sosiaalisessa mediassa p\u00e4tee kuitenkin muiden jakelutapojen tapaan erityisesti kuvan k\u00e4ytt\u00f6tarkoitus. Jos kuva julkaistaan puhtaasti yksityisess\u00e4 tarkoituksessa, niin sit\u00e4 ei tarvitse merkit\u00e4. Jos taas yksityishenkil\u00f6 julkaisee kuvan sosiaalisessa mediassa esimerkiksi ammatillisessa tarkoituksessa, niin Traficomin mukaan silloin merkitsemisvelvollisuus p\u00e4tee.<\/p>\n<p>\t\t\tTraficomin ohje kuvien merkitsemiseen\t\t<\/p>\n<p>Tyypillisi\u00e4 v\u00e4h\u00e4isi\u00e4 kuvaan tehtyj\u00e4 muutoksia, jolloin AI-merkint\u00e4\u00e4 ei tarvita, ovat esimerkiksi<\/p>\n<ul>\n<li>v\u00e4h\u00e4inen rajaus tai kuvan suoristaminen<\/li>\n<li>pienet v\u00e4ri-, kirkkaus- ja ter\u00e4vyyss\u00e4\u00e4d\u00f6t<\/li>\n<li>videon vakauttaminen<\/li>\n<li>punasilm\u00e4isyyden tai teknisten virheiden poistaminen<\/li>\n<li>saavutettavuutta tukevat avustavat teknologiat, jotka eiv\u00e4t muuta viestin sis\u00e4lt\u00f6\u00e4.<\/li>\n<\/ul>\n<p>Sen sijaan merkitsemisvelvollisuus yleens\u00e4 syntyy, jos teko\u00e4ly muuttaa sis\u00e4ll\u00f6n merkityst\u00e4 tai sis\u00e4lt\u00f6\u00e4 olennaisesti. T\u00e4llaisia muutoksia ovat esimerkiksi<\/p>\n<ul>\n<li>uusien elementtien lis\u00e4\u00e4minen kuvaan tai videoon<\/li>\n<li>kohteiden, henkil\u00f6iden tai taustojen poistaminen<\/li>\n<li>kasvojen sumentaminen<\/li>\n<li>henkil\u00f6n ulkon\u00e4\u00f6n muuttaminen<\/li>\n<li>merkitt\u00e4v\u00e4t v\u00e4ri- ja kontrastimuokkaukset<\/li>\n<li>mustavalkoisen aineiston v\u00e4ritt\u00e4minen<\/li>\n<li>yhdistelm\u00e4kuvien tai -videoiden luominen<\/li>\n<li>muut sis\u00e4ll\u00f6llisesti merkitt\u00e4v\u00e4t muutokset<\/li>\n<\/ul>\n<p>L\u00e4hde: Traficom<\/p>\n<p>Teksteiss\u00e4 eri k\u00e4yt\u00e4nt\u00f6<\/p>\n<p class=\"wp-block-paragraph\">Yrityksen tuottamien tekstien osalta merkitsemisk\u00e4yt\u00e4nt\u00f6 on toinen. Jos yritys k\u00e4ytt\u00e4\u00e4 teko\u00e4ly\u00e4 yrityksen verkkosivujen tekstien, markkinointimateriaalien tekstien tai vastaavien luomisessa, niin n\u00e4m\u00e4 tulkitaan l\u00e4ht\u00f6kohtaisesti tavanomaiseksi markkinointimateriaaliksi, jolloin teko\u00e4lyn hy\u00f6dynt\u00e4misest\u00e4 kertovaa merkint\u00e4\u00e4 ei tarvitse k\u00e4ytt\u00e4\u00e4.<\/p>\n<p class=\"wp-block-paragraph\">Sen sijaan ns. yleist\u00e4 etua koskevat teko\u00e4lytekstit tulee merkit\u00e4. Yksik\u00f6np\u00e4\u00e4llikk\u00f6 <strong>Jarmo Riikonen<\/strong> Traficomista kertoo, ett\u00e4 \u201dyrityksen mediatiedote voinee jossain tapauksessa koskea yleist\u00e4 etua, mutta t\u00e4m\u00e4 olisi tapauskohtaisesti arvioitava\u201d.<\/p>\n<p class=\"wp-block-paragraph\">\u2013\u00a0Jos ihminen on tarkastanut tekstin ja ihminen tai oikeushenkil\u00f6 vastaa sen julkaisusta, yleist\u00e4k\u00e4\u00e4n etua koskevaa teksti\u00e4 ei v\u00e4ltt\u00e4m\u00e4tt\u00e4 tarvitse merkit\u00e4, Traficomin Riikonen sanoo.<\/p>\n<p>\t\t\tTraficomin ohje tekstien merkitsemiseen\t\t<\/p>\n<p>Teko\u00e4lyn avulla tuotettu tai muokattu teksti on merkitt\u00e4v\u00e4, jos se julkaistaan yleis\u00f6n tiedottamiseksi yleist\u00e4 etua koskevissa asioissa.<\/p>\n<p>Yleist\u00e4 etua koskevina asioina voidaan pit\u00e4\u00e4 esimerkiksi<\/p>\n<ul>\n<li>julkishallintoa<\/li>\n<li>perusoikeuksia<\/li>\n<li>kansanterveytt\u00e4<\/li>\n<li>ymp\u00e4rist\u00f6nsuojelua<\/li>\n<li>kuluttajaturvallisuutta<\/li>\n<li>yhteiskunnallisesti merkitt\u00e4v\u00e4\u00e4 taloudellista, poliittista, tieteellist\u00e4 tai kulttuurista kehityst\u00e4.<\/li>\n<\/ul>\n<p>Teko\u00e4lyn tuottamaa tai muokkaamaa yleist\u00e4 etua koskevaa teksti\u00e4 ei tarvitse merkit\u00e4, jos molemmat seuraavista ehdoista t\u00e4yttyv\u00e4t:<\/p>\n<ul>\n<li>ihminen on tarkastanut tekstin sis\u00e4ll\u00f6n tai teksti on ollut toimituksellisen valvonnan kohteena<\/li>\n<li>luonnollinen henkil\u00f6 tai oikeushenkil\u00f6 vastaa tekstin julkaisemisesta ja sen sis\u00e4ll\u00f6st\u00e4.<\/li>\n<\/ul>\n<p>Sis\u00e4ll\u00f6llisell\u00e4 tarkastuksella tarkoitetaan esimerkiksi paikkansapit\u00e4vyyden, l\u00e4hteiden luotettavuuden ja muun asiasis\u00e4ll\u00f6n arviointia. Pelkk\u00e4 oikoluku tai kieliasun tarkistaminen ei riit\u00e4.<\/p>\n<p>Merkitsemisvelvoitetta ei sovelleta tilanteisiin, joissa teko\u00e4ly\u00e4 k\u00e4ytet\u00e4\u00e4n ainoastaan olemassa olevan sis\u00e4ll\u00f6n tavanomaiseen muokkaamiseen. T\u00e4llaisella muokkauksella tarkoitetaan esimerkiksi kielen, luettavuuden, laadun tai teknisen esitystavan parantamista ilman, ett\u00e4 sis\u00e4lt\u00f6\u00f6n luodaan uutta tietoa tai sen merkityst\u00e4 muutetaan. Poikkeus koskee my\u00f6s tilanteita, joissa teko\u00e4ly ei olennaisesti muuta k\u00e4ytt\u00e4j\u00e4n toimittamaa sis\u00e4lt\u00f6\u00e4 tai sen merkityst\u00e4. Velvoite tulee sovellettavaksi vasta, kun muokkaukset vaikuttavat olennaisesti sis\u00e4ll\u00f6n merkitykseen, tyyliin tai tarkoitukseen.<\/p>\n<p>Sen sijaan merkitsemisvelvollisuus yleens\u00e4 syntyy, jos teko\u00e4ly muuttaa sis\u00e4ll\u00f6n merkityst\u00e4 tai sis\u00e4lt\u00f6\u00e4 olennaisesti. T\u00e4llaisia muutoksia ovat esimerkiksi teko\u00e4lyn laatimat k\u00e4\u00e4nn\u00f6kset ja yhteenvedot sek\u00e4 muut sis\u00e4ll\u00f6llisesti merkitt\u00e4v\u00e4t muutokset.<\/p>\n<p>L\u00e4hde: Traficom<\/p>\n<p>\t\t\t\t\t\tVinkkaa meille juttuaihe!<\/p>\n<p>                            Vinkkaa meille juttuaihe!<\/p>\n","protected":false},"excerpt":{"rendered":"Uudet teko\u00e4lyohjeet astuivat voimaan elokuun alussa.&#13; EU:n teko\u00e4lyasetuksen pohjalta on annettu uutta ohjeistusta, joka vaatii yrityksi\u00e4 merkitsem\u00e4\u00e4n selv\u00e4sti,&hellip;\n","protected":false},"author":2,"featured_media":332148,"comment_status":"","ping_status":"","sticky":false,"template":"","format":"standard","meta":{"footnotes":"","_share_on_mastodon":"0"},"categories":[76],"tags":[79,77,33,31,30,32,78,8341,8342],"class_list":["post-332147","post","type-post","status-publish","format-standard","has-post-thumbnail","category-talous","tag-business","tag-economy","tag-fi","tag-finland","tag-finnish","tag-suomi","tag-talous","tag-tekou00e4ly","tag-yrittu00e4ju00e4txtekou00e4ly"],"share_on_mastodon":{"url":"https:\/\/pubeurope.com\/@fi\/117148736099763323","error":""},"_links":{"self":[{"href":"https:\/\/www.europesays.com\/fi\/wp-json\/wp\/v2\/posts\/332147","targetHints":{"allow":["GET"]}}],"collection":[{"href":"https:\/\/www.europesays.com\/fi\/wp-json\/wp\/v2\/posts"}],"about":[{"href":"https:\/\/www.europesays.com\/fi\/wp-json\/wp\/v2\/types\/post"}],"author":[{"embeddable":true,"href":"https:\/\/www.europesays.com\/fi\/wp-json\/wp\/v2\/users\/2"}],"replies":[{"embeddable":true,"href":"https:\/\/www.europesays.com\/fi\/wp-json\/wp\/v2\/comments?post=332147"}],"version-history":[{"count":0,"href":"https:\/\/www.europesays.com\/fi\/wp-json\/wp\/v2\/posts\/332147\/revisions"}],"wp:featuredmedia":[{"embeddable":true,"href":"https:\/\/www.europesays.com\/fi\/wp-json\/wp\/v2\/media\/332148"}],"wp:attachment":[{"href":"https:\/\/www.europesays.com\/fi\/wp-json\/wp\/v2\/media?parent=332147"}],"wp:term":[{"taxonomy":"category","embeddable":true,"href":"https:\/\/www.europesays.com\/fi\/wp-json\/wp\/v2\/categories?post=332147"},{"taxonomy":"post_tag","embeddable":true,"href":"https:\/\/www.europesays.com\/fi\/wp-json\/wp\/v2\/tags?post=332147"}],"curies":[{"name":"wp","href":"https:\/\/api.w.org\/{rel}","templated":true}]}}