{"id":332307,"date":"2026-08-24T09:50:11","date_gmt":"2026-08-24T09:50:11","guid":{"rendered":"https:\/\/www.europesays.com\/fi\/332307\/"},"modified":"2026-08-24T09:50:11","modified_gmt":"2026-08-24T09:50:11","slug":"hollannin-yleisradioyhtio-jattaa-ensi-vuoden-euroviisut-valiin-uutissuomalainen","status":"publish","type":"post","link":"https:\/\/www.europesays.com\/fi\/332307\/","title":{"rendered":"Hollannin yleisradioyhti\u00f6 j\u00e4tt\u00e4\u00e4 ensi vuoden Euroviisut v\u00e4liin | Uutissuomalainen"},"content":{"rendered":"<p>Hollannin euroviisuedustuksesta vastaava yleisradioyhti\u00f6 Avrotros ei aio osallistua ensi vuoden kisaan, kertoo yhti\u00f6 <a href=\"https:\/\/pers.avrotros.nl\/dutch-public-broadcaster-avrotros-will-not-participate-in-eurovision-song-contest-2027\/\" rel=\"nofollow noopener\" target=\"_blank\">tiedotteessaan<\/a>. Yhti\u00f6n mukaan kilpailua ei en\u00e4\u00e4 voi pit\u00e4\u00e4 neutraalina, koska kansainv\u00e4liset konfliktit vaikuttavat siihen.<\/p>\n<p>\u2013\u2009On kiistatonta, ett\u00e4 kansainv\u00e4liset konfliktit vaikuttavat yh\u00e4 enenev\u00e4ss\u00e4 m\u00e4\u00e4rin kisaan, heikent\u00e4en sen neutraalia luonnetta. Eurovision laulukilpailusta on n\u00e4in ollen tullut jakautuneisuuden n\u00e4ytt\u00e4m\u00f6, perusteli Avrotrosin p\u00e4\u00e4johtaja Taco Zimmerman lausunnossa.<\/p>\n<p>Euroviisut muutti aikaisemmin kuluvassa kuussa s\u00e4\u00e4nt\u00f6j\u00e4\u00e4n muun muassa niin, ettei aseellisessa konfliktissa mukana oleva maa voi is\u00e4nn\u00f6id\u00e4 kilpailua. Avrotrosin mukaan muutokset eiv\u00e4t kuitenkaan ole riitt\u00e4vi\u00e4, jotta ne takaisivat kisan puolueettomuuden.<\/p>\n<p>Yleisradioyhti\u00f6 ei mainitse lausunnossaan suoraan Israelia. Hollanti, Islanti, Espanja, Irlanti ja Slovenia boikotoivat kuitenkin t\u00e4m\u00e4n vuoden kilpailua Israelin osallistumisen vuoksi. Israel sijoittui kisassa toiseksi niin t\u00e4n\u00e4 kuin viime vuonnakin.<\/p>\n<p>Avrotrosin mukaan Alankomaiden julkisen yleisradiotoiminnan keskusj\u00e4rjest\u00f6n NPO:n vastuulla on nyt p\u00e4\u00e4tt\u00e4\u00e4, miten ensi vuonna toimitaan.<\/p>\n<p>Hollanti on ollut mukana Euroviisuissa alusta asti. Se on voittanut kisan viidesti.<\/p>\n<p>Ensi vuoden Euroviisut j\u00e4rjestet\u00e4\u00e4n Bulgarian rannikkokaupunki Burgasissa toukokuun puoliv\u00e4liss\u00e4.<\/p>\n","protected":false},"excerpt":{"rendered":"Hollannin euroviisuedustuksesta vastaava yleisradioyhti\u00f6 Avrotros ei aio osallistua ensi vuoden kisaan, kertoo yhti\u00f6 tiedotteessaan. Yhti\u00f6n mukaan kilpailua ei&hellip;\n","protected":false},"author":2,"featured_media":332308,"comment_status":"","ping_status":"","sticky":false,"template":"","format":"standard","meta":{"footnotes":"","_share_on_mastodon":"0"},"categories":[130],"tags":[137,741,33,31,30,8518,108,763,47,637,32,397,484,109],"class_list":["post-332307","post","type-post","status-publish","format-standard","has-post-thumbnail","category-viihde","tag-entertainment","tag-eurovision-laulukilpailut","tag-fi","tag-finland","tag-finnish","tag-kansalliset-yleisradioyhtiot","tag-kulttuuri","tag-kulttuuri-ja-viihde","tag-musiikki","tag-politiikka","tag-suomi","tag-taide","tag-taiteellinen-ilmaisu-ja-mediat","tag-viihde"],"share_on_mastodon":{"url":"https:\/\/pubeurope.com\/@fi\/117149868008047058","error":""},"_links":{"self":[{"href":"https:\/\/www.europesays.com\/fi\/wp-json\/wp\/v2\/posts\/332307","targetHints":{"allow":["GET"]}}],"collection":[{"href":"https:\/\/www.europesays.com\/fi\/wp-json\/wp\/v2\/posts"}],"about":[{"href":"https:\/\/www.europesays.com\/fi\/wp-json\/wp\/v2\/types\/post"}],"author":[{"embeddable":true,"href":"https:\/\/www.europesays.com\/fi\/wp-json\/wp\/v2\/users\/2"}],"replies":[{"embeddable":true,"href":"https:\/\/www.europesays.com\/fi\/wp-json\/wp\/v2\/comments?post=332307"}],"version-history":[{"count":0,"href":"https:\/\/www.europesays.com\/fi\/wp-json\/wp\/v2\/posts\/332307\/revisions"}],"wp:featuredmedia":[{"embeddable":true,"href":"https:\/\/www.europesays.com\/fi\/wp-json\/wp\/v2\/media\/332308"}],"wp:attachment":[{"href":"https:\/\/www.europesays.com\/fi\/wp-json\/wp\/v2\/media?parent=332307"}],"wp:term":[{"taxonomy":"category","embeddable":true,"href":"https:\/\/www.europesays.com\/fi\/wp-json\/wp\/v2\/categories?post=332307"},{"taxonomy":"post_tag","embeddable":true,"href":"https:\/\/www.europesays.com\/fi\/wp-json\/wp\/v2\/tags?post=332307"}],"curies":[{"name":"wp","href":"https:\/\/api.w.org\/{rel}","templated":true}]}}